{"id":10144,"date":"2019-03-05T03:16:44","date_gmt":"2019-03-05T06:16:44","guid":{"rendered":"http:\/\/www.rtvnoticias.com.ar\/?p=10144"},"modified":"2019-03-05T03:16:55","modified_gmt":"2019-03-05T06:16:55","slug":"alfalfa-pampeana-a-emiratos-arabes","status":"publish","type":"post","link":"http:\/\/www.rtvnoticias.com.ar\/?p=10144","title":{"rendered":"Alfalfa pampeana a Emiratos \u00c1rabes"},"content":{"rendered":"\n<p style=\"text-align:center\"><strong>Moralejo en 25 de Mayo: \u201cConcretamos con \u00e9xito la primera exportaci\u00f3n a Abu Dabi. Abrimos un mercado a trav\u00e9s de producciones alternativas. Fue un trabajo de dos a\u00f1os en el que hubo que adaptarse a las exigencias de ese mercado\u201d. <\/strong><\/p>\n\n\n\n<p>Una decena de contenedores con 220 toneladas de alfalfa partir\u00e1n desde 25 de Mayo rumbo a Emiratos \u00c1rabes y esa instancia, amerit\u00f3 para que el ministro Ricardo Moralejo recordara que en mayo del 2017, junto al gobernador Carlos Verna, hab\u00edan hecho pie en el apetecible mercado \u00e1rabe y uno de los segmentos explorados entonces fue la provisi\u00f3n de alfalfa. \u201cConcretamos con \u00e9xito la primera exportaci\u00f3n a Abu Dabi. Abrimos un mercado a trav\u00e9s de producciones alternativas. Fue un trabajo de dos a\u00f1os en el que hubo que adaptarse a las exigencias de ese mercado\u201d, sostuvo.<\/p>\n\n\n\n<p>La excelencia de la alfalfa producida en la zona de 25 de Mayo despert\u00f3 el inter\u00e9s de exigentes mercados internacionales, que ahora se animan a importarla desde Argentina, puntualmente de esa zona de la Provincia.<br>\nLa alfalfa pampeana est\u00e1 considerada como una de las mejores del mundo. La calidad del producto viene siendo anticipada por los propios productores involucrados que, desde hace a\u00f1os, vienen siguiendo el recorrido desde la siembra hasta el punto final de entrega. <br>\nEl mercado de la alfalfa local hace rato super\u00f3 la situaci\u00f3n que lo acotaba a provisiones a provincias vecinas donde mayoritariamente se afincan los establecimientos dedicados a la producci\u00f3n lechera y sus derivados. El producto, as\u00ed, cruz\u00f3 las fronteras para instalarse con fuerza en varios pa\u00edses de Sudam\u00e9rica y, ahora, en el mercado \u00e1rabe.<br>\nLa producci\u00f3n del forraje, como otras actividades productivas de exigencia, pero de impacto en los mercados nacional e internacional, tiene un particular seguimiento por parte de los funcionarios del Ministerio de la Producci\u00f3n encabezado por su titular, Ricardo Moralejo, quienes la semana pasada, visitaron empresas afincadas en la zona.<br>\nDurante la visita a la empresa Curac\u00f3, el ministro puso de relieve el nivel de producci\u00f3n alcanzado a partir de una importante inversi\u00f3n en alfalfares y equipamiento para el acondicionamiento del heno logrado para exportar. Esa conjunci\u00f3n permiti\u00f3 que la firma acondicionara un primer embarque a Abu Dabi, ciudad capital de los Emiratos \u00c1rabes. \u201cEsto demuestra el potencial productivo y de comercializaci\u00f3n que se ha alcanzado; poder exportar heno de alfalfa compitiendo con importantes pa\u00edses que se dedican a lo mismo, nos d\u00e1 una idea de la competitividad que tenemos\u201d, sostuvo Moralejo.<\/p>\n\n\n\n<p>Biog\u00e1s<br>\nJunto con el intendente de 25 de Mayo, Abel Abelda\u00f1o, el ministro sigui\u00f3 de cerca tambi\u00e9n la actividad que se desarrolla en el Establecimiento San Bernardo, para la producci\u00f3n de biog\u00e1s que luego ser\u00e1 utilizado para generar hasta 2 megawatts\/hora de electricidad.<br>\nEl emprendimiento de complementaci\u00f3n p\u00fablica-privada, a decir del ministro Moralejo, se presenta como \u201cambicioso\u201d y podr\u00eda ser inaugurado en el mes de marzo del a\u00f1o pr\u00f3ximo de acuerdo a las previsiones en hechos que, reafirm\u00f3, \u201cmarcar\u00e1n un hito en la producci\u00f3n de riego en 25 de Mayo\u201d.<\/p>\n<div class=\"sharedaddy sd-sharing-enabled\"><div class=\"robots-nocontent sd-block sd-social sd-social-icon sd-sharing\"><h3 class=\"sd-title\">Comparte esto:<\/h3><div class=\"sd-content\"><ul><li class=\"share-twitter\"><a rel=\"nofollow noopener noreferrer\" data-shared=\"sharing-twitter-10144\" class=\"share-twitter sd-button share-icon no-text\" href=\"http:\/\/www.rtvnoticias.com.ar\/?p=10144&amp;share=twitter\" target=\"_blank\" title=\"Haz clic para compartir en Twitter\"><span><\/span><span class=\"sharing-screen-reader-text\">Haz clic para compartir en Twitter (Se abre en una ventana nueva)<\/span><\/a><\/li><li class=\"share-facebook\"><a rel=\"nofollow noopener noreferrer\" data-shared=\"sharing-facebook-10144\" class=\"share-facebook sd-button share-icon no-text\" href=\"http:\/\/www.rtvnoticias.com.ar\/?p=10144&amp;share=facebook\" target=\"_blank\" title=\"Haz clic para compartir en Facebook\"><span><\/span><span class=\"sharing-screen-reader-text\">Haz clic para compartir en Facebook (Se abre en una ventana nueva)<\/span><\/a><\/li><li class=\"share-jetpack-whatsapp\"><a rel=\"nofollow noopener noreferrer\" data-shared=\"\" class=\"share-jetpack-whatsapp sd-button share-icon no-text\" href=\"http:\/\/www.rtvnoticias.com.ar\/?p=10144&amp;share=jetpack-whatsapp\" target=\"_blank\" title=\"Haz clic para compartir en WhatsApp\"><span><\/span><span class=\"sharing-screen-reader-text\">Haz clic para compartir en WhatsApp (Se abre en una ventana nueva)<\/span><\/a><\/li><li class=\"share-telegram\"><a rel=\"nofollow noopener noreferrer\" data-shared=\"\" class=\"share-telegram sd-button share-icon no-text\" href=\"http:\/\/www.rtvnoticias.com.ar\/?p=10144&amp;share=telegram\" target=\"_blank\" title=\"Haz clic para compartir en Telegram\"><span><\/span><span class=\"sharing-screen-reader-text\">Haz clic para compartir en Telegram (Se abre en una ventana nueva)<\/span><\/a><\/li><li class=\"share-end\"><\/li><\/ul><\/div><\/div><\/div>","protected":false},"excerpt":{"rendered":"<p>Moralejo en 25 de Mayo: \u201cConcretamos con \u00e9xito la primera exportaci\u00f3n a Abu Dabi. Abrimos un mercado a trav\u00e9s de producciones alternativas. Fue un trabajo<\/p>\n<div class=\"sharedaddy sd-sharing-enabled\"><div class=\"robots-nocontent sd-block sd-social sd-social-icon sd-sharing\"><h3 class=\"sd-title\">Comparte esto:<\/h3><div class=\"sd-content\"><ul><li class=\"share-twitter\"><a rel=\"nofollow noopener noreferrer\" data-shared=\"sharing-twitter-10144\" class=\"share-twitter sd-button share-icon no-text\" href=\"http:\/\/www.rtvnoticias.com.ar\/?p=10144&amp;share=twitter\" target=\"_blank\" title=\"Haz clic para compartir en Twitter\"><span><\/span><span class=\"sharing-screen-reader-text\">Haz clic para compartir en Twitter (Se abre en una ventana nueva)<\/span><\/a><\/li><li class=\"share-facebook\"><a rel=\"nofollow noopener noreferrer\" data-shared=\"sharing-facebook-10144\" class=\"share-facebook sd-button share-icon no-text\" href=\"http:\/\/www.rtvnoticias.com.ar\/?p=10144&amp;share=facebook\" target=\"_blank\" title=\"Haz clic para compartir en Facebook\"><span><\/span><span class=\"sharing-screen-reader-text\">Haz clic para compartir en Facebook (Se abre en una ventana nueva)<\/span><\/a><\/li><li class=\"share-jetpack-whatsapp\"><a rel=\"nofollow noopener noreferrer\" data-shared=\"\" class=\"share-jetpack-whatsapp sd-button share-icon no-text\" href=\"http:\/\/www.rtvnoticias.com.ar\/?p=10144&amp;share=jetpack-whatsapp\" target=\"_blank\" title=\"Haz clic para compartir en WhatsApp\"><span><\/span><span class=\"sharing-screen-reader-text\">Haz clic para compartir en WhatsApp (Se abre en una ventana nueva)<\/span><\/a><\/li><li class=\"share-telegram\"><a rel=\"nofollow noopener noreferrer\" data-shared=\"\" class=\"share-telegram sd-button share-icon no-text\" href=\"http:\/\/www.rtvnoticias.com.ar\/?p=10144&amp;share=telegram\" target=\"_blank\" title=\"Haz clic para compartir en Telegram\"><span><\/span><span class=\"sharing-screen-reader-text\">Haz clic para compartir en Telegram (Se abre en una ventana nueva)<\/span><\/a><\/li><li class=\"share-end\"><\/li><\/ul><\/div><\/div><\/div>","protected":false},"author":7,"featured_media":0,"comment_status":"closed","ping_status":"closed","sticky":false,"template":"","format":"standard","meta":{"spay_email":"","jetpack_publicize_message":"","jetpack_is_tweetstorm":false,"jetpack_publicize_feature_enabled":true},"categories":[4],"tags":[476],"jetpack_featured_media_url":"","jetpack_publicize_connections":[],"jetpack_sharing_enabled":true,"_links":{"self":[{"href":"http:\/\/www.rtvnoticias.com.ar\/index.php?rest_route=\/wp\/v2\/posts\/10144"}],"collection":[{"href":"http:\/\/www.rtvnoticias.com.ar\/index.php?rest_route=\/wp\/v2\/posts"}],"about":[{"href":"http:\/\/www.rtvnoticias.com.ar\/index.php?rest_route=\/wp\/v2\/types\/post"}],"author":[{"embeddable":true,"href":"http:\/\/www.rtvnoticias.com.ar\/index.php?rest_route=\/wp\/v2\/users\/7"}],"replies":[{"embeddable":true,"href":"http:\/\/www.rtvnoticias.com.ar\/index.php?rest_route=%2Fwp%2Fv2%2Fcomments&post=10144"}],"version-history":[{"count":1,"href":"http:\/\/www.rtvnoticias.com.ar\/index.php?rest_route=\/wp\/v2\/posts\/10144\/revisions"}],"predecessor-version":[{"id":10146,"href":"http:\/\/www.rtvnoticias.com.ar\/index.php?rest_route=\/wp\/v2\/posts\/10144\/revisions\/10146"}],"wp:attachment":[{"href":"http:\/\/www.rtvnoticias.com.ar\/index.php?rest_route=%2Fwp%2Fv2%2Fmedia&parent=10144"}],"wp:term":[{"taxonomy":"category","embeddable":true,"href":"http:\/\/www.rtvnoticias.com.ar\/index.php?rest_route=%2Fwp%2Fv2%2Fcategories&post=10144"},{"taxonomy":"post_tag","embeddable":true,"href":"http:\/\/www.rtvnoticias.com.ar\/index.php?rest_route=%2Fwp%2Fv2%2Ftags&post=10144"}],"curies":[{"name":"wp","href":"https:\/\/api.w.org\/{rel}","templated":true}]}}