{"id":10162,"date":"2019-03-06T00:05:09","date_gmt":"2019-03-06T03:05:09","guid":{"rendered":"http:\/\/www.rtvnoticias.com.ar\/?p=10162"},"modified":"2019-03-05T18:20:16","modified_gmt":"2019-03-05T21:20:16","slug":"murio-esteban-righi-ex-procurador-general-de-la-nacion","status":"publish","type":"post","link":"http:\/\/www.rtvnoticias.com.ar\/?p=10162","title":{"rendered":"Muri\u00f3 Esteban Righi, ex procurador general de la Naci\u00f3n"},"content":{"rendered":"\n<p>El ex procurador general de la Naci\u00f3n durante el kirchnerismo y figura jur\u00eddica reconocida del peronismo, Esteban Righi, falleci\u00f3 a los 80 a\u00f1os, y sus restos ser\u00e1n velados en la casa velatoria ubicada en O\u00b4Higgins 2842, en el barrio de N\u00fa\u00f1ez.<\/p>\n\n\n\n<p>Righi, destacado jurista y quien fuera ministro del Interior en 1973 durante la corta presidencia de H\u00e9ctor J. C\u00e1mpora, tuvo una salida controversial del gobierno de Cristina Kirchner al renunciar tras ser cuestionado en 2012 por el entonces vicepresidente, Amado Boudou, en una conferencia de prensa ante las acusaciones por el caso Ciccone.<\/p>\n\n\n\n<p>Righi, nacido el 4 de septiembre de 1938 en la ciudad de Resistencia, supo estar al frente de la Procuraci\u00f3n General de la Naci\u00f3n en los momentos m\u00e1s tensos que enfrent\u00f3 al kirchnerismo con el Poder Judicial y las investigaciones por hechos de corrupci\u00f3n. En efecto, Righi condujo el organismo que concentra a todos los fiscales del pa\u00eds desde el 2004 designado por el entonces presidente de la Naci\u00f3n, N\u00e9stor Kirchner, y ocho a\u00f1os m\u00e1s tarde renunci\u00f3 en medio del duro cruce que gener\u00f3 el caso Ciccone entre el kirchnerismo y el Poder Judicial en los avances por las investigaciones de corrupci\u00f3n.<\/p>\n\n\n\n<p>Es que Amado Boudou, entonces Vicepresidente y hoy detenido por el caso Ciccone Calcogr\u00e1fica, dijo que desde el estudio jur\u00eddico que Righi hab\u00eda fundado como abogado le hab\u00edan ofrecido contactarse con funcionarios de la Justicia Federal para hacer frente a la causa en su contra.<\/p>\n\n\n\n<p>Righi curs\u00f3 su carrera en el derecho cuando se recibi\u00f3 de abogado en la Universidad Nacional de Buenos Aires (UBA) para m\u00e1s tarde realizar un doctorado en Derecho Penal y Disciplinas Criminol\u00f3gicas.<\/p>\n\n\n\n<p>Righi fue elegido como jefe de fiscales en 2004, por el entonces presidente de la Naci\u00f3n, N\u00e9stor Kirchner.<br><\/p>\n\n\n\n<p>El 25 de mayo de 1973 asumi\u00f3 como ministro del Interior del entonces presidente H\u00e9ctor C\u00e1mpora en su Gobierno que dur\u00f3 44 d\u00edas por lo que renunci\u00f3 Righi el 13 de julio de 1973, para luego exiliarse a M\u00e9xico ante el aparato represivo que comenz\u00f3 con la Alianza Anticomunista Argentina y luego con la asunci\u00f3n de la dictadura militar.<\/p>\n\n\n\n<p>En M\u00e9xico, Righi ejerci\u00f3 la docencia en la Universidad Aut\u00f3noma para a partir de 1983 y con el retorno de la democracia lo sigui\u00f3 haciendo en Argentina, donde fue director del Departamento de Postgrado (1996) y de la Comisi\u00f3n de Postdoctorado de la Universidad de Buenos Aires (2012).<\/p>\n\n\n\n<p>En el a\u00f1o 2016 recibi\u00f3 el Premio Konex por la categor\u00eda \u00abDerecho Administrativo, Tributario y Penal\u00bb.<\/p>\n<div class=\"sharedaddy sd-sharing-enabled\"><div class=\"robots-nocontent sd-block sd-social sd-social-icon sd-sharing\"><h3 class=\"sd-title\">Comparte esto:<\/h3><div class=\"sd-content\"><ul><li class=\"share-twitter\"><a rel=\"nofollow noopener noreferrer\" data-shared=\"sharing-twitter-10162\" class=\"share-twitter sd-button share-icon no-text\" href=\"http:\/\/www.rtvnoticias.com.ar\/?p=10162&amp;share=twitter\" target=\"_blank\" title=\"Haz clic para compartir en Twitter\"><span><\/span><span class=\"sharing-screen-reader-text\">Haz clic para compartir en Twitter (Se abre en una ventana nueva)<\/span><\/a><\/li><li class=\"share-facebook\"><a rel=\"nofollow noopener noreferrer\" data-shared=\"sharing-facebook-10162\" class=\"share-facebook sd-button share-icon no-text\" href=\"http:\/\/www.rtvnoticias.com.ar\/?p=10162&amp;share=facebook\" target=\"_blank\" title=\"Haz clic para compartir en Facebook\"><span><\/span><span class=\"sharing-screen-reader-text\">Haz clic para compartir en Facebook (Se abre en una ventana nueva)<\/span><\/a><\/li><li class=\"share-jetpack-whatsapp\"><a rel=\"nofollow noopener noreferrer\" data-shared=\"\" class=\"share-jetpack-whatsapp sd-button share-icon no-text\" href=\"http:\/\/www.rtvnoticias.com.ar\/?p=10162&amp;share=jetpack-whatsapp\" target=\"_blank\" title=\"Haz clic para compartir en WhatsApp\"><span><\/span><span class=\"sharing-screen-reader-text\">Haz clic para compartir en WhatsApp (Se abre en una ventana nueva)<\/span><\/a><\/li><li class=\"share-telegram\"><a rel=\"nofollow noopener noreferrer\" data-shared=\"\" class=\"share-telegram sd-button share-icon no-text\" href=\"http:\/\/www.rtvnoticias.com.ar\/?p=10162&amp;share=telegram\" target=\"_blank\" title=\"Haz clic para compartir en Telegram\"><span><\/span><span class=\"sharing-screen-reader-text\">Haz clic para compartir en Telegram (Se abre en una ventana nueva)<\/span><\/a><\/li><li class=\"share-end\"><\/li><\/ul><\/div><\/div><\/div>","protected":false},"excerpt":{"rendered":"<p>El ex procurador general de la Naci\u00f3n durante el kirchnerismo y figura jur\u00eddica reconocida del peronismo, Esteban Righi, falleci\u00f3 a los 80 a\u00f1os, y sus<\/p>\n<div class=\"sharedaddy sd-sharing-enabled\"><div class=\"robots-nocontent sd-block sd-social sd-social-icon sd-sharing\"><h3 class=\"sd-title\">Comparte esto:<\/h3><div class=\"sd-content\"><ul><li class=\"share-twitter\"><a rel=\"nofollow noopener noreferrer\" data-shared=\"sharing-twitter-10162\" class=\"share-twitter sd-button share-icon no-text\" href=\"http:\/\/www.rtvnoticias.com.ar\/?p=10162&amp;share=twitter\" target=\"_blank\" title=\"Haz clic para compartir en Twitter\"><span><\/span><span class=\"sharing-screen-reader-text\">Haz clic para compartir en Twitter (Se abre en una ventana nueva)<\/span><\/a><\/li><li class=\"share-facebook\"><a rel=\"nofollow noopener noreferrer\" data-shared=\"sharing-facebook-10162\" class=\"share-facebook sd-button share-icon no-text\" href=\"http:\/\/www.rtvnoticias.com.ar\/?p=10162&amp;share=facebook\" target=\"_blank\" title=\"Haz clic para compartir en Facebook\"><span><\/span><span class=\"sharing-screen-reader-text\">Haz clic para compartir en Facebook (Se abre en una ventana nueva)<\/span><\/a><\/li><li class=\"share-jetpack-whatsapp\"><a rel=\"nofollow noopener noreferrer\" data-shared=\"\" class=\"share-jetpack-whatsapp sd-button share-icon no-text\" href=\"http:\/\/www.rtvnoticias.com.ar\/?p=10162&amp;share=jetpack-whatsapp\" target=\"_blank\" title=\"Haz clic para compartir en WhatsApp\"><span><\/span><span class=\"sharing-screen-reader-text\">Haz clic para compartir en WhatsApp (Se abre en una ventana nueva)<\/span><\/a><\/li><li class=\"share-telegram\"><a rel=\"nofollow noopener noreferrer\" data-shared=\"\" class=\"share-telegram sd-button share-icon no-text\" href=\"http:\/\/www.rtvnoticias.com.ar\/?p=10162&amp;share=telegram\" target=\"_blank\" title=\"Haz clic para compartir en Telegram\"><span><\/span><span class=\"sharing-screen-reader-text\">Haz clic para compartir en Telegram (Se abre en una ventana nueva)<\/span><\/a><\/li><li class=\"share-end\"><\/li><\/ul><\/div><\/div><\/div>","protected":false},"author":7,"featured_media":0,"comment_status":"closed","ping_status":"closed","sticky":false,"template":"","format":"standard","meta":{"spay_email":"","jetpack_publicize_message":"","jetpack_is_tweetstorm":false,"jetpack_publicize_feature_enabled":true},"categories":[5],"tags":[],"jetpack_featured_media_url":"","jetpack_publicize_connections":[],"jetpack_sharing_enabled":true,"_links":{"self":[{"href":"http:\/\/www.rtvnoticias.com.ar\/index.php?rest_route=\/wp\/v2\/posts\/10162"}],"collection":[{"href":"http:\/\/www.rtvnoticias.com.ar\/index.php?rest_route=\/wp\/v2\/posts"}],"about":[{"href":"http:\/\/www.rtvnoticias.com.ar\/index.php?rest_route=\/wp\/v2\/types\/post"}],"author":[{"embeddable":true,"href":"http:\/\/www.rtvnoticias.com.ar\/index.php?rest_route=\/wp\/v2\/users\/7"}],"replies":[{"embeddable":true,"href":"http:\/\/www.rtvnoticias.com.ar\/index.php?rest_route=%2Fwp%2Fv2%2Fcomments&post=10162"}],"version-history":[{"count":1,"href":"http:\/\/www.rtvnoticias.com.ar\/index.php?rest_route=\/wp\/v2\/posts\/10162\/revisions"}],"predecessor-version":[{"id":10164,"href":"http:\/\/www.rtvnoticias.com.ar\/index.php?rest_route=\/wp\/v2\/posts\/10162\/revisions\/10164"}],"wp:attachment":[{"href":"http:\/\/www.rtvnoticias.com.ar\/index.php?rest_route=%2Fwp%2Fv2%2Fmedia&parent=10162"}],"wp:term":[{"taxonomy":"category","embeddable":true,"href":"http:\/\/www.rtvnoticias.com.ar\/index.php?rest_route=%2Fwp%2Fv2%2Fcategories&post=10162"},{"taxonomy":"post_tag","embeddable":true,"href":"http:\/\/www.rtvnoticias.com.ar\/index.php?rest_route=%2Fwp%2Fv2%2Ftags&post=10162"}],"curies":[{"name":"wp","href":"https:\/\/api.w.org\/{rel}","templated":true}]}}