{"id":10166,"date":"2019-03-06T00:10:39","date_gmt":"2019-03-06T03:10:39","guid":{"rendered":"http:\/\/www.rtvnoticias.com.ar\/?p=10166"},"modified":"2019-03-05T18:28:14","modified_gmt":"2019-03-05T21:28:14","slug":"anses-cronograma-de-pagos-de-la-asignacion-universal-por-hijo-en-marzo","status":"publish","type":"post","link":"http:\/\/www.rtvnoticias.com.ar\/?p=10166","title":{"rendered":"Anses: Cronograma de pagos de la Asignaci\u00f3n Universal por Hijo en marzo"},"content":{"rendered":"\n<p style=\"text-align:center\"><strong>La Administraci\u00f3n Nacional de Seguridad Social public\u00f3 el calendario de las fechas de pago seg\u00fan la terminaci\u00f3n del DNI. A partir de este mes, el beneficio aumenta un 46 por ciento.<\/strong><br><\/p>\n\n\n\n<p>La Administraci\u00f3n Nacional de la Seguridad Social (ANSES) inform\u00f3 el calendario de pagos para los beneficiarios de la Asignaci\u00f3n Universal por Hijo previsto para marzo de 2019.<\/p>\n\n\n\n<p>A partir de este mes, el subsidio aumenta 46 por ciento tal como lo anunci\u00f3 el presidente Mauricio Macri en la apertura de sesiones ordinarias.<\/p>\n\n\n\n<p>El cronograma alcanza a aquellos que tienen asignaciones por Embarazo o son beneficiarios de las becas del plan Progresar.<\/p>\n\n\n\n<p>Seg\u00fan inform\u00f3 ANSES, los beneficiarios de la Asignaci\u00f3n Universal por Hijo y Embarazo para Protecci\u00f3n Social cobrar\u00e1n:<\/p>\n\n\n\n<p>DNI     Cobro en correo     Cobro en banco<br> 0            08\/03                             12\/03<br> 1            11\/03                             13\/03<br> 2            12\/03                             14\/03<br> 3            13\/03                             15\/03<br> 4            14\/03                             18\/03<br> 5            15\/03                             19\/03<br> 6            18\/03                             20\/03<br> 7            19\/03                             20\/03<br> 8            20\/03                             21\/03<br> 9            21\/03                             21\/03<\/p>\n\n\n\n<p>Macri anunci\u00f3 un aumento de 46 por ciento en la AUH. De esta forma, el subsidio que reciben m\u00e1s de 4 millones de ni\u00f1os y ni\u00f1as pasar\u00e1 de los actuales 1816 a 2644 pesos mensuales. En marzo, por ley, deber\u00eda haber subido 214 hasta 2030 pesos.<\/p>\n\n\n\n<p>El nivel de ingreso se mantendr\u00e1 hasta fin de a\u00f1o, sin nuevos incrementos en junio, septiembre y diciembre. La medida significa una erogaci\u00f3n adicional de 15.000 millones de pesos en comparaci\u00f3n con lo que se habr\u00eda gastado sin anticipo de las subas. Esto implica concentrar en el tercer mes del a\u00f1o, las cuatro subas que dispone la ley.<\/p>\n\n\n\n<p>En <strong>La Pampa<\/strong>, Chubut, Neuqu\u00e9n, R\u00edo Negro, Santa Cruz, Tierra del Fuego y Patagones, provincia de Buenos Aires, la AUH aumentar\u00e1 de 2361 a 3435 pesos. La suba no alcanzar\u00e1 a las asignaciones familiares ni a la asignaci\u00f3n por hijo con discapacidad.<\/p>\n<div class=\"sharedaddy sd-sharing-enabled\"><div class=\"robots-nocontent sd-block sd-social sd-social-icon sd-sharing\"><h3 class=\"sd-title\">Comparte esto:<\/h3><div class=\"sd-content\"><ul><li class=\"share-twitter\"><a rel=\"nofollow noopener noreferrer\" data-shared=\"sharing-twitter-10166\" class=\"share-twitter sd-button share-icon no-text\" href=\"http:\/\/www.rtvnoticias.com.ar\/?p=10166&amp;share=twitter\" target=\"_blank\" title=\"Haz clic para compartir en Twitter\"><span><\/span><span class=\"sharing-screen-reader-text\">Haz clic para compartir en Twitter (Se abre en una ventana nueva)<\/span><\/a><\/li><li class=\"share-facebook\"><a rel=\"nofollow noopener noreferrer\" data-shared=\"sharing-facebook-10166\" class=\"share-facebook sd-button share-icon no-text\" href=\"http:\/\/www.rtvnoticias.com.ar\/?p=10166&amp;share=facebook\" target=\"_blank\" title=\"Haz clic para compartir en Facebook\"><span><\/span><span class=\"sharing-screen-reader-text\">Haz clic para compartir en Facebook (Se abre en una ventana nueva)<\/span><\/a><\/li><li class=\"share-jetpack-whatsapp\"><a rel=\"nofollow noopener noreferrer\" data-shared=\"\" class=\"share-jetpack-whatsapp sd-button share-icon no-text\" href=\"http:\/\/www.rtvnoticias.com.ar\/?p=10166&amp;share=jetpack-whatsapp\" target=\"_blank\" title=\"Haz clic para compartir en WhatsApp\"><span><\/span><span class=\"sharing-screen-reader-text\">Haz clic para compartir en WhatsApp (Se abre en una ventana nueva)<\/span><\/a><\/li><li class=\"share-telegram\"><a rel=\"nofollow noopener noreferrer\" data-shared=\"\" class=\"share-telegram sd-button share-icon no-text\" href=\"http:\/\/www.rtvnoticias.com.ar\/?p=10166&amp;share=telegram\" target=\"_blank\" title=\"Haz clic para compartir en Telegram\"><span><\/span><span class=\"sharing-screen-reader-text\">Haz clic para compartir en Telegram (Se abre en una ventana nueva)<\/span><\/a><\/li><li class=\"share-end\"><\/li><\/ul><\/div><\/div><\/div>","protected":false},"excerpt":{"rendered":"<p>La Administraci\u00f3n Nacional de Seguridad Social public\u00f3 el calendario de las fechas de pago seg\u00fan la terminaci\u00f3n del DNI. A partir de este mes, el<\/p>\n<div class=\"sharedaddy sd-sharing-enabled\"><div class=\"robots-nocontent sd-block sd-social sd-social-icon sd-sharing\"><h3 class=\"sd-title\">Comparte esto:<\/h3><div class=\"sd-content\"><ul><li class=\"share-twitter\"><a rel=\"nofollow noopener noreferrer\" data-shared=\"sharing-twitter-10166\" class=\"share-twitter sd-button share-icon no-text\" href=\"http:\/\/www.rtvnoticias.com.ar\/?p=10166&amp;share=twitter\" target=\"_blank\" title=\"Haz clic para compartir en Twitter\"><span><\/span><span class=\"sharing-screen-reader-text\">Haz clic para compartir en Twitter (Se abre en una ventana nueva)<\/span><\/a><\/li><li class=\"share-facebook\"><a rel=\"nofollow noopener noreferrer\" data-shared=\"sharing-facebook-10166\" class=\"share-facebook sd-button share-icon no-text\" href=\"http:\/\/www.rtvnoticias.com.ar\/?p=10166&amp;share=facebook\" target=\"_blank\" title=\"Haz clic para compartir en Facebook\"><span><\/span><span class=\"sharing-screen-reader-text\">Haz clic para compartir en Facebook (Se abre en una ventana nueva)<\/span><\/a><\/li><li class=\"share-jetpack-whatsapp\"><a rel=\"nofollow noopener noreferrer\" data-shared=\"\" class=\"share-jetpack-whatsapp sd-button share-icon no-text\" href=\"http:\/\/www.rtvnoticias.com.ar\/?p=10166&amp;share=jetpack-whatsapp\" target=\"_blank\" title=\"Haz clic para compartir en WhatsApp\"><span><\/span><span class=\"sharing-screen-reader-text\">Haz clic para compartir en WhatsApp (Se abre en una ventana nueva)<\/span><\/a><\/li><li class=\"share-telegram\"><a rel=\"nofollow noopener noreferrer\" data-shared=\"\" class=\"share-telegram sd-button share-icon no-text\" href=\"http:\/\/www.rtvnoticias.com.ar\/?p=10166&amp;share=telegram\" target=\"_blank\" title=\"Haz clic para compartir en Telegram\"><span><\/span><span class=\"sharing-screen-reader-text\">Haz clic para compartir en Telegram (Se abre en una ventana nueva)<\/span><\/a><\/li><li class=\"share-end\"><\/li><\/ul><\/div><\/div><\/div>","protected":false},"author":7,"featured_media":0,"comment_status":"closed","ping_status":"closed","sticky":false,"template":"","format":"standard","meta":{"spay_email":"","jetpack_publicize_message":"","jetpack_is_tweetstorm":false,"jetpack_publicize_feature_enabled":true},"categories":[5],"tags":[],"jetpack_featured_media_url":"","jetpack_publicize_connections":[],"jetpack_sharing_enabled":true,"_links":{"self":[{"href":"http:\/\/www.rtvnoticias.com.ar\/index.php?rest_route=\/wp\/v2\/posts\/10166"}],"collection":[{"href":"http:\/\/www.rtvnoticias.com.ar\/index.php?rest_route=\/wp\/v2\/posts"}],"about":[{"href":"http:\/\/www.rtvnoticias.com.ar\/index.php?rest_route=\/wp\/v2\/types\/post"}],"author":[{"embeddable":true,"href":"http:\/\/www.rtvnoticias.com.ar\/index.php?rest_route=\/wp\/v2\/users\/7"}],"replies":[{"embeddable":true,"href":"http:\/\/www.rtvnoticias.com.ar\/index.php?rest_route=%2Fwp%2Fv2%2Fcomments&post=10166"}],"version-history":[{"count":1,"href":"http:\/\/www.rtvnoticias.com.ar\/index.php?rest_route=\/wp\/v2\/posts\/10166\/revisions"}],"predecessor-version":[{"id":10167,"href":"http:\/\/www.rtvnoticias.com.ar\/index.php?rest_route=\/wp\/v2\/posts\/10166\/revisions\/10167"}],"wp:attachment":[{"href":"http:\/\/www.rtvnoticias.com.ar\/index.php?rest_route=%2Fwp%2Fv2%2Fmedia&parent=10166"}],"wp:term":[{"taxonomy":"category","embeddable":true,"href":"http:\/\/www.rtvnoticias.com.ar\/index.php?rest_route=%2Fwp%2Fv2%2Fcategories&post=10166"},{"taxonomy":"post_tag","embeddable":true,"href":"http:\/\/www.rtvnoticias.com.ar\/index.php?rest_route=%2Fwp%2Fv2%2Ftags&post=10166"}],"curies":[{"name":"wp","href":"https:\/\/api.w.org\/{rel}","templated":true}]}}