{"id":10168,"date":"2019-03-05T18:33:04","date_gmt":"2019-03-05T21:33:04","guid":{"rendered":"http:\/\/www.rtvnoticias.com.ar\/?p=10168"},"modified":"2019-03-05T18:33:08","modified_gmt":"2019-03-05T21:33:08","slug":"paritarias-se-reprogramo-para-el-proximo-viernes","status":"publish","type":"post","link":"http:\/\/www.rtvnoticias.com.ar\/?p=10168","title":{"rendered":"Paritarias: se reprogram\u00f3 para el pr\u00f3ximo viernes"},"content":{"rendered":"\n<p>La Subsecretar\u00eda de Trabajo de La Pampa reprogram\u00f3 para el pr\u00f3ximo viernes la convocatoria de la paritaria que, en principio, hab\u00eda hecho para este mi\u00e9rcoles. Los docentes hab\u00edan pedido anticipar la fecha porque ester mi\u00e9rcoles est\u00e1n en plena medida de fuerza, aunque finalmente el gobierno provincial la posterg\u00f3 48 horas. Como pretenden negociar en forma igualitaria con el resto de los gremios estatales, tambi\u00e9n el encuentro con estas organizaciones se aplaz\u00f3 para este viernes.<\/p>\n\n\n\n<p>La Mesa Intersindical, que componen los gremios de trabajadores y trabajadoras estatales, se reuni\u00f3 en la sede de SIPOS la semana pasada para preparar la primera reuni\u00f3n de paritaria del a\u00f1o. Los representantes gremiales elevaron al Gobierno Provincial un temario de 13 puntos, aunque en la convocatoria oficial solo hicieron referencia a uno, que es el relacionado con la discusi\u00f3n salarial.<\/p>\n\n\n\n<p>Los gremios pretenden fijar una pauta trimestral, para ir cubriendo con reajustes el proceso inflacionario. Para eso tambi\u00e9n plantear\u00e1n un mecanismo de cl\u00e1usula gatillo.<\/p>\n\n\n\n<p>Adem\u00e1s de la pauta salarial, los gremios quieren hablar del blanqueo de sumas, actualizaci\u00f3n de la asignaci\u00f3n familiar, rediscusi\u00f3n de la escala salarial 643, convenios colectivos y apertura de paritarias sectoriales, entre otros.<\/p>\n\n\n\n<p>La semana pasada, la Subsecretar\u00eda de Trabajo convoc\u00f3 a las mesas paritarias de los estatales y la de los docentes para tratar la pauta salarial de 2019. El a\u00f1o pasado, el acuerdo fue para el primer semestre con cl\u00e1usula gatillo. Los aumentos que recibieron los estatales pampeanos siguieron el ritmo de la inflaci\u00f3n, que el a\u00f1o pasado lleg\u00f3 al 47,6%.<\/p>\n\n\n\n<p>Fuente: El Diario de La Pampa<\/p>\n<div class=\"sharedaddy sd-sharing-enabled\"><div class=\"robots-nocontent sd-block sd-social sd-social-icon sd-sharing\"><h3 class=\"sd-title\">Comparte esto:<\/h3><div class=\"sd-content\"><ul><li class=\"share-twitter\"><a rel=\"nofollow noopener noreferrer\" data-shared=\"sharing-twitter-10168\" class=\"share-twitter sd-button share-icon no-text\" href=\"http:\/\/www.rtvnoticias.com.ar\/?p=10168&amp;share=twitter\" target=\"_blank\" title=\"Haz clic para compartir en Twitter\"><span><\/span><span class=\"sharing-screen-reader-text\">Haz clic para compartir en Twitter (Se abre en una ventana nueva)<\/span><\/a><\/li><li class=\"share-facebook\"><a rel=\"nofollow noopener noreferrer\" data-shared=\"sharing-facebook-10168\" class=\"share-facebook sd-button share-icon no-text\" href=\"http:\/\/www.rtvnoticias.com.ar\/?p=10168&amp;share=facebook\" target=\"_blank\" title=\"Haz clic para compartir en Facebook\"><span><\/span><span class=\"sharing-screen-reader-text\">Haz clic para compartir en Facebook (Se abre en una ventana nueva)<\/span><\/a><\/li><li class=\"share-jetpack-whatsapp\"><a rel=\"nofollow noopener noreferrer\" data-shared=\"\" class=\"share-jetpack-whatsapp sd-button share-icon no-text\" href=\"http:\/\/www.rtvnoticias.com.ar\/?p=10168&amp;share=jetpack-whatsapp\" target=\"_blank\" title=\"Haz clic para compartir en WhatsApp\"><span><\/span><span class=\"sharing-screen-reader-text\">Haz clic para compartir en WhatsApp (Se abre en una ventana nueva)<\/span><\/a><\/li><li class=\"share-telegram\"><a rel=\"nofollow noopener noreferrer\" data-shared=\"\" class=\"share-telegram sd-button share-icon no-text\" href=\"http:\/\/www.rtvnoticias.com.ar\/?p=10168&amp;share=telegram\" target=\"_blank\" title=\"Haz clic para compartir en Telegram\"><span><\/span><span class=\"sharing-screen-reader-text\">Haz clic para compartir en Telegram (Se abre en una ventana nueva)<\/span><\/a><\/li><li class=\"share-end\"><\/li><\/ul><\/div><\/div><\/div>","protected":false},"excerpt":{"rendered":"<p>La Subsecretar\u00eda de Trabajo de La Pampa reprogram\u00f3 para el pr\u00f3ximo viernes la convocatoria de la paritaria que, en principio, hab\u00eda hecho para este mi\u00e9rcoles.<\/p>\n<div class=\"sharedaddy sd-sharing-enabled\"><div class=\"robots-nocontent sd-block sd-social sd-social-icon sd-sharing\"><h3 class=\"sd-title\">Comparte esto:<\/h3><div class=\"sd-content\"><ul><li class=\"share-twitter\"><a rel=\"nofollow noopener noreferrer\" data-shared=\"sharing-twitter-10168\" class=\"share-twitter sd-button share-icon no-text\" href=\"http:\/\/www.rtvnoticias.com.ar\/?p=10168&amp;share=twitter\" target=\"_blank\" title=\"Haz clic para compartir en Twitter\"><span><\/span><span class=\"sharing-screen-reader-text\">Haz clic para compartir en Twitter (Se abre en una ventana nueva)<\/span><\/a><\/li><li class=\"share-facebook\"><a rel=\"nofollow noopener noreferrer\" data-shared=\"sharing-facebook-10168\" class=\"share-facebook sd-button share-icon no-text\" href=\"http:\/\/www.rtvnoticias.com.ar\/?p=10168&amp;share=facebook\" target=\"_blank\" title=\"Haz clic para compartir en Facebook\"><span><\/span><span class=\"sharing-screen-reader-text\">Haz clic para compartir en Facebook (Se abre en una ventana nueva)<\/span><\/a><\/li><li class=\"share-jetpack-whatsapp\"><a rel=\"nofollow noopener noreferrer\" data-shared=\"\" class=\"share-jetpack-whatsapp sd-button share-icon no-text\" href=\"http:\/\/www.rtvnoticias.com.ar\/?p=10168&amp;share=jetpack-whatsapp\" target=\"_blank\" title=\"Haz clic para compartir en WhatsApp\"><span><\/span><span class=\"sharing-screen-reader-text\">Haz clic para compartir en WhatsApp (Se abre en una ventana nueva)<\/span><\/a><\/li><li class=\"share-telegram\"><a rel=\"nofollow noopener noreferrer\" data-shared=\"\" class=\"share-telegram sd-button share-icon no-text\" href=\"http:\/\/www.rtvnoticias.com.ar\/?p=10168&amp;share=telegram\" target=\"_blank\" title=\"Haz clic para compartir en Telegram\"><span><\/span><span class=\"sharing-screen-reader-text\">Haz clic para compartir en Telegram (Se abre en una ventana nueva)<\/span><\/a><\/li><li class=\"share-end\"><\/li><\/ul><\/div><\/div><\/div>","protected":false},"author":7,"featured_media":0,"comment_status":"closed","ping_status":"closed","sticky":false,"template":"","format":"standard","meta":{"spay_email":"","jetpack_publicize_message":"","jetpack_is_tweetstorm":false,"jetpack_publicize_feature_enabled":true},"categories":[4],"tags":[],"jetpack_featured_media_url":"","jetpack_publicize_connections":[],"jetpack_sharing_enabled":true,"_links":{"self":[{"href":"http:\/\/www.rtvnoticias.com.ar\/index.php?rest_route=\/wp\/v2\/posts\/10168"}],"collection":[{"href":"http:\/\/www.rtvnoticias.com.ar\/index.php?rest_route=\/wp\/v2\/posts"}],"about":[{"href":"http:\/\/www.rtvnoticias.com.ar\/index.php?rest_route=\/wp\/v2\/types\/post"}],"author":[{"embeddable":true,"href":"http:\/\/www.rtvnoticias.com.ar\/index.php?rest_route=\/wp\/v2\/users\/7"}],"replies":[{"embeddable":true,"href":"http:\/\/www.rtvnoticias.com.ar\/index.php?rest_route=%2Fwp%2Fv2%2Fcomments&post=10168"}],"version-history":[{"count":1,"href":"http:\/\/www.rtvnoticias.com.ar\/index.php?rest_route=\/wp\/v2\/posts\/10168\/revisions"}],"predecessor-version":[{"id":10170,"href":"http:\/\/www.rtvnoticias.com.ar\/index.php?rest_route=\/wp\/v2\/posts\/10168\/revisions\/10170"}],"wp:attachment":[{"href":"http:\/\/www.rtvnoticias.com.ar\/index.php?rest_route=%2Fwp%2Fv2%2Fmedia&parent=10168"}],"wp:term":[{"taxonomy":"category","embeddable":true,"href":"http:\/\/www.rtvnoticias.com.ar\/index.php?rest_route=%2Fwp%2Fv2%2Fcategories&post=10168"},{"taxonomy":"post_tag","embeddable":true,"href":"http:\/\/www.rtvnoticias.com.ar\/index.php?rest_route=%2Fwp%2Fv2%2Ftags&post=10168"}],"curies":[{"name":"wp","href":"https:\/\/api.w.org\/{rel}","templated":true}]}}