{"id":10318,"date":"2019-03-12T00:22:33","date_gmt":"2019-03-12T03:22:33","guid":{"rendered":"http:\/\/www.rtvnoticias.com.ar\/?p=10318"},"modified":"2019-03-11T17:32:30","modified_gmt":"2019-03-11T20:32:30","slug":"capacitan-en-informacion-criminalistica","status":"publish","type":"post","link":"http:\/\/www.rtvnoticias.com.ar\/?p=10318","title":{"rendered":"Capacitan en informaci\u00f3n criminal\u00edstica"},"content":{"rendered":"\n<p> Con el objetivo de brindar herramientas conceptuales y t\u00e9cnicas a los usuarios del Sistema Nacional de Informaci\u00f3n Criminal se present\u00f3 la Jornada de Capacitaci\u00f3n en Informaci\u00f3n Criminal\u00edstica a cargo de representantes de la Subsecretar\u00eda de Estad\u00edstica Criminal y Direcci\u00f3n del Sistema Nacional de Informaci\u00f3n Criminal.<\/p>\n\n\n\n<p>En la apertura estuvieron presentes, el ministro de Seguridad de la Provincia, Julio Gonz\u00e1lez; el subsecretario de Prevenci\u00f3n de Adicciones y Lucha contra el Narcotrafico, Agustin Garc\u00eda, el jefe de Policia, Roberto Ayala y las disertantes Nadia G\u00f3mez y Cecilia Samanes.<\/p>\n\n\n\n<p>La capacitaci\u00f3n destinada al personal de las Unidades Regionales y del Departamento Judicial del Comando de Jefatura, tiene como objetivo, brindar herramientas conceptuales y t\u00e9cnicas a los usuarios del sistema, que redunden en la mejora de los sistemas provinciales y nacionales de informaci\u00f3n criminal.<\/p>\n\n\n\n<p>Se busca mejorar el proceso de generaci\u00f3n y consolidaci\u00f3n de la informaci\u00f3n criminal; incrementar la cobertura y calidad de la formaci\u00f3n del sistema nacional de informaci\u00f3n criminal; generar un espacio de intercambio, con los distintos usuarios de las fuerzas, que permita la identificaci\u00f3n de eficiencias y potenciales mejoras de los circuitos de informaci\u00f3n; realizar recomendaciones y sugerencias, de la base de la gesti\u00f3n propia de la Provincia y fortalecer datos institucionales entre las Subsecretaria y las respectivas \u00e1reas de estad\u00edsticas provinciales.<\/p>\n\n\n\n<p>En tanto, Gonz\u00e1lez destac\u00f3, que se estableci\u00f3 la realizaci\u00f3n de actividades de asistencia t\u00e9cnica orientadas a promover buenas pr\u00e1cticas para la recolecci\u00f3n, registraci\u00f3n, gesti\u00f3n y control de los datos de las juridicciones que componen el sistema nacional de informaci\u00f3n criminal.<\/p>\n\n\n\n<p>\u201cSe propone desarrollar actividades de asistencia t\u00e9cnica del sistema nacional de informaci\u00f3n criminal, en las que se abordan aspectos conceptuales t\u00e9cnicos del mencionado sistema, en funci\u00f3n de las particularidades y situaciones puntuales de cada juridicci\u00f3n, en la que se implemente la actividad y tiene como destinatario, al personal involucrado en la gesti\u00f3n y remisi\u00f3n de datos al sistema nacional de informaci\u00f3n criminal\u201d, explic\u00f3.<\/p>\n\n\n\n<p>A trav\u00e9s del personal capacitado, se buscar\u00e1 estandarizar la carga de datos en todo el pa\u00eds. \u201cTodos los delitos, la parte t\u00e9cnica, robo, hurto, sobre todo homicidios. Esto ha surgido de reuniones de los ministros de las provincias, con la ministra de Seguridad Nacional, para unificar algunos criterios para la carga. Es una jornada de actualizaci\u00f3n. Siempre estamos receptivos a este tipo de capacitaciones. La informaci\u00f3n se procesa, sirve para estad\u00edsticas propias, pero tambi\u00e9n para que se traslade al sistema nacional de todo el pa\u00eds y sirve para formar nuevas estrategias, comprar nuevas herramientas y trabajar en pol\u00edticas p\u00fablicas\u201d, cerr\u00f3. <\/p>\n<div class=\"sharedaddy sd-sharing-enabled\"><div class=\"robots-nocontent sd-block sd-social sd-social-icon sd-sharing\"><h3 class=\"sd-title\">Comparte esto:<\/h3><div class=\"sd-content\"><ul><li class=\"share-twitter\"><a rel=\"nofollow noopener noreferrer\" data-shared=\"sharing-twitter-10318\" class=\"share-twitter sd-button share-icon no-text\" href=\"http:\/\/www.rtvnoticias.com.ar\/?p=10318&amp;share=twitter\" target=\"_blank\" title=\"Haz clic para compartir en Twitter\"><span><\/span><span class=\"sharing-screen-reader-text\">Haz clic para compartir en Twitter (Se abre en una ventana nueva)<\/span><\/a><\/li><li class=\"share-facebook\"><a rel=\"nofollow noopener noreferrer\" data-shared=\"sharing-facebook-10318\" class=\"share-facebook sd-button share-icon no-text\" href=\"http:\/\/www.rtvnoticias.com.ar\/?p=10318&amp;share=facebook\" target=\"_blank\" title=\"Haz clic para compartir en Facebook\"><span><\/span><span class=\"sharing-screen-reader-text\">Haz clic para compartir en Facebook (Se abre en una ventana nueva)<\/span><\/a><\/li><li class=\"share-jetpack-whatsapp\"><a rel=\"nofollow noopener noreferrer\" data-shared=\"\" class=\"share-jetpack-whatsapp sd-button share-icon no-text\" href=\"http:\/\/www.rtvnoticias.com.ar\/?p=10318&amp;share=jetpack-whatsapp\" target=\"_blank\" title=\"Haz clic para compartir en WhatsApp\"><span><\/span><span class=\"sharing-screen-reader-text\">Haz clic para compartir en WhatsApp (Se abre en una ventana nueva)<\/span><\/a><\/li><li class=\"share-telegram\"><a rel=\"nofollow noopener noreferrer\" data-shared=\"\" class=\"share-telegram sd-button share-icon no-text\" href=\"http:\/\/www.rtvnoticias.com.ar\/?p=10318&amp;share=telegram\" target=\"_blank\" title=\"Haz clic para compartir en Telegram\"><span><\/span><span class=\"sharing-screen-reader-text\">Haz clic para compartir en Telegram (Se abre en una ventana nueva)<\/span><\/a><\/li><li class=\"share-end\"><\/li><\/ul><\/div><\/div><\/div>","protected":false},"excerpt":{"rendered":"<p>Con el objetivo de brindar herramientas conceptuales y t\u00e9cnicas a los usuarios del Sistema Nacional de Informaci\u00f3n Criminal se present\u00f3 la Jornada de Capacitaci\u00f3n en<\/p>\n<div class=\"sharedaddy sd-sharing-enabled\"><div class=\"robots-nocontent sd-block sd-social sd-social-icon sd-sharing\"><h3 class=\"sd-title\">Comparte esto:<\/h3><div class=\"sd-content\"><ul><li class=\"share-twitter\"><a rel=\"nofollow noopener noreferrer\" data-shared=\"sharing-twitter-10318\" class=\"share-twitter sd-button share-icon no-text\" href=\"http:\/\/www.rtvnoticias.com.ar\/?p=10318&amp;share=twitter\" target=\"_blank\" title=\"Haz clic para compartir en Twitter\"><span><\/span><span class=\"sharing-screen-reader-text\">Haz clic para compartir en Twitter (Se abre en una ventana nueva)<\/span><\/a><\/li><li class=\"share-facebook\"><a rel=\"nofollow noopener noreferrer\" data-shared=\"sharing-facebook-10318\" class=\"share-facebook sd-button share-icon no-text\" href=\"http:\/\/www.rtvnoticias.com.ar\/?p=10318&amp;share=facebook\" target=\"_blank\" title=\"Haz clic para compartir en Facebook\"><span><\/span><span class=\"sharing-screen-reader-text\">Haz clic para compartir en Facebook (Se abre en una ventana nueva)<\/span><\/a><\/li><li class=\"share-jetpack-whatsapp\"><a rel=\"nofollow noopener noreferrer\" data-shared=\"\" class=\"share-jetpack-whatsapp sd-button share-icon no-text\" href=\"http:\/\/www.rtvnoticias.com.ar\/?p=10318&amp;share=jetpack-whatsapp\" target=\"_blank\" title=\"Haz clic para compartir en WhatsApp\"><span><\/span><span class=\"sharing-screen-reader-text\">Haz clic para compartir en WhatsApp (Se abre en una ventana nueva)<\/span><\/a><\/li><li class=\"share-telegram\"><a rel=\"nofollow noopener noreferrer\" data-shared=\"\" class=\"share-telegram sd-button share-icon no-text\" href=\"http:\/\/www.rtvnoticias.com.ar\/?p=10318&amp;share=telegram\" target=\"_blank\" title=\"Haz clic para compartir en Telegram\"><span><\/span><span class=\"sharing-screen-reader-text\">Haz clic para compartir en Telegram (Se abre en una ventana nueva)<\/span><\/a><\/li><li class=\"share-end\"><\/li><\/ul><\/div><\/div><\/div>","protected":false},"author":5,"featured_media":0,"comment_status":"closed","ping_status":"closed","sticky":false,"template":"","format":"standard","meta":{"spay_email":"","jetpack_publicize_message":"","jetpack_is_tweetstorm":false,"jetpack_publicize_feature_enabled":true},"categories":[4],"tags":[2407],"jetpack_featured_media_url":"","jetpack_publicize_connections":[],"jetpack_sharing_enabled":true,"_links":{"self":[{"href":"http:\/\/www.rtvnoticias.com.ar\/index.php?rest_route=\/wp\/v2\/posts\/10318"}],"collection":[{"href":"http:\/\/www.rtvnoticias.com.ar\/index.php?rest_route=\/wp\/v2\/posts"}],"about":[{"href":"http:\/\/www.rtvnoticias.com.ar\/index.php?rest_route=\/wp\/v2\/types\/post"}],"author":[{"embeddable":true,"href":"http:\/\/www.rtvnoticias.com.ar\/index.php?rest_route=\/wp\/v2\/users\/5"}],"replies":[{"embeddable":true,"href":"http:\/\/www.rtvnoticias.com.ar\/index.php?rest_route=%2Fwp%2Fv2%2Fcomments&post=10318"}],"version-history":[{"count":1,"href":"http:\/\/www.rtvnoticias.com.ar\/index.php?rest_route=\/wp\/v2\/posts\/10318\/revisions"}],"predecessor-version":[{"id":10320,"href":"http:\/\/www.rtvnoticias.com.ar\/index.php?rest_route=\/wp\/v2\/posts\/10318\/revisions\/10320"}],"wp:attachment":[{"href":"http:\/\/www.rtvnoticias.com.ar\/index.php?rest_route=%2Fwp%2Fv2%2Fmedia&parent=10318"}],"wp:term":[{"taxonomy":"category","embeddable":true,"href":"http:\/\/www.rtvnoticias.com.ar\/index.php?rest_route=%2Fwp%2Fv2%2Fcategories&post=10318"},{"taxonomy":"post_tag","embeddable":true,"href":"http:\/\/www.rtvnoticias.com.ar\/index.php?rest_route=%2Fwp%2Fv2%2Ftags&post=10318"}],"curies":[{"name":"wp","href":"https:\/\/api.w.org\/{rel}","templated":true}]}}