{"id":10321,"date":"2019-03-12T00:31:18","date_gmt":"2019-03-12T03:31:18","guid":{"rendered":"http:\/\/www.rtvnoticias.com.ar\/?p=10321"},"modified":"2019-03-11T18:41:28","modified_gmt":"2019-03-11T21:41:28","slug":"ziliotto-reunio-a-los-candidatos-a-diputados-e-intendentes","status":"publish","type":"post","link":"http:\/\/www.rtvnoticias.com.ar\/?p=10321","title":{"rendered":"Ziliotto reuni\u00f3 a los candidatos a diputados e intendentes"},"content":{"rendered":"\n<p>El Frente Justicialista Pampeano comenz\u00f3 a sincronizar sus mecanismos\npara abordar la campa\u00f1a electoral que desembocar\u00e1 en las elecciones del pr\u00f3ximo\n19 de mayo.<\/p>\n\n\n\n<p>El candidato a gobernador por el FreJuPa, Sergio Ziliotto mantuvo dos reuniones trascedentes al momento de dar organicidad y agilidad a la campa\u00f1a.<\/p>\n\n\n\n<p>Primero se reuni\u00f3 con los candidatos a diputados provinciales y m\u00e1s tarde tuvo lugar un encuentro del que adem\u00e1s participaron todos los candidatos a intendentes y presidentes de Comisiones de Fomento.<\/p>\n\n\n\n<figure class=\"wp-block-image\"><img decoding=\"async\" src=\"http:\/\/www.rtvnoticias.com.ar\/wp-content\/uploads\/2019\/03\/ziliotto-candidatos.jpg\" alt=\"\" class=\"wp-image-10323\"\/><\/figure>\n\n\n\n<p>En ambas reuniones estuvo junto a su compa\u00f1ero de f\u00f3rmula, Mariano Fern\u00e1ndez y al jefe de campa\u00f1a, Pablo Daniel Bensus\u00e1n.<\/p>\n\n\n\n<p>Hasta el momento las acciones de la campa\u00f1a estuvieron a cargo \u00a0del candidato a gobernador, Sergio Ziliotto,\u00a0 quien entre diciembre y febrero recorri\u00f3 la provincia tomando contacto directo con vecinos y los distintos sectores del \u00e1mbito productivo para seguir conociendo de primera mano sus inquietudes\u00a0 y sus anhelos. <\/p>\n\n\n\n<p>Recientemente se sum\u00f3 plenamente el gobernador, Carlos Verna, quien a trav\u00e9s de redes sociales dio a conocer las razones que lo llevaron a elegir a Sergio Ziliotto para sucederlo en la gobernaci\u00f3n de La Pampa y anticip\u00f3 que ser\u00e1 un activo integrante de la campa\u00f1a que se pone en marcha.<\/p>\n\n\n\n<p>\u201cNo nos va a ser f\u00e1cil salir de la crisis en la que nos sumi\u00f3 el\ngobierno nacional de \u2018Cambiemos\u201d les advirti\u00f3 Sergio Ziliotto a todos los\ncandidatos en el encuentro realizado en Castelvecchi, al tiempo que asegur\u00f3 que\n\u201cse va a seguir poniendo el mayor esfuerzo presupuestario en la generaci\u00f3n de\ntrabajo a trav\u00e9s de la obra p\u00fablica y el apoyo a los sectores productivos e\nindustriales\u201d.<\/p>\n\n\n\n<p>Si bien la plataforma electoral se presentar\u00e1 esta semana en Santa Rosa\ny General Pico, adelant\u00f3 que \u201ctrabajo, educaci\u00f3n y vivienda\u201d ser\u00e1n los ejes\nfundamentales \u201cpara avanzar en el desarrollo integral, arm\u00f3nico y\nsustentable&nbsp; de la provincia de La Pampa\u201d.<\/p>\n\n\n\n<p>\u201cTenemos la capacidad y la experiencia para seguir resolviendo los\nproblemas de los pampeanos\u201d, afirm\u00f3 el candidato, quien adem\u00e1s adelant\u00f3 que se\nprofundizar\u00e1 el proceso de descentralizaci\u00f3n que inici\u00f3 el gobernador Carlos\nVerna, porque \u201ctenemos la firme convicci\u00f3n que la decisiones tomadas cerca de\nla gente y no en la soledad de un despacho, son las que m\u00e1s eficientemente&nbsp; resuelven los problemas de los pampeanos\u201d.<\/p>\n\n\n\n<p>Finalmente inst\u00f3 a los candidatos a que \u201csean activos part\u00edcipes de una\ncampa\u00f1a electoral que viene a defender la gesti\u00f3n provincial, con un Estado presente\nque tiene la obligaci\u00f3n de seguir dando respuestas a los pampeanos\u201d.<\/p>\n<div class=\"sharedaddy sd-sharing-enabled\"><div class=\"robots-nocontent sd-block sd-social sd-social-icon sd-sharing\"><h3 class=\"sd-title\">Comparte esto:<\/h3><div class=\"sd-content\"><ul><li class=\"share-twitter\"><a rel=\"nofollow noopener noreferrer\" data-shared=\"sharing-twitter-10321\" class=\"share-twitter sd-button share-icon no-text\" href=\"http:\/\/www.rtvnoticias.com.ar\/?p=10321&amp;share=twitter\" target=\"_blank\" title=\"Haz clic para compartir en Twitter\"><span><\/span><span class=\"sharing-screen-reader-text\">Haz clic para compartir en Twitter (Se abre en una ventana nueva)<\/span><\/a><\/li><li class=\"share-facebook\"><a rel=\"nofollow noopener noreferrer\" data-shared=\"sharing-facebook-10321\" class=\"share-facebook sd-button share-icon no-text\" href=\"http:\/\/www.rtvnoticias.com.ar\/?p=10321&amp;share=facebook\" target=\"_blank\" title=\"Haz clic para compartir en Facebook\"><span><\/span><span class=\"sharing-screen-reader-text\">Haz clic para compartir en Facebook (Se abre en una ventana nueva)<\/span><\/a><\/li><li class=\"share-jetpack-whatsapp\"><a rel=\"nofollow noopener noreferrer\" data-shared=\"\" class=\"share-jetpack-whatsapp sd-button share-icon no-text\" href=\"http:\/\/www.rtvnoticias.com.ar\/?p=10321&amp;share=jetpack-whatsapp\" target=\"_blank\" title=\"Haz clic para compartir en WhatsApp\"><span><\/span><span class=\"sharing-screen-reader-text\">Haz clic para compartir en WhatsApp (Se abre en una ventana nueva)<\/span><\/a><\/li><li class=\"share-telegram\"><a rel=\"nofollow noopener noreferrer\" data-shared=\"\" class=\"share-telegram sd-button share-icon no-text\" href=\"http:\/\/www.rtvnoticias.com.ar\/?p=10321&amp;share=telegram\" target=\"_blank\" title=\"Haz clic para compartir en Telegram\"><span><\/span><span class=\"sharing-screen-reader-text\">Haz clic para compartir en Telegram (Se abre en una ventana nueva)<\/span><\/a><\/li><li class=\"share-end\"><\/li><\/ul><\/div><\/div><\/div>","protected":false},"excerpt":{"rendered":"<p>El Frente Justicialista Pampeano comenz\u00f3 a sincronizar sus mecanismos para abordar la campa\u00f1a electoral que desembocar\u00e1 en las elecciones del pr\u00f3ximo 19 de mayo. El<\/p>\n<div class=\"sharedaddy sd-sharing-enabled\"><div class=\"robots-nocontent sd-block sd-social sd-social-icon sd-sharing\"><h3 class=\"sd-title\">Comparte esto:<\/h3><div class=\"sd-content\"><ul><li class=\"share-twitter\"><a rel=\"nofollow noopener noreferrer\" data-shared=\"sharing-twitter-10321\" class=\"share-twitter sd-button share-icon no-text\" href=\"http:\/\/www.rtvnoticias.com.ar\/?p=10321&amp;share=twitter\" target=\"_blank\" title=\"Haz clic para compartir en Twitter\"><span><\/span><span class=\"sharing-screen-reader-text\">Haz clic para compartir en Twitter (Se abre en una ventana nueva)<\/span><\/a><\/li><li class=\"share-facebook\"><a rel=\"nofollow noopener noreferrer\" data-shared=\"sharing-facebook-10321\" class=\"share-facebook sd-button share-icon no-text\" href=\"http:\/\/www.rtvnoticias.com.ar\/?p=10321&amp;share=facebook\" target=\"_blank\" title=\"Haz clic para compartir en Facebook\"><span><\/span><span class=\"sharing-screen-reader-text\">Haz clic para compartir en Facebook (Se abre en una ventana nueva)<\/span><\/a><\/li><li class=\"share-jetpack-whatsapp\"><a rel=\"nofollow noopener noreferrer\" data-shared=\"\" class=\"share-jetpack-whatsapp sd-button share-icon no-text\" href=\"http:\/\/www.rtvnoticias.com.ar\/?p=10321&amp;share=jetpack-whatsapp\" target=\"_blank\" title=\"Haz clic para compartir en WhatsApp\"><span><\/span><span class=\"sharing-screen-reader-text\">Haz clic para compartir en WhatsApp (Se abre en una ventana nueva)<\/span><\/a><\/li><li class=\"share-telegram\"><a rel=\"nofollow noopener noreferrer\" data-shared=\"\" class=\"share-telegram sd-button share-icon no-text\" href=\"http:\/\/www.rtvnoticias.com.ar\/?p=10321&amp;share=telegram\" target=\"_blank\" title=\"Haz clic para compartir en Telegram\"><span><\/span><span class=\"sharing-screen-reader-text\">Haz clic para compartir en Telegram (Se abre en una ventana nueva)<\/span><\/a><\/li><li class=\"share-end\"><\/li><\/ul><\/div><\/div><\/div>","protected":false},"author":5,"featured_media":0,"comment_status":"closed","ping_status":"closed","sticky":false,"template":"","format":"standard","meta":{"spay_email":"","jetpack_publicize_message":"","jetpack_is_tweetstorm":false,"jetpack_publicize_feature_enabled":true},"categories":[4],"tags":[2408],"jetpack_featured_media_url":"","jetpack_publicize_connections":[],"jetpack_sharing_enabled":true,"_links":{"self":[{"href":"http:\/\/www.rtvnoticias.com.ar\/index.php?rest_route=\/wp\/v2\/posts\/10321"}],"collection":[{"href":"http:\/\/www.rtvnoticias.com.ar\/index.php?rest_route=\/wp\/v2\/posts"}],"about":[{"href":"http:\/\/www.rtvnoticias.com.ar\/index.php?rest_route=\/wp\/v2\/types\/post"}],"author":[{"embeddable":true,"href":"http:\/\/www.rtvnoticias.com.ar\/index.php?rest_route=\/wp\/v2\/users\/5"}],"replies":[{"embeddable":true,"href":"http:\/\/www.rtvnoticias.com.ar\/index.php?rest_route=%2Fwp%2Fv2%2Fcomments&post=10321"}],"version-history":[{"count":1,"href":"http:\/\/www.rtvnoticias.com.ar\/index.php?rest_route=\/wp\/v2\/posts\/10321\/revisions"}],"predecessor-version":[{"id":10328,"href":"http:\/\/www.rtvnoticias.com.ar\/index.php?rest_route=\/wp\/v2\/posts\/10321\/revisions\/10328"}],"wp:attachment":[{"href":"http:\/\/www.rtvnoticias.com.ar\/index.php?rest_route=%2Fwp%2Fv2%2Fmedia&parent=10321"}],"wp:term":[{"taxonomy":"category","embeddable":true,"href":"http:\/\/www.rtvnoticias.com.ar\/index.php?rest_route=%2Fwp%2Fv2%2Fcategories&post=10321"},{"taxonomy":"post_tag","embeddable":true,"href":"http:\/\/www.rtvnoticias.com.ar\/index.php?rest_route=%2Fwp%2Fv2%2Ftags&post=10321"}],"curies":[{"name":"wp","href":"https:\/\/api.w.org\/{rel}","templated":true}]}}