{"id":10327,"date":"2019-03-11T18:43:51","date_gmt":"2019-03-11T21:43:51","guid":{"rendered":"http:\/\/www.rtvnoticias.com.ar\/?p=10327"},"modified":"2019-03-11T18:44:01","modified_gmt":"2019-03-11T21:44:01","slug":"cambiemos-rompio-cambiemos-en-cordoba","status":"publish","type":"post","link":"http:\/\/www.rtvnoticias.com.ar\/?p=10327","title":{"rendered":"Cambiemos rompi\u00f3 Cambiemos en C\u00f3rdoba"},"content":{"rendered":"\n<p>El diputado nacional Mario Negri, y el ex intendente Luis Juez retiraron hoy sus precandidaturas de la interna de Cambiemos en C\u00f3rdoba y resolvieron anotarse con un frente propio, con lo cual el oficialismo competir\u00e1 en los comicios provinciales del 12 de mayo pr\u00f3ximo con dos expresiones electorales, de las cuales ninguna podr\u00e1 ostentar el nombre Cambiemos. <\/p>\n\n\n\n<p>As\u00ed lo confirmaron a T\u00e9lam fuentes partidarias, quienes consignaron que esta ma\u00f1ana el ex intendente y precandidato para volver a conducir los destinos de la capital provincial retir\u00f3 en el \u00e1mbito de la Justicia Electoral la lista del Frente C\u00edvico de la interna de Cambiemos. <\/p>\n\n\n\n<p>El tr\u00e1mite se realiz\u00f3 en el juzgado a cargo de Marta Vidal, de quien se esperaba un inminente fallo, en un expediente que ahora se torn\u00f3 abstracto dado que hab\u00eda sido impulsado por el propio Negri, que alegaba que no estaban dadas las condiciones desde el punto de vista formal para poder realizar las internas previstas para el pr\u00f3ximo domingo con las debidas garant\u00edas. <\/p>\n\n\n\n<p>\u00abEl viernes, en un plenario de militantes al que concurrieron Negri, (el tambi\u00e9n diputado nacional H\u00e9ctor) Baldassi y Juez, resolvieron abrirse de la interna de Cambiemos\u00bb, relataron las fuentes consultadas por T\u00e9lam, quienes se\u00f1alaron que, merced a esa decisi\u00f3n, fue que hoy Juez se present\u00f3 en la Justicia Electoral para retirar las precandidaturas del Frente C\u00edvico. <\/p>\n\n\n\n<p>Esa decisi\u00f3n del sector del radicalismo cordob\u00e9s referenciado con Negri se suma a la de pedirle al PRO que retire su firma tambi\u00e9n del frente electoral, de modo tal de disolver la alianza Cambiemos en el distrito y habilitar a que all\u00ed compitan dos expresiones en representaci\u00f3n del oficialismo, una de ellas encabezada por el jefe del interbloque de diputados nacionales y, la otra, por el actual intendente de la capital provincial, Ram\u00f3n Mestre. <\/p>\n\n\n\n<p>Seg\u00fan indicaron las fuentes, esta decisi\u00f3n, que torna abstracto el planteo judicial de cara a las internas previstas para el pr\u00f3ximo domingo, contar\u00eda con el aval de la mesa nacional de Cambiemos, que en la reuni\u00f3n que tendr\u00e1n este mediod\u00eda en la Casa Rosada abordar\u00e1n de manera excluyente la situaci\u00f3n pol\u00edtica de la alianza en C\u00f3rdoba. <\/p>\n\n\n\n<p>De este modo, tanto la corriente encabezada por Negri como la liderada por Mestre competir\u00edan en las urnas el pr\u00f3ximo 12 de mayo por la Gobernaci\u00f3n a trav\u00e9s de dos frentes electorales separados, cuyos nombres no podr\u00e1n emplear el concepto Cambiemos. <\/p>\n\n\n\n<p>De hecho, seg\u00fan trascendi\u00f3, el sector liderado por Mestre podr\u00eda competir en las urnas con la hist\u00f3rica y emblem\u00e1tica Lista 3 (que tradicionalmente representa al radicalismo), mientras que Negri y Juez conformar\u00edan una coalici\u00f3n con nombre a\u00fan a definir, con el Frente C\u00edvico -liderado por el ex intendente cordob\u00e9s- como socio principal. <\/p>\n\n\n\n<p>Fuente: Telam<\/p>\n<div class=\"sharedaddy sd-sharing-enabled\"><div class=\"robots-nocontent sd-block sd-social sd-social-icon sd-sharing\"><h3 class=\"sd-title\">Comparte esto:<\/h3><div class=\"sd-content\"><ul><li class=\"share-twitter\"><a rel=\"nofollow noopener noreferrer\" data-shared=\"sharing-twitter-10327\" class=\"share-twitter sd-button share-icon no-text\" href=\"http:\/\/www.rtvnoticias.com.ar\/?p=10327&amp;share=twitter\" target=\"_blank\" title=\"Haz clic para compartir en Twitter\"><span><\/span><span class=\"sharing-screen-reader-text\">Haz clic para compartir en Twitter (Se abre en una ventana nueva)<\/span><\/a><\/li><li class=\"share-facebook\"><a rel=\"nofollow noopener noreferrer\" data-shared=\"sharing-facebook-10327\" class=\"share-facebook sd-button share-icon no-text\" href=\"http:\/\/www.rtvnoticias.com.ar\/?p=10327&amp;share=facebook\" target=\"_blank\" title=\"Haz clic para compartir en Facebook\"><span><\/span><span class=\"sharing-screen-reader-text\">Haz clic para compartir en Facebook (Se abre en una ventana nueva)<\/span><\/a><\/li><li class=\"share-jetpack-whatsapp\"><a rel=\"nofollow noopener noreferrer\" data-shared=\"\" class=\"share-jetpack-whatsapp sd-button share-icon no-text\" href=\"http:\/\/www.rtvnoticias.com.ar\/?p=10327&amp;share=jetpack-whatsapp\" target=\"_blank\" title=\"Haz clic para compartir en WhatsApp\"><span><\/span><span class=\"sharing-screen-reader-text\">Haz clic para compartir en WhatsApp (Se abre en una ventana nueva)<\/span><\/a><\/li><li class=\"share-telegram\"><a rel=\"nofollow noopener noreferrer\" data-shared=\"\" class=\"share-telegram sd-button share-icon no-text\" href=\"http:\/\/www.rtvnoticias.com.ar\/?p=10327&amp;share=telegram\" target=\"_blank\" title=\"Haz clic para compartir en Telegram\"><span><\/span><span class=\"sharing-screen-reader-text\">Haz clic para compartir en Telegram (Se abre en una ventana nueva)<\/span><\/a><\/li><li class=\"share-end\"><\/li><\/ul><\/div><\/div><\/div>","protected":false},"excerpt":{"rendered":"<p>El diputado nacional Mario Negri, y el ex intendente Luis Juez retiraron hoy sus precandidaturas de la interna de Cambiemos en C\u00f3rdoba y resolvieron anotarse<\/p>\n<div class=\"sharedaddy sd-sharing-enabled\"><div class=\"robots-nocontent sd-block sd-social sd-social-icon sd-sharing\"><h3 class=\"sd-title\">Comparte esto:<\/h3><div class=\"sd-content\"><ul><li class=\"share-twitter\"><a rel=\"nofollow noopener noreferrer\" data-shared=\"sharing-twitter-10327\" class=\"share-twitter sd-button share-icon no-text\" href=\"http:\/\/www.rtvnoticias.com.ar\/?p=10327&amp;share=twitter\" target=\"_blank\" title=\"Haz clic para compartir en Twitter\"><span><\/span><span class=\"sharing-screen-reader-text\">Haz clic para compartir en Twitter (Se abre en una ventana nueva)<\/span><\/a><\/li><li class=\"share-facebook\"><a rel=\"nofollow noopener noreferrer\" data-shared=\"sharing-facebook-10327\" class=\"share-facebook sd-button share-icon no-text\" href=\"http:\/\/www.rtvnoticias.com.ar\/?p=10327&amp;share=facebook\" target=\"_blank\" title=\"Haz clic para compartir en Facebook\"><span><\/span><span class=\"sharing-screen-reader-text\">Haz clic para compartir en Facebook (Se abre en una ventana nueva)<\/span><\/a><\/li><li class=\"share-jetpack-whatsapp\"><a rel=\"nofollow noopener noreferrer\" data-shared=\"\" class=\"share-jetpack-whatsapp sd-button share-icon no-text\" href=\"http:\/\/www.rtvnoticias.com.ar\/?p=10327&amp;share=jetpack-whatsapp\" target=\"_blank\" title=\"Haz clic para compartir en WhatsApp\"><span><\/span><span class=\"sharing-screen-reader-text\">Haz clic para compartir en WhatsApp (Se abre en una ventana nueva)<\/span><\/a><\/li><li class=\"share-telegram\"><a rel=\"nofollow noopener noreferrer\" data-shared=\"\" class=\"share-telegram sd-button share-icon no-text\" href=\"http:\/\/www.rtvnoticias.com.ar\/?p=10327&amp;share=telegram\" target=\"_blank\" title=\"Haz clic para compartir en Telegram\"><span><\/span><span class=\"sharing-screen-reader-text\">Haz clic para compartir en Telegram (Se abre en una ventana nueva)<\/span><\/a><\/li><li class=\"share-end\"><\/li><\/ul><\/div><\/div><\/div>","protected":false},"author":7,"featured_media":0,"comment_status":"closed","ping_status":"closed","sticky":false,"template":"","format":"standard","meta":{"spay_email":"","jetpack_publicize_message":"","jetpack_is_tweetstorm":false,"jetpack_publicize_feature_enabled":true},"categories":[5],"tags":[2410,2411],"jetpack_featured_media_url":"","jetpack_publicize_connections":[],"jetpack_sharing_enabled":true,"_links":{"self":[{"href":"http:\/\/www.rtvnoticias.com.ar\/index.php?rest_route=\/wp\/v2\/posts\/10327"}],"collection":[{"href":"http:\/\/www.rtvnoticias.com.ar\/index.php?rest_route=\/wp\/v2\/posts"}],"about":[{"href":"http:\/\/www.rtvnoticias.com.ar\/index.php?rest_route=\/wp\/v2\/types\/post"}],"author":[{"embeddable":true,"href":"http:\/\/www.rtvnoticias.com.ar\/index.php?rest_route=\/wp\/v2\/users\/7"}],"replies":[{"embeddable":true,"href":"http:\/\/www.rtvnoticias.com.ar\/index.php?rest_route=%2Fwp%2Fv2%2Fcomments&post=10327"}],"version-history":[{"count":1,"href":"http:\/\/www.rtvnoticias.com.ar\/index.php?rest_route=\/wp\/v2\/posts\/10327\/revisions"}],"predecessor-version":[{"id":10329,"href":"http:\/\/www.rtvnoticias.com.ar\/index.php?rest_route=\/wp\/v2\/posts\/10327\/revisions\/10329"}],"wp:attachment":[{"href":"http:\/\/www.rtvnoticias.com.ar\/index.php?rest_route=%2Fwp%2Fv2%2Fmedia&parent=10327"}],"wp:term":[{"taxonomy":"category","embeddable":true,"href":"http:\/\/www.rtvnoticias.com.ar\/index.php?rest_route=%2Fwp%2Fv2%2Fcategories&post=10327"},{"taxonomy":"post_tag","embeddable":true,"href":"http:\/\/www.rtvnoticias.com.ar\/index.php?rest_route=%2Fwp%2Fv2%2Ftags&post=10327"}],"curies":[{"name":"wp","href":"https:\/\/api.w.org\/{rel}","templated":true}]}}