{"id":10335,"date":"2019-03-11T20:51:05","date_gmt":"2019-03-11T23:51:05","guid":{"rendered":"http:\/\/www.rtvnoticias.com.ar\/?p=10335"},"modified":"2019-03-11T21:10:36","modified_gmt":"2019-03-12T00:10:36","slug":"procesaron-a-cristina-kirchner-por-los-documentos-historicos-encontrados-en-el-calafate","status":"publish","type":"post","link":"http:\/\/www.rtvnoticias.com.ar\/?p=10335","title":{"rendered":"Procesaron a Cristina Kirchner por los documentos hist\u00f3ricos encontrados en El Calafate"},"content":{"rendered":"\n<p>Cristina Kirchner qued\u00f3 hoy procesada, sin prisi\u00f3n preventiva, por los documentos hist\u00f3ricos que se encontraron en su casa de El Calafate durante un allanamiento en la causa de los cuadernos: ten\u00eda en su poder un prontuario del ex presidente Hip\u00f3lito Yrigoyen y una carta que Don Jos\u00e9 de San Mart\u00edn le escribi\u00f3 desde Francia al patriota chileno Bernardo O&#8217; Higgins en 1835.<\/p>\n\n\n\n<p>As\u00ed lo indicaron a Infobae fuentes judiciales, que precisaron que el juez Claudio Bonadio firm\u00f3 hoy el procesamiento de la ex presidenta. Para el juez, Cristina Kirchner sab\u00eda de la procedencia de estos documentos y no lo denunci\u00f3.<\/p>\n\n\n\n<p>\u00abNo es factible concebir que la Dra. Cristina Fern\u00e1ndez de Kirchner, abogada, ex diputada, senadora nacional y ex presidenta del pa\u00eds por dos per\u00edodos, desconociera que ten\u00eda en sus manos dos instrumentos de trascendental relevancia hist\u00f3rica que, como tales, constituyen patrimonio cultural de la Argentina o de la Rep\u00fablica de Chile\u00bb, sostuvo el juez en la resoluci\u00f3n. \u00abAlguien no identificado sustrajo dichos elementos y la encausada los recept\u00f3, manteni\u00e9ndolos en su poder hasta ser habidos por la polic\u00eda\u00bb.<\/p>\n\n\n\n<p>La senadora hab\u00eda prestado declaraci\u00f3n por esta causa hace dos semanas, junto a otras siete indagatorias en donde present\u00f3 un \u00fanico escrito para sostener que se trataba de una persecuci\u00f3n en su contra. El juez cit\u00f3 los argumentos de la ex presidenta en su declaraci\u00f3n, en donde se aseguraba que \u00abcomo hab\u00eda que generar una noticia de impacto\u00bb el juez dispuso su citaci\u00f3n. \u00abJam\u00e1s tuve dolosamente en mi poder documentos ajenos o que debieran ser resguardados por alguna autoridad competente\u00bb, a\u00f1adi\u00f3.<\/p>\n\n\n\n<p>Previa votaci\u00f3n en el Senado por los fueros parlamentarios de la ex presidenta, el juez Bonadio orden\u00f3 a fines de agosto una serie de allanamientos en las propiedades de Cristina Kirchner tanto en la Capital Federal como en Santa Cruz. En la residencia de El Calafate el juez secuestr\u00f3 elementos que dispararon varias causas judiciales: un bast\u00f3n presidencial que no hab\u00eda sido de los Kirchner, unos documentos de inteligencia, junto a una carta de San Mart\u00edn y el prontuario policial de Yrigoyen \u2013con anotaciones de 1906 a 1910-. Por cada hallazgo, se abri\u00f3 una causa diferente.<\/p>\n\n\n\n<p>La carta de San Mart\u00edn y el prontuario de Yrigoyen cayeron por sorteo en el juzgado de Bonadio, quien ahora proces\u00f3 a la ex presidenta por encubrimiento. En la causa se consult\u00f3 a varios funcionarios e historiadores, incluso de Chile. Entre ellos, el director general del Archivo General de la Naci\u00f3n, Emilio Perina Konstanstinovsky, sostuvo que la carta hallada se trata de \u00abun documento hist\u00f3rico, utilizable para el conocimiento de la historia patria, dado que aporta conocimiento de la relaci\u00f3n entre el General Jos\u00e9 de San Mart\u00edn y Bernardo O&#8217; Higgins\u00bb.<\/p>\n\n\n\n<p>En su resoluci\u00f3n, Bonadio record\u00f3 un discurso de la ex presidenta en la inauguraci\u00f3n del Museo del Bicentenario, en donde se\u00f1alaba que el prontuario de Yrigoyen era \u00abuno de los bienes\u00bb que iban a formar parte de ese museo. Sin embargo, la pieza nunca form\u00f3 parte del inventario y se hall\u00f3 en su casa de El Calafate.<\/p>\n\n\n\n<p>\u00abEs de relevancia recordar aqu\u00ed el p\u00fablico inter\u00e9s que la imputada ha manifestado por la figura del ex presidente Hip\u00f3lito Yrigoyen, con quien incluso se ha comparado en su sostenida persecuci\u00f3n\u00bb, escribi\u00f3 Bonadio. \u00abEl referido inter\u00e9s puesto por de resalto por Fern\u00e1ndez de Kirchner sobre la figura del ex presidente Yrigoyen, sumado a la prueba reunida y comentada respecto de la relevancia hist\u00f3rica de los documentos objeto de este proceso, permiten asegurar que la nombrada sab\u00eda con absoluta certeza de qu\u00e9 se trataba aquello que ten\u00eda en su poder\u00bb, concluy\u00f3.<\/p>\n\n\n\n<p>Bonadio adem\u00e1s rese\u00f1\u00f3 que \u00abno proceder\u00e1 la prisi\u00f3n preventiva\u00bb porque el tipo de delito implicar\u00eda una pena de ejecuci\u00f3n condicional y porque \u00abla imputada se encuentra a derecho y ha comparecido al llamado de este tribunal\u00bb.<\/p>\n\n\n\n<p>Fuente: Infobae<\/p>\n<div class=\"sharedaddy sd-sharing-enabled\"><div class=\"robots-nocontent sd-block sd-social sd-social-icon sd-sharing\"><h3 class=\"sd-title\">Comparte esto:<\/h3><div class=\"sd-content\"><ul><li class=\"share-twitter\"><a rel=\"nofollow noopener noreferrer\" data-shared=\"sharing-twitter-10335\" class=\"share-twitter sd-button share-icon no-text\" href=\"http:\/\/www.rtvnoticias.com.ar\/?p=10335&amp;share=twitter\" target=\"_blank\" title=\"Haz clic para compartir en Twitter\"><span><\/span><span class=\"sharing-screen-reader-text\">Haz clic para compartir en Twitter (Se abre en una ventana nueva)<\/span><\/a><\/li><li class=\"share-facebook\"><a rel=\"nofollow noopener noreferrer\" data-shared=\"sharing-facebook-10335\" class=\"share-facebook sd-button share-icon no-text\" href=\"http:\/\/www.rtvnoticias.com.ar\/?p=10335&amp;share=facebook\" target=\"_blank\" title=\"Haz clic para compartir en Facebook\"><span><\/span><span class=\"sharing-screen-reader-text\">Haz clic para compartir en Facebook (Se abre en una ventana nueva)<\/span><\/a><\/li><li class=\"share-jetpack-whatsapp\"><a rel=\"nofollow noopener noreferrer\" data-shared=\"\" class=\"share-jetpack-whatsapp sd-button share-icon no-text\" href=\"http:\/\/www.rtvnoticias.com.ar\/?p=10335&amp;share=jetpack-whatsapp\" target=\"_blank\" title=\"Haz clic para compartir en WhatsApp\"><span><\/span><span class=\"sharing-screen-reader-text\">Haz clic para compartir en WhatsApp (Se abre en una ventana nueva)<\/span><\/a><\/li><li class=\"share-telegram\"><a rel=\"nofollow noopener noreferrer\" data-shared=\"\" class=\"share-telegram sd-button share-icon no-text\" href=\"http:\/\/www.rtvnoticias.com.ar\/?p=10335&amp;share=telegram\" target=\"_blank\" title=\"Haz clic para compartir en Telegram\"><span><\/span><span class=\"sharing-screen-reader-text\">Haz clic para compartir en Telegram (Se abre en una ventana nueva)<\/span><\/a><\/li><li class=\"share-end\"><\/li><\/ul><\/div><\/div><\/div>","protected":false},"excerpt":{"rendered":"<p>Cristina Kirchner qued\u00f3 hoy procesada, sin prisi\u00f3n preventiva, por los documentos hist\u00f3ricos que se encontraron en su casa de El Calafate durante un allanamiento en<\/p>\n<div class=\"sharedaddy sd-sharing-enabled\"><div class=\"robots-nocontent sd-block sd-social sd-social-icon sd-sharing\"><h3 class=\"sd-title\">Comparte esto:<\/h3><div class=\"sd-content\"><ul><li class=\"share-twitter\"><a rel=\"nofollow noopener noreferrer\" data-shared=\"sharing-twitter-10335\" class=\"share-twitter sd-button share-icon no-text\" href=\"http:\/\/www.rtvnoticias.com.ar\/?p=10335&amp;share=twitter\" target=\"_blank\" title=\"Haz clic para compartir en Twitter\"><span><\/span><span class=\"sharing-screen-reader-text\">Haz clic para compartir en Twitter (Se abre en una ventana nueva)<\/span><\/a><\/li><li class=\"share-facebook\"><a rel=\"nofollow noopener noreferrer\" data-shared=\"sharing-facebook-10335\" class=\"share-facebook sd-button share-icon no-text\" href=\"http:\/\/www.rtvnoticias.com.ar\/?p=10335&amp;share=facebook\" target=\"_blank\" title=\"Haz clic para compartir en Facebook\"><span><\/span><span class=\"sharing-screen-reader-text\">Haz clic para compartir en Facebook (Se abre en una ventana nueva)<\/span><\/a><\/li><li class=\"share-jetpack-whatsapp\"><a rel=\"nofollow noopener noreferrer\" data-shared=\"\" class=\"share-jetpack-whatsapp sd-button share-icon no-text\" href=\"http:\/\/www.rtvnoticias.com.ar\/?p=10335&amp;share=jetpack-whatsapp\" target=\"_blank\" title=\"Haz clic para compartir en WhatsApp\"><span><\/span><span class=\"sharing-screen-reader-text\">Haz clic para compartir en WhatsApp (Se abre en una ventana nueva)<\/span><\/a><\/li><li class=\"share-telegram\"><a rel=\"nofollow noopener noreferrer\" data-shared=\"\" class=\"share-telegram sd-button share-icon no-text\" href=\"http:\/\/www.rtvnoticias.com.ar\/?p=10335&amp;share=telegram\" target=\"_blank\" title=\"Haz clic para compartir en Telegram\"><span><\/span><span class=\"sharing-screen-reader-text\">Haz clic para compartir en Telegram (Se abre en una ventana nueva)<\/span><\/a><\/li><li class=\"share-end\"><\/li><\/ul><\/div><\/div><\/div>","protected":false},"author":7,"featured_media":0,"comment_status":"closed","ping_status":"closed","sticky":false,"template":"","format":"standard","meta":{"spay_email":"","jetpack_publicize_message":"","jetpack_is_tweetstorm":false,"jetpack_publicize_feature_enabled":true},"categories":[5],"tags":[],"jetpack_featured_media_url":"","jetpack_publicize_connections":[],"jetpack_sharing_enabled":true,"_links":{"self":[{"href":"http:\/\/www.rtvnoticias.com.ar\/index.php?rest_route=\/wp\/v2\/posts\/10335"}],"collection":[{"href":"http:\/\/www.rtvnoticias.com.ar\/index.php?rest_route=\/wp\/v2\/posts"}],"about":[{"href":"http:\/\/www.rtvnoticias.com.ar\/index.php?rest_route=\/wp\/v2\/types\/post"}],"author":[{"embeddable":true,"href":"http:\/\/www.rtvnoticias.com.ar\/index.php?rest_route=\/wp\/v2\/users\/7"}],"replies":[{"embeddable":true,"href":"http:\/\/www.rtvnoticias.com.ar\/index.php?rest_route=%2Fwp%2Fv2%2Fcomments&post=10335"}],"version-history":[{"count":2,"href":"http:\/\/www.rtvnoticias.com.ar\/index.php?rest_route=\/wp\/v2\/posts\/10335\/revisions"}],"predecessor-version":[{"id":10340,"href":"http:\/\/www.rtvnoticias.com.ar\/index.php?rest_route=\/wp\/v2\/posts\/10335\/revisions\/10340"}],"wp:attachment":[{"href":"http:\/\/www.rtvnoticias.com.ar\/index.php?rest_route=%2Fwp%2Fv2%2Fmedia&parent=10335"}],"wp:term":[{"taxonomy":"category","embeddable":true,"href":"http:\/\/www.rtvnoticias.com.ar\/index.php?rest_route=%2Fwp%2Fv2%2Fcategories&post=10335"},{"taxonomy":"post_tag","embeddable":true,"href":"http:\/\/www.rtvnoticias.com.ar\/index.php?rest_route=%2Fwp%2Fv2%2Ftags&post=10335"}],"curies":[{"name":"wp","href":"https:\/\/api.w.org\/{rel}","templated":true}]}}