{"id":10450,"date":"2019-03-14T18:40:31","date_gmt":"2019-03-14T21:40:31","guid":{"rendered":"http:\/\/www.rtvnoticias.com.ar\/?p=10450"},"modified":"2019-03-14T18:40:40","modified_gmt":"2019-03-14T21:40:40","slug":"la-inflacion-de-febrero-fue-38-y-alcanzo-el-513-en-los-ultimos-12-meses","status":"publish","type":"post","link":"http:\/\/www.rtvnoticias.com.ar\/?p=10450","title":{"rendered":"La inflaci\u00f3n de febrero fue 3,8% y alcanz\u00f3 el 51,3% en los \u00faltimos 12 meses"},"content":{"rendered":"\n<p>El Instituto Nacional de Estad\u00edstica y Censos (Indec) dio a conocer este jueves el dato oficial de la inflaci\u00f3n del segundo mes del a\u00f1o. Los precios minoristas avanzaron una suba de 3,8% en febrero, debido principalmente a los incrementos en alimentos y en servicios p\u00fablicos.<\/p>\n\n\n\n<p>El ente estad\u00edstico precis\u00f3 que el \u00edtem Alimentos y bebidas no alcoh\u00f3licas exhibi\u00f3 un incremento de 5,7% el mes pasado, mientras que Vivienda, agua, electricidad, gas y otros combustibles subi\u00f3 un 6,4 por ciento.<\/p>\n\n\n\n<p>El alza en el primer bimestre del a\u00f1o fue de 6,8 por ciento. Alimentos subi\u00f3 en el per\u00edodo un 9,3%, mientras que vivienda y combustibles lo hizo un 9,7 por ciento.<\/p>\n\n\n\n<p>En el an\u00e1lisis por regiones, la inflaci\u00f3n m\u00e1s elevada se registr\u00f3 en las provincias del Noreste y Noroeste, donde super\u00f3 el 4 por ciento.<\/p>\n\n\n\n<p>El Indec discrimina seg\u00fan categor\u00edas de bienes y servicios las variaciones de febrero con respecto al mes anterior.<\/p>\n\n\n\n<p>En ese sentido, el incremento de los \u00abEstacionales\u00bb (frutas, verduras, ropa exterior, transporte por turismo y alojamiento y excursiones) fue inferior, un 1,9%, mientras que alcanz\u00f3 4,2% para los \u00abRegulados\u00bb, \u00e9stos sujetos a regulaci\u00f3n o tienen alto componente impositivo: combustibles para la vivienda, electricidad, agua y servicios sanitarios, sistemas de salud y servicios auxiliares, transporte p\u00fablico de pasajeros, funcionamiento y mantenimiento de veh\u00edculos, correo, tel\u00e9fono, educaci\u00f3n formal y cigarrillos y accesorios.<\/p>\n\n\n\n<p>En tanto, el \u00abIPC N\u00facleo\u00bb, que no toma en cuenta a \u00abEstacionales\u00bb ni \u00abRegulados\u00bb, dada su volatilidad, subi\u00f3 un 3,9%, tasa m\u00e1s elevada que el promedio y que demuestra que el fen\u00f3meno inflacionario es persistente.<\/p>\n\n\n\n<p><strong>La inflaci\u00f3n m\u00e1s alta desde 1991<\/strong><\/p>\n\n\n\n<p>El \u00cdndice de Precios al Consumidor (IPC) acumul\u00f3 un incremento de 51,3% en los \u00faltimos 12 meses, la tasa anual m\u00e1s alta desde 1991. En aquel a\u00f1o la tasa anual alcanz\u00f3 el 84 por ciento.<\/p>\n\n\n\n<p>La inflaci\u00f3n interanual es r\u00e9cord otra vez en la gesti\u00f3n de Cambiemos. La aceleraci\u00f3n de precios es evidente si se observa que en enero de 2018 el dato mensual fue de apenas 1,8% con una interanual de 25 por ciento, y en el segundo mes del a\u00f1o pasado fue de 2,4% y de 25,4% para el a\u00f1o.<\/p>\n\n\n\n<p>El detalle de c\u00f3mo evolucion\u00f3 desde entonces, mes a mes:<\/p>\n\n\n\n<p>\u2013 Febrero. Mensual 2,4% \u2013 Interanual 25,4%<\/p>\n\n\n\n<p>\u2013 Marzo: Mensual 2,3%- Interanual 25,4%<\/p>\n\n\n\n<p>\u2013 Abril. Mensual 2,7% \u2013 Interanual 25,5%<\/p>\n\n\n\n<p>\u2013 Mayo. Mensual 2,1% \u2013 Interanual 26,3%<\/p>\n\n\n\n<p>\u2013 Junio. Mensual 3,7% \u2013 Interanual 29,5%<\/p>\n\n\n\n<p>\u2013 Julio. Mensual 3,1% \u2013 Interanual 31,2%<\/p>\n\n\n\n<p>\u2013 Agosto. Mensual 3,9% \u2013 Interanual 34,4%<\/p>\n\n\n\n<p>\u2013 Septiembre. Mensual 6,5% \u2013 Interanual 40,5%<\/p>\n\n\n\n<p>\u2013 Octubre. Mensual 5,4% \u2013 Interanual 45,9%<\/p>\n\n\n\n<p>\u2013 Noviembre. Mensual 3,2% \u2013 Interanual 48,5%<\/p>\n\n\n\n<p>\u2013 Diciembre. Mensual 2,6% \u2013 Interanual 47,6%<\/p>\n\n\n\n<p>\u2013 Enero 2019. Mensual 2,9% \u2013 Interanual 49,3%<\/p>\n\n\n\n<p>\u2013 Febrero 2019. Mensual 3,8% \u2013 Interanual 51,3%<\/p>\n\n\n\n<p><strong>Por qu\u00e9 se aceler\u00f3<\/strong><\/p>\n\n\n\n<p>Un estudio de Ecolatina precis\u00f3 que \u00abla aceleraci\u00f3n de la inflaci\u00f3n respondi\u00f3 a varios factores. En primer lugar, producto de una demanda que permanece deprimida y contratos que permanecen cerrados -sin posibilidad de actualizarse de manera inmediata-, el traslado a precios de los saltos del d\u00f3lar de 2018 es progresivo\u00bb.<\/p>\n\n\n\n<p>\u00abEsta din\u00e1mica se sum\u00f3 el ajuste de tarifas de Servicios P\u00fablicos y el aumento cercano al 40% en el precio mayorista de la carne, con un efecto tanto en su precio minorista como en los de bienes sustitutos -pollo, cerdo, etc\u00e9tera-\u00ab, apunt\u00f3 Ecolatina.<\/p>\n\n\n\n<p>Trotta a\u00f1adi\u00f3 que \u00abel poder adquisitivo se encuentra en su peor momento en nueve a\u00f1os. En febrero de este a\u00f1o el poder adquisitivo de los asalariados formales fue 15,2% menor al de noviembre de 2015, y un 11,5% inferior al de febrero de 2018\u2033.<\/p>\n\n\n\n<p>El secretario de Pol\u00edtica Econ\u00f3mica, Miguel Braun, tambi\u00e9n se pronunci\u00f3 sobre la evoluci\u00f3n de la inflaci\u00f3n. \u00abEl pron\u00f3stico est\u00e1 en 30 puntos (para 2019) y significa una baja en relaci\u00f3n al a\u00f1o pasado. En este aspecto estamos mejor en lo estructural, no tenemos un d\u00e9ficit fiscal como ten\u00edamos\u00bb, manifest\u00f3.<\/p>\n\n\n\n<p>\u00abEl nivel de precios evidenci\u00f3 una aceleraci\u00f3n en su ritmo de crecimiento en febrero traccionado tanto por los alimentos como por los bienes regulados\u00bb, refiri\u00f3 un informe de la consultora Orlando Ferreres &amp; Asociados.<\/p>\n\n\n\n<p>\u00abEl d\u00f3lar y los peajes en rutas nacionales y accesos tambi\u00e9n aumentaron fuertemente, lo que afecta a la competitividad y complica cada vez el panorama de la actividad\u00bb, remarc\u00f3 un an\u00e1lisis del Departamento de Estudios Econ\u00f3micos y Costos de la Federaci\u00f3n Argentina de Entidades Empresarias del Autotransporte de Cargas (Fadeeac).<\/p>\n\n\n\n<p>Respecto de las tarifas, Ecolatina rese\u00f1\u00f3 que \u00abtendr\u00e1n un importante componente estacional en la primera mitad del 2019: en pos de alejar lo m\u00e1ximo posible las subas de las elecciones, los precios Regulados acumular\u00edan un alza cercana a 30% durante el primer cuatrimestre de 2019, a la par que trepar\u00edan cerca de 10% en el resto del a\u00f1o\u00bb.<\/p>\n\n\n\n<p>Por su parte, el precio mayorista de la carne vacuna se dispar\u00f3 por factores de oferta -ciclo del ganado vacuno- y demanda. \u00abEn consecuencia, ambos drivers deber\u00edan atenuarse con el correr de los meses\u00bb, estim\u00f3 Ecolatina.<\/p>\n\n\n\n<p><strong>Fuerte arrastre para marzo<\/strong><\/p>\n\n\n\n<p>Analistas consultados por Reuters adelantaron que en marzo la inflaci\u00f3n se mantendr\u00eda en torno al 3%, lo que arrojar\u00eda una inflaci\u00f3n de alrededor de un 10% para el primer trimestre de 2019. La problem\u00e1tica se agrava si se tiene en cuenta el incremento del 47,6% acumulado a lo largo de 2018.<\/p>\n\n\n\n<p>\u00abEn marzo suben naftas (combustibles), colegios (educaci\u00f3n privada) y celulares (telefon\u00eda) que se suman a los aumentos anunciados en tarifas de transporte (\u2026) y en la factura el\u00e9ctrica (servicios)\u00bb, afirm\u00f3 Juan Paolicchi, economista de la consultora EcoGo.<\/p>\n\n\n\n<p>\u00abDado adem\u00e1s el arrastre estad\u00edstico de alimentos que deja febrero, dif\u00edcilmente la inflaci\u00f3n del mes (de marzo) se ubique por debajo del 3%, lo que dejar\u00eda un trimestre con la inflaci\u00f3n cerca de la zona del 10 por ciento\u00bb, agreg\u00f3.<\/p>\n\n\n\n<p>En el primer trimestre de 2018 la inflaci\u00f3n hab\u00eda acumulado un 6,7%, aunque esta tasa no hab\u00eda tenido el impacto de la hist\u00f3rica devaluaci\u00f3n del peso ocurrida entre fines de abril y fines de septiembre del a\u00f1o pasado.<\/p>\n\n\n\n<p>El Relevamiento de Expectativas de Mercado (REM) del Banco Central indic\u00f3 que la inflaci\u00f3n de Argentina ser\u00eda de un 32% para todo el 2019, una estimaci\u00f3n superior al 29,9% que calculaban en promedio los analistas en la encuesta anterior.<\/p>\n\n\n\n<p>Los participantes del reporte consideraron que el tipo de cambio cotizar\u00e1 a un promedio de 48,4 pesos por d\u00f3lar a fines del 2019.<\/p>\n<div class=\"sharedaddy sd-sharing-enabled\"><div class=\"robots-nocontent sd-block sd-social sd-social-icon sd-sharing\"><h3 class=\"sd-title\">Comparte esto:<\/h3><div class=\"sd-content\"><ul><li class=\"share-twitter\"><a rel=\"nofollow noopener noreferrer\" data-shared=\"sharing-twitter-10450\" class=\"share-twitter sd-button share-icon no-text\" href=\"http:\/\/www.rtvnoticias.com.ar\/?p=10450&amp;share=twitter\" target=\"_blank\" title=\"Haz clic para compartir en Twitter\"><span><\/span><span class=\"sharing-screen-reader-text\">Haz clic para compartir en Twitter (Se abre en una ventana nueva)<\/span><\/a><\/li><li class=\"share-facebook\"><a rel=\"nofollow noopener noreferrer\" data-shared=\"sharing-facebook-10450\" class=\"share-facebook sd-button share-icon no-text\" href=\"http:\/\/www.rtvnoticias.com.ar\/?p=10450&amp;share=facebook\" target=\"_blank\" title=\"Haz clic para compartir en Facebook\"><span><\/span><span class=\"sharing-screen-reader-text\">Haz clic para compartir en Facebook (Se abre en una ventana nueva)<\/span><\/a><\/li><li class=\"share-jetpack-whatsapp\"><a rel=\"nofollow noopener noreferrer\" data-shared=\"\" class=\"share-jetpack-whatsapp sd-button share-icon no-text\" href=\"http:\/\/www.rtvnoticias.com.ar\/?p=10450&amp;share=jetpack-whatsapp\" target=\"_blank\" title=\"Haz clic para compartir en WhatsApp\"><span><\/span><span class=\"sharing-screen-reader-text\">Haz clic para compartir en WhatsApp (Se abre en una ventana nueva)<\/span><\/a><\/li><li class=\"share-telegram\"><a rel=\"nofollow noopener noreferrer\" data-shared=\"\" class=\"share-telegram sd-button share-icon no-text\" href=\"http:\/\/www.rtvnoticias.com.ar\/?p=10450&amp;share=telegram\" target=\"_blank\" title=\"Haz clic para compartir en Telegram\"><span><\/span><span class=\"sharing-screen-reader-text\">Haz clic para compartir en Telegram (Se abre en una ventana nueva)<\/span><\/a><\/li><li class=\"share-end\"><\/li><\/ul><\/div><\/div><\/div>","protected":false},"excerpt":{"rendered":"<p>El Instituto Nacional de Estad\u00edstica y Censos (Indec) dio a conocer este jueves el dato oficial de la inflaci\u00f3n del segundo mes del a\u00f1o. Los<\/p>\n<div class=\"sharedaddy sd-sharing-enabled\"><div class=\"robots-nocontent sd-block sd-social sd-social-icon sd-sharing\"><h3 class=\"sd-title\">Comparte esto:<\/h3><div class=\"sd-content\"><ul><li class=\"share-twitter\"><a rel=\"nofollow noopener noreferrer\" data-shared=\"sharing-twitter-10450\" class=\"share-twitter sd-button share-icon no-text\" href=\"http:\/\/www.rtvnoticias.com.ar\/?p=10450&amp;share=twitter\" target=\"_blank\" title=\"Haz clic para compartir en Twitter\"><span><\/span><span class=\"sharing-screen-reader-text\">Haz clic para compartir en Twitter (Se abre en una ventana nueva)<\/span><\/a><\/li><li class=\"share-facebook\"><a rel=\"nofollow noopener noreferrer\" data-shared=\"sharing-facebook-10450\" class=\"share-facebook sd-button share-icon no-text\" href=\"http:\/\/www.rtvnoticias.com.ar\/?p=10450&amp;share=facebook\" target=\"_blank\" title=\"Haz clic para compartir en Facebook\"><span><\/span><span class=\"sharing-screen-reader-text\">Haz clic para compartir en Facebook (Se abre en una ventana nueva)<\/span><\/a><\/li><li class=\"share-jetpack-whatsapp\"><a rel=\"nofollow noopener noreferrer\" data-shared=\"\" class=\"share-jetpack-whatsapp sd-button share-icon no-text\" href=\"http:\/\/www.rtvnoticias.com.ar\/?p=10450&amp;share=jetpack-whatsapp\" target=\"_blank\" title=\"Haz clic para compartir en WhatsApp\"><span><\/span><span class=\"sharing-screen-reader-text\">Haz clic para compartir en WhatsApp (Se abre en una ventana nueva)<\/span><\/a><\/li><li class=\"share-telegram\"><a rel=\"nofollow noopener noreferrer\" data-shared=\"\" class=\"share-telegram sd-button share-icon no-text\" href=\"http:\/\/www.rtvnoticias.com.ar\/?p=10450&amp;share=telegram\" target=\"_blank\" title=\"Haz clic para compartir en Telegram\"><span><\/span><span class=\"sharing-screen-reader-text\">Haz clic para compartir en Telegram (Se abre en una ventana nueva)<\/span><\/a><\/li><li class=\"share-end\"><\/li><\/ul><\/div><\/div><\/div>","protected":false},"author":7,"featured_media":0,"comment_status":"closed","ping_status":"closed","sticky":false,"template":"","format":"standard","meta":{"spay_email":"","jetpack_publicize_message":"","jetpack_is_tweetstorm":false,"jetpack_publicize_feature_enabled":true},"categories":[5],"tags":[],"jetpack_featured_media_url":"","jetpack_publicize_connections":[],"jetpack_sharing_enabled":true,"_links":{"self":[{"href":"http:\/\/www.rtvnoticias.com.ar\/index.php?rest_route=\/wp\/v2\/posts\/10450"}],"collection":[{"href":"http:\/\/www.rtvnoticias.com.ar\/index.php?rest_route=\/wp\/v2\/posts"}],"about":[{"href":"http:\/\/www.rtvnoticias.com.ar\/index.php?rest_route=\/wp\/v2\/types\/post"}],"author":[{"embeddable":true,"href":"http:\/\/www.rtvnoticias.com.ar\/index.php?rest_route=\/wp\/v2\/users\/7"}],"replies":[{"embeddable":true,"href":"http:\/\/www.rtvnoticias.com.ar\/index.php?rest_route=%2Fwp%2Fv2%2Fcomments&post=10450"}],"version-history":[{"count":1,"href":"http:\/\/www.rtvnoticias.com.ar\/index.php?rest_route=\/wp\/v2\/posts\/10450\/revisions"}],"predecessor-version":[{"id":10451,"href":"http:\/\/www.rtvnoticias.com.ar\/index.php?rest_route=\/wp\/v2\/posts\/10450\/revisions\/10451"}],"wp:attachment":[{"href":"http:\/\/www.rtvnoticias.com.ar\/index.php?rest_route=%2Fwp%2Fv2%2Fmedia&parent=10450"}],"wp:term":[{"taxonomy":"category","embeddable":true,"href":"http:\/\/www.rtvnoticias.com.ar\/index.php?rest_route=%2Fwp%2Fv2%2Fcategories&post=10450"},{"taxonomy":"post_tag","embeddable":true,"href":"http:\/\/www.rtvnoticias.com.ar\/index.php?rest_route=%2Fwp%2Fv2%2Ftags&post=10450"}],"curies":[{"name":"wp","href":"https:\/\/api.w.org\/{rel}","templated":true}]}}