{"id":11435,"date":"2019-04-18T17:21:13","date_gmt":"2019-04-18T20:21:13","guid":{"rendered":"http:\/\/www.rtvnoticias.com.ar\/?p=11435"},"modified":"2019-04-18T17:21:16","modified_gmt":"2019-04-18T20:21:16","slug":"adolfo-rodriguez-saa-amenazo-con-convocar-una-pueblada-contra-su-hermano-alberto","status":"publish","type":"post","link":"http:\/\/www.rtvnoticias.com.ar\/?p=11435","title":{"rendered":"Adolfo Rodr\u00edguez Sa\u00e1 amenaz\u00f3 con convocar una \u00abpueblada\u00bb contra su hermano Alberto"},"content":{"rendered":"\n<p>La batalla pol\u00edtica entre hermanos por el poder de San Luis incorpor\u00f3 un nuevo episodio de caracter\u00edsticas m\u00edticas. Otra vez, el senador Adolfo Rodr\u00edguez Sa\u00e1 amenaz\u00f3 a Alberto, el actual gobernador puntano y aspirante a la reelecci\u00f3n, en convocar a una \u00abpueblada\u00bb en caso que \u00abno cesen las persecuciones contra los empleados p\u00fablicos\u00bb que apoyan su candidatura por la gobernaci\u00f3n provincial.<\/p>\n\n\n\n<p>\u00abLa gente tiene miedo a opinar distinto porque los echan, los persiguen\u00bb, espet\u00f3 Adolfo hace dos semanas, en el marco de una actividad militante de campa\u00f1a que qued\u00f3 registrada por uno de los asistentes. \u00abLe vamos a hacer una pueblada que la voy a encabezar yo. \u00a1Basta de molestar a la gente!\u00bb, <\/p>\n\n\n\n<p>Seg\u00fan fuentes del entorno de Adolfo, el gobernador est\u00e1 aplicando una estrategia de \u00abpersecuci\u00f3n\u00bb que implica recortes de beneficios a los adjudicatarios de planes sociales y a los trabajadores estatales.<\/p>\n\n\n\n<p>Esa denuncia es apenas un eslab\u00f3n m\u00e1s de la hist\u00f3rica e ins\u00f3lita pulseada de los Rodr\u00edguez Sa\u00e1. Ambos est\u00e1n lanzados a una disputa intestina por el control de la provincia de San Luis, luego de una ruptura que se formaliz\u00f3 el 8 de febrero pasado en el Congreso del Partido Justicialista (PJ).<\/p>\n\n\n\n<p>En plena recorrida proselitista, con actividades en casi unas tres localidades por d\u00eda, Adolfo busca diferenciarse de su hermano con nuevas propuestas. Ayer estuvo en Merlo e hizo foco en una suerte de plan \u00abEmpalme\u00bb, que incentive a que los beneficiarios de planes sean contratados por el sector privado. Seg\u00fan ese esquema, el Estado provincial abonar\u00e1 las cargas sociales, mientras que las empresas pagar\u00e1n el salario. Adem\u00e1s, prometi\u00f3 con \u00abrebajar impuestos\u00bb a las PyMES.<\/p>\n\n\n\n<p>\u00abEstamos a dos meses de las elecciones. En Merlo estamos ganando. Ser\u00e1 una elecci\u00f3n pareja, hay muchos indecisos y creo que habr\u00e1 una sorpresa. Mucha gente de los planes nos apoya silenciosamente\u00bb, afirm\u00f3 Adolfo Rodr\u00edguez Sa\u00e1 en su visita a la mencionada ciudad tur\u00edstica puntana.<\/p>\n\n\n\n<p>Tras varios meses de controversia y artiller\u00eda verbal, uno de los hitos de la sangr\u00eda entre los dirigentes puntanos fue la desafiliaci\u00f3n masiva que impuls\u00f3 Alberto Rodr\u00edguez Sa\u00e1 contra su hermano Adolfo y casi un centenar de referentes del justicialismo. En ese grupo estuvo tambi\u00e9n el candidato de Cambiemos, Claudio Poggi.<\/p>\n\n\n\n<p>Seg\u00fan aquella resoluci\u00f3n, se tom\u00f3 la decisi\u00f3n con el argumento de que tanto Adolfo como Poggi fueron desplazados por \u00abformar parte de una fuerza partidaria ajena al justicialismo\u00bb.<\/p>\n\n\n\n<p>Por su lado, el gobernador aclar\u00f3 m\u00e1s tarde que no fueron expulsados, sino que se trat\u00f3 de una \u00abrenuncia t\u00e1cita\u00bb porque los partidarios desafiliados resolvieron participar de otras alianzas electorales.<\/p>\n\n\n\n<p>En San Luis, las elecciones generales San Luis se realizar\u00e1n el pr\u00f3ximo 16 de junio, sin haber realizado las Primarias Abiertas Simult\u00e1neas y Obligatorias. Este domingo 21 deb\u00edan desarrollarse las PASO provinciales, pero fueron anuladas porque los partidos pol\u00edticos \u00abpresentaron listas con precandidaturas \u00fanicas\u00bb en cada cargo que se renueva este a\u00f1o.<\/p>\n\n\n\n<p>As\u00ed, para los comicios definitivos habr\u00e1 seis f\u00f3rmulas aspirando a la gobernaci\u00f3n. Solo tres de ellas tiene un lugar expectante: la lista de Alberto, la de su hermano Adolfo, y la Cambiemos de Claudio Poggi. La caracter\u00edstica llamativa es que los tres dirigentes fueron gobernadores y compartieron el oficialismo provincial.<\/p>\n\n\n\n<p>Desde el regreso de la democracia, en 1983, las listas que apoyan a Alberto y a Adolfo Rodr\u00edguez Sa\u00e1 gobiernan la provincia de forma ininterrumpida aunque de manera alternada.<\/p>\n\n\n\n<p>Fuente: Infobae<\/p>\n<div class=\"sharedaddy sd-sharing-enabled\"><div class=\"robots-nocontent sd-block sd-social sd-social-icon sd-sharing\"><h3 class=\"sd-title\">Comparte esto:<\/h3><div class=\"sd-content\"><ul><li class=\"share-twitter\"><a rel=\"nofollow noopener noreferrer\" data-shared=\"sharing-twitter-11435\" class=\"share-twitter sd-button share-icon no-text\" href=\"http:\/\/www.rtvnoticias.com.ar\/?p=11435&amp;share=twitter\" target=\"_blank\" title=\"Haz clic para compartir en Twitter\"><span><\/span><span class=\"sharing-screen-reader-text\">Haz clic para compartir en Twitter (Se abre en una ventana nueva)<\/span><\/a><\/li><li class=\"share-facebook\"><a rel=\"nofollow noopener noreferrer\" data-shared=\"sharing-facebook-11435\" class=\"share-facebook sd-button share-icon no-text\" href=\"http:\/\/www.rtvnoticias.com.ar\/?p=11435&amp;share=facebook\" target=\"_blank\" title=\"Haz clic para compartir en Facebook\"><span><\/span><span class=\"sharing-screen-reader-text\">Haz clic para compartir en Facebook (Se abre en una ventana nueva)<\/span><\/a><\/li><li class=\"share-jetpack-whatsapp\"><a rel=\"nofollow noopener noreferrer\" data-shared=\"\" class=\"share-jetpack-whatsapp sd-button share-icon no-text\" href=\"http:\/\/www.rtvnoticias.com.ar\/?p=11435&amp;share=jetpack-whatsapp\" target=\"_blank\" title=\"Haz clic para compartir en WhatsApp\"><span><\/span><span class=\"sharing-screen-reader-text\">Haz clic para compartir en WhatsApp (Se abre en una ventana nueva)<\/span><\/a><\/li><li class=\"share-telegram\"><a rel=\"nofollow noopener noreferrer\" data-shared=\"\" class=\"share-telegram sd-button share-icon no-text\" href=\"http:\/\/www.rtvnoticias.com.ar\/?p=11435&amp;share=telegram\" target=\"_blank\" title=\"Haz clic para compartir en Telegram\"><span><\/span><span class=\"sharing-screen-reader-text\">Haz clic para compartir en Telegram (Se abre en una ventana nueva)<\/span><\/a><\/li><li class=\"share-end\"><\/li><\/ul><\/div><\/div><\/div>","protected":false},"excerpt":{"rendered":"<p>La batalla pol\u00edtica entre hermanos por el poder de San Luis incorpor\u00f3 un nuevo episodio de caracter\u00edsticas m\u00edticas. Otra vez, el senador Adolfo Rodr\u00edguez Sa\u00e1<\/p>\n<div class=\"sharedaddy sd-sharing-enabled\"><div class=\"robots-nocontent sd-block sd-social sd-social-icon sd-sharing\"><h3 class=\"sd-title\">Comparte esto:<\/h3><div class=\"sd-content\"><ul><li class=\"share-twitter\"><a rel=\"nofollow noopener noreferrer\" data-shared=\"sharing-twitter-11435\" class=\"share-twitter sd-button share-icon no-text\" href=\"http:\/\/www.rtvnoticias.com.ar\/?p=11435&amp;share=twitter\" target=\"_blank\" title=\"Haz clic para compartir en Twitter\"><span><\/span><span class=\"sharing-screen-reader-text\">Haz clic para compartir en Twitter (Se abre en una ventana nueva)<\/span><\/a><\/li><li class=\"share-facebook\"><a rel=\"nofollow noopener noreferrer\" data-shared=\"sharing-facebook-11435\" class=\"share-facebook sd-button share-icon no-text\" href=\"http:\/\/www.rtvnoticias.com.ar\/?p=11435&amp;share=facebook\" target=\"_blank\" title=\"Haz clic para compartir en Facebook\"><span><\/span><span class=\"sharing-screen-reader-text\">Haz clic para compartir en Facebook (Se abre en una ventana nueva)<\/span><\/a><\/li><li class=\"share-jetpack-whatsapp\"><a rel=\"nofollow noopener noreferrer\" data-shared=\"\" class=\"share-jetpack-whatsapp sd-button share-icon no-text\" href=\"http:\/\/www.rtvnoticias.com.ar\/?p=11435&amp;share=jetpack-whatsapp\" target=\"_blank\" title=\"Haz clic para compartir en WhatsApp\"><span><\/span><span class=\"sharing-screen-reader-text\">Haz clic para compartir en WhatsApp (Se abre en una ventana nueva)<\/span><\/a><\/li><li class=\"share-telegram\"><a rel=\"nofollow noopener noreferrer\" data-shared=\"\" class=\"share-telegram sd-button share-icon no-text\" href=\"http:\/\/www.rtvnoticias.com.ar\/?p=11435&amp;share=telegram\" target=\"_blank\" title=\"Haz clic para compartir en Telegram\"><span><\/span><span class=\"sharing-screen-reader-text\">Haz clic para compartir en Telegram (Se abre en una ventana nueva)<\/span><\/a><\/li><li class=\"share-end\"><\/li><\/ul><\/div><\/div><\/div>","protected":false},"author":7,"featured_media":0,"comment_status":"closed","ping_status":"closed","sticky":false,"template":"","format":"standard","meta":{"spay_email":"","jetpack_publicize_message":"","jetpack_is_tweetstorm":false,"jetpack_publicize_feature_enabled":true},"categories":[5],"tags":[2532],"jetpack_featured_media_url":"","jetpack_publicize_connections":[],"jetpack_sharing_enabled":true,"_links":{"self":[{"href":"http:\/\/www.rtvnoticias.com.ar\/index.php?rest_route=\/wp\/v2\/posts\/11435"}],"collection":[{"href":"http:\/\/www.rtvnoticias.com.ar\/index.php?rest_route=\/wp\/v2\/posts"}],"about":[{"href":"http:\/\/www.rtvnoticias.com.ar\/index.php?rest_route=\/wp\/v2\/types\/post"}],"author":[{"embeddable":true,"href":"http:\/\/www.rtvnoticias.com.ar\/index.php?rest_route=\/wp\/v2\/users\/7"}],"replies":[{"embeddable":true,"href":"http:\/\/www.rtvnoticias.com.ar\/index.php?rest_route=%2Fwp%2Fv2%2Fcomments&post=11435"}],"version-history":[{"count":1,"href":"http:\/\/www.rtvnoticias.com.ar\/index.php?rest_route=\/wp\/v2\/posts\/11435\/revisions"}],"predecessor-version":[{"id":11437,"href":"http:\/\/www.rtvnoticias.com.ar\/index.php?rest_route=\/wp\/v2\/posts\/11435\/revisions\/11437"}],"wp:attachment":[{"href":"http:\/\/www.rtvnoticias.com.ar\/index.php?rest_route=%2Fwp%2Fv2%2Fmedia&parent=11435"}],"wp:term":[{"taxonomy":"category","embeddable":true,"href":"http:\/\/www.rtvnoticias.com.ar\/index.php?rest_route=%2Fwp%2Fv2%2Fcategories&post=11435"},{"taxonomy":"post_tag","embeddable":true,"href":"http:\/\/www.rtvnoticias.com.ar\/index.php?rest_route=%2Fwp%2Fv2%2Ftags&post=11435"}],"curies":[{"name":"wp","href":"https:\/\/api.w.org\/{rel}","templated":true}]}}