{"id":12393,"date":"2019-05-21T17:26:41","date_gmt":"2019-05-21T20:26:41","guid":{"rendered":"http:\/\/www.rtvnoticias.com.ar\/?p=12393"},"modified":"2019-05-21T17:26:41","modified_gmt":"2019-05-21T20:26:41","slug":"causa-vialidad-juicio-oral-a-cristina-kirchner-continuara-el-lunes-27","status":"publish","type":"post","link":"http:\/\/www.rtvnoticias.com.ar\/?p=12393","title":{"rendered":"Causa Vialidad: Juicio oral a Cristina Kirchner continuar\u00e1 el lunes 27"},"content":{"rendered":"\n<p>El primer juicio oral y p\u00fablico a la ex presidenta Cristina Fern\u00e1ndez de Kirchner por el supuesto direccionamiento de la obra p\u00fablica vial en Santa Cruz durante sus dos mandatos pas\u00f3 a cuarto intermedio hasta el pr\u00f3ximo lunes, de acuerdo a lo dispuesto por los jueces del tribunal oral federal 2.<\/p>\n\n\n\n<p>Cristina escuch\u00f3 hoy las acusaciones en su contra\u00a0como presunta jefa de una asociaci\u00f3n il\u00edcita en el manejo de la obra p\u00fablica\u00a0sentada en la \u00faltima fila de la sala de audiencias, en el primer juicio oral y p\u00fablico a la actual senadora, por presuntos delitos de corrupci\u00f3n ante el Tribunal Oral Federal (TOF) 2.<\/p>\n\n\n\n<figure class=\"wp-block-image\"><img data-attachment-id=\"12395\" data-permalink=\"http:\/\/www.rtvnoticias.com.ar\/?attachment_id=12395\" data-orig-file=\"http:\/\/www.rtvnoticias.com.ar\/wp-content\/uploads\/2019\/05\/cristina-juicio-2.jpg\" data-orig-size=\"600,400\" data-comments-opened=\"0\" data-image-meta=\"{&quot;aperture&quot;:&quot;0&quot;,&quot;credit&quot;:&quot;&quot;,&quot;camera&quot;:&quot;&quot;,&quot;caption&quot;:&quot;&quot;,&quot;created_timestamp&quot;:&quot;0&quot;,&quot;copyright&quot;:&quot;&quot;,&quot;focal_length&quot;:&quot;0&quot;,&quot;iso&quot;:&quot;0&quot;,&quot;shutter_speed&quot;:&quot;0&quot;,&quot;title&quot;:&quot;&quot;,&quot;orientation&quot;:&quot;0&quot;}\" data-image-title=\"cristina-juicio-2\" data-image-description=\"\" data-image-caption=\"\" data-medium-file=\"http:\/\/www.rtvnoticias.com.ar\/wp-content\/uploads\/2019\/05\/cristina-juicio-2-300x200.jpg\" data-large-file=\"http:\/\/www.rtvnoticias.com.ar\/wp-content\/uploads\/2019\/05\/cristina-juicio-2.jpg\" decoding=\"async\" loading=\"lazy\" width=\"600\" height=\"400\" src=\"http:\/\/www.rtvnoticias.com.ar\/wp-content\/uploads\/2019\/05\/cristina-juicio-2.jpg\" alt=\"\" class=\"wp-image-12395\" srcset=\"http:\/\/www.rtvnoticias.com.ar\/wp-content\/uploads\/2019\/05\/cristina-juicio-2.jpg 600w, http:\/\/www.rtvnoticias.com.ar\/wp-content\/uploads\/2019\/05\/cristina-juicio-2-300x200.jpg 300w\" sizes=\"(max-width: 600px) 100vw, 600px\" \/><figcaption><strong>Cristina y 12 imputados en la Causa de Vialidad Nacional<\/strong><\/figcaption><\/figure>\n\n\n\n<p>La ex mandataria se sent\u00f3 junto a su abogado Carlos Beraldi, con quien convers\u00f3 en algunos tramos de la audiencia y se mantuvo distante del resto de los acusados, mientras escuch\u00f3 la primera parte de la acusaci\u00f3n en su contra.<\/p>\n\n\n\n<p>La audiencia transcurri\u00f3 entre las 12 y las 15 en la sala AMIA, la m\u00e1s amplia del edificio de los tribunales federales de Comodoro Py, y luego pas\u00f3 a un cuarto intermedio hasta el lunes pr\u00f3ximo a las 10: la ex presidenta est\u00e1 obligada a volver a concurrir porque continuar\u00e1 la lectura de la acusaci\u00f3n.<\/p>\n\n\n\n<p>Todos los acusados son juzgados por los presuntos delitos de \u00abasociaci\u00f3n il\u00edcita y defraudaci\u00f3n a la administraci\u00f3n p\u00fablica\u00bb a ra\u00edz del supuesto direccionamiento del 80 por ciento de la obra p\u00fablica en Santa Cruz a favor del detenido empresario L\u00e1zaro B\u00e1ez, durante los gobiernos kirchneristas.<\/p>\n\n\n\n<p>La ex mandataria se ubic\u00f3 en la tercera fila de imputados, dos por detr\u00e1s de los detenidos B\u00e1ez, Julio De Vido (ex ministro de Planificaci\u00f3n Federal) y Carlos Kirchner (ex subsecretario de Estado y primo del fallecido N\u00e9stor Kirchner).<\/p>\n\n\n\n<figure class=\"wp-block-image\"><img data-attachment-id=\"12396\" data-permalink=\"http:\/\/www.rtvnoticias.com.ar\/?attachment_id=12396\" data-orig-file=\"http:\/\/www.rtvnoticias.com.ar\/wp-content\/uploads\/2019\/05\/cristina-juicio-3.jpg\" data-orig-size=\"600,337\" data-comments-opened=\"0\" data-image-meta=\"{&quot;aperture&quot;:&quot;0&quot;,&quot;credit&quot;:&quot;&quot;,&quot;camera&quot;:&quot;&quot;,&quot;caption&quot;:&quot;&quot;,&quot;created_timestamp&quot;:&quot;0&quot;,&quot;copyright&quot;:&quot;&quot;,&quot;focal_length&quot;:&quot;0&quot;,&quot;iso&quot;:&quot;0&quot;,&quot;shutter_speed&quot;:&quot;0&quot;,&quot;title&quot;:&quot;&quot;,&quot;orientation&quot;:&quot;0&quot;}\" data-image-title=\"cristina-juicio-3\" data-image-description=\"\" data-image-caption=\"\" data-medium-file=\"http:\/\/www.rtvnoticias.com.ar\/wp-content\/uploads\/2019\/05\/cristina-juicio-3-300x169.jpg\" data-large-file=\"http:\/\/www.rtvnoticias.com.ar\/wp-content\/uploads\/2019\/05\/cristina-juicio-3.jpg\" decoding=\"async\" loading=\"lazy\" width=\"600\" height=\"337\" src=\"http:\/\/www.rtvnoticias.com.ar\/wp-content\/uploads\/2019\/05\/cristina-juicio-3.jpg\" alt=\"\" class=\"wp-image-12396\" srcset=\"http:\/\/www.rtvnoticias.com.ar\/wp-content\/uploads\/2019\/05\/cristina-juicio-3.jpg 600w, http:\/\/www.rtvnoticias.com.ar\/wp-content\/uploads\/2019\/05\/cristina-juicio-3-300x169.jpg 300w, http:\/\/www.rtvnoticias.com.ar\/wp-content\/uploads\/2019\/05\/cristina-juicio-3-480x270.jpg 480w\" sizes=\"(max-width: 600px) 100vw, 600px\" \/><figcaption><strong>Cristina salud\u00f3 al llegar a Tribunales de Comodoro Py<\/strong><\/figcaption><\/figure>\n\n\n\n<p>\u00abEst\u00e9n atentos a todo lo que van a o\u00edr y a lo que ocurra en este debate\u00bb, expres\u00f3 el presidente del Tribunal, Jorge Gorini, al dirigirse a los acusados luego de leer uno por uno sus nombres y ubicarlos con la mirada.<\/p>\n\n\n\n<p>Gorini se ubic\u00f3 junto a sus colegas de Tribunal, Andr\u00e9s Basso y Rodrigo Gim\u00e9nez Uriburu, mientras que la cuarta jueza suplente, Adriana Palliotti, no se present\u00f3 a la primera audiencia porque deb\u00eda concurrir a otro debate oral.<\/p>\n\n\n\n<p>Gorini anunci\u00f3 el inicio de la lectura del requerimiento de elevaci\u00f3n a juicio de los fiscales que investigaron el caso, Gerardo Pollicita e Ignacio Mahiques, y casi de inmediato fue interrumpido por el abogado de De Vido, Maximiliano Rusconi.<\/p>\n\n\n\n<p>En lo que fue el primer fuerte cruce apenas iniciado el debate, Gorini se neg\u00f3 a darle la palabra para efectuar un planteo previo sobre la nulidad del juicio, y el letrado respondi\u00f3 aludiendo a la \u00abgravedad\u00bb del caso. El juez tuvo que pedir silencio en la sala y de inmediato comenz\u00f3 la lectura de la acusaci\u00f3n fiscal, que demandar\u00e1 varias jornadas.<\/p>\n\n\n\n<p>La ex presidenta arrib\u00f3 al edificio minutos antes de las 12 junto a Beraldi, e ingres\u00f3 por una puerta lateral sin realizar declaraciones y con solo un breve saludo con la mano a quienes la esperaban para verla.&nbsp;<\/p>\n\n\n\n<p>Ya en el hall de acceso a la sala fue aplaudida y saludada por dirigentes kirchneristas, y de inmediato se ubic\u00f3 junto a Beraldi en asientos en la \u00faltima fila de la sala, de espaldas al blindex que separa a las partes en el juicio del p\u00fablico.<\/p>\n\n\n\n<p>M\u00e1s adelante, en la segunda fila, quedaron sentados juntos los detenidos ex ministro de Planificaci\u00f3n De Vido y el empresario B\u00e1ez. Los restantes acusados, entre ellos, el tambi\u00e9n detenido ex secretario de Obras P\u00fablicas Jos\u00e9 L\u00f3pez, se distribuyeron en la sala.<\/p>\n\n\n\n<p>Del otro lado se ubicaron las querellas de la Unidad de Informaci\u00f3n Financiera (UIF) y de la Oficina Anticorrupci\u00f3n (OA), y el fiscal del juicio, Diego Luciani.<\/p>\n\n\n\n<p>Desde temprano, se concentraron en el hall central del edificio referentes pol\u00edticos kirchneristas que ingresaron a la sala de audiencias para presenciar el debate, entre ellos, Oscar Parrilli, Carlos Tomada, Diana Conti, Rodolfo Tailhade y Mart\u00edn Sabbatella. Tambi\u00e9n arrib\u00f3 el ex secretario de Seguridad del kirchnerismo Sergio Berni.<\/p>\n\n\n\n<p>El sector destinado al p\u00fablico en la planta baja de la sala de audiencias qued\u00f3 colmado por los referentes del kirchnerismo, entre ellos intendentes del Conurbano, como Walter Festa (Moreno), Fernando Gray (Esteban Echeverr\u00eda), Gustavo Men\u00e9ndez (Merlo) y Ver\u00f3nica Magario (La Matanza).<\/p>\n\n\n\n<p>Tambi\u00e9n concurrieron a la sala de audiencias Estela de Carlotto, Taty Almeida, Hebe de Bonafini, Juan Cabandi\u00e9, Wado de Pedro, Axel Kicillof y Andr\u00e9s Larroque, entre otros.<\/p>\n\n\n\n<p>Fuente: Cadena3<\/p>\n<div class=\"sharedaddy sd-sharing-enabled\"><div class=\"robots-nocontent sd-block sd-social sd-social-icon sd-sharing\"><h3 class=\"sd-title\">Comparte esto:<\/h3><div class=\"sd-content\"><ul><li class=\"share-twitter\"><a rel=\"nofollow noopener noreferrer\" data-shared=\"sharing-twitter-12393\" class=\"share-twitter sd-button share-icon no-text\" href=\"http:\/\/www.rtvnoticias.com.ar\/?p=12393&amp;share=twitter\" target=\"_blank\" title=\"Haz clic para compartir en Twitter\"><span><\/span><span class=\"sharing-screen-reader-text\">Haz clic para compartir en Twitter (Se abre en una ventana nueva)<\/span><\/a><\/li><li class=\"share-facebook\"><a rel=\"nofollow noopener noreferrer\" data-shared=\"sharing-facebook-12393\" class=\"share-facebook sd-button share-icon no-text\" href=\"http:\/\/www.rtvnoticias.com.ar\/?p=12393&amp;share=facebook\" target=\"_blank\" title=\"Haz clic para compartir en Facebook\"><span><\/span><span class=\"sharing-screen-reader-text\">Haz clic para compartir en Facebook (Se abre en una ventana nueva)<\/span><\/a><\/li><li class=\"share-jetpack-whatsapp\"><a rel=\"nofollow noopener noreferrer\" data-shared=\"\" class=\"share-jetpack-whatsapp sd-button share-icon no-text\" href=\"http:\/\/www.rtvnoticias.com.ar\/?p=12393&amp;share=jetpack-whatsapp\" target=\"_blank\" title=\"Haz clic para compartir en WhatsApp\"><span><\/span><span class=\"sharing-screen-reader-text\">Haz clic para compartir en WhatsApp (Se abre en una ventana nueva)<\/span><\/a><\/li><li class=\"share-telegram\"><a rel=\"nofollow noopener noreferrer\" data-shared=\"\" class=\"share-telegram sd-button share-icon no-text\" href=\"http:\/\/www.rtvnoticias.com.ar\/?p=12393&amp;share=telegram\" target=\"_blank\" title=\"Haz clic para compartir en Telegram\"><span><\/span><span class=\"sharing-screen-reader-text\">Haz clic para compartir en Telegram (Se abre en una ventana nueva)<\/span><\/a><\/li><li class=\"share-end\"><\/li><\/ul><\/div><\/div><\/div>","protected":false},"excerpt":{"rendered":"<p>El primer juicio oral y p\u00fablico a la ex presidenta Cristina Fern\u00e1ndez de Kirchner por el supuesto direccionamiento de la obra p\u00fablica vial en Santa<\/p>\n<div class=\"sharedaddy sd-sharing-enabled\"><div class=\"robots-nocontent sd-block sd-social sd-social-icon sd-sharing\"><h3 class=\"sd-title\">Comparte esto:<\/h3><div class=\"sd-content\"><ul><li class=\"share-twitter\"><a rel=\"nofollow noopener noreferrer\" data-shared=\"sharing-twitter-12393\" class=\"share-twitter sd-button share-icon no-text\" href=\"http:\/\/www.rtvnoticias.com.ar\/?p=12393&amp;share=twitter\" target=\"_blank\" title=\"Haz clic para compartir en Twitter\"><span><\/span><span class=\"sharing-screen-reader-text\">Haz clic para compartir en Twitter (Se abre en una ventana nueva)<\/span><\/a><\/li><li class=\"share-facebook\"><a rel=\"nofollow noopener noreferrer\" data-shared=\"sharing-facebook-12393\" class=\"share-facebook sd-button share-icon no-text\" href=\"http:\/\/www.rtvnoticias.com.ar\/?p=12393&amp;share=facebook\" target=\"_blank\" title=\"Haz clic para compartir en Facebook\"><span><\/span><span class=\"sharing-screen-reader-text\">Haz clic para compartir en Facebook (Se abre en una ventana nueva)<\/span><\/a><\/li><li class=\"share-jetpack-whatsapp\"><a rel=\"nofollow noopener noreferrer\" data-shared=\"\" class=\"share-jetpack-whatsapp sd-button share-icon no-text\" href=\"http:\/\/www.rtvnoticias.com.ar\/?p=12393&amp;share=jetpack-whatsapp\" target=\"_blank\" title=\"Haz clic para compartir en WhatsApp\"><span><\/span><span class=\"sharing-screen-reader-text\">Haz clic para compartir en WhatsApp (Se abre en una ventana nueva)<\/span><\/a><\/li><li class=\"share-telegram\"><a rel=\"nofollow noopener noreferrer\" data-shared=\"\" class=\"share-telegram sd-button share-icon no-text\" href=\"http:\/\/www.rtvnoticias.com.ar\/?p=12393&amp;share=telegram\" target=\"_blank\" title=\"Haz clic para compartir en Telegram\"><span><\/span><span class=\"sharing-screen-reader-text\">Haz clic para compartir en Telegram (Se abre en una ventana nueva)<\/span><\/a><\/li><li class=\"share-end\"><\/li><\/ul><\/div><\/div><\/div>","protected":false},"author":5,"featured_media":12394,"comment_status":"closed","ping_status":"closed","sticky":false,"template":"","format":"standard","meta":{"spay_email":"","jetpack_publicize_message":"","jetpack_is_tweetstorm":false,"jetpack_publicize_feature_enabled":true},"categories":[5],"tags":[2650],"jetpack_featured_media_url":"http:\/\/www.rtvnoticias.com.ar\/wp-content\/uploads\/2019\/05\/cristina-juicio.jpg","jetpack_publicize_connections":[],"jetpack_sharing_enabled":true,"_links":{"self":[{"href":"http:\/\/www.rtvnoticias.com.ar\/index.php?rest_route=\/wp\/v2\/posts\/12393"}],"collection":[{"href":"http:\/\/www.rtvnoticias.com.ar\/index.php?rest_route=\/wp\/v2\/posts"}],"about":[{"href":"http:\/\/www.rtvnoticias.com.ar\/index.php?rest_route=\/wp\/v2\/types\/post"}],"author":[{"embeddable":true,"href":"http:\/\/www.rtvnoticias.com.ar\/index.php?rest_route=\/wp\/v2\/users\/5"}],"replies":[{"embeddable":true,"href":"http:\/\/www.rtvnoticias.com.ar\/index.php?rest_route=%2Fwp%2Fv2%2Fcomments&post=12393"}],"version-history":[{"count":1,"href":"http:\/\/www.rtvnoticias.com.ar\/index.php?rest_route=\/wp\/v2\/posts\/12393\/revisions"}],"predecessor-version":[{"id":12397,"href":"http:\/\/www.rtvnoticias.com.ar\/index.php?rest_route=\/wp\/v2\/posts\/12393\/revisions\/12397"}],"wp:featuredmedia":[{"embeddable":true,"href":"http:\/\/www.rtvnoticias.com.ar\/index.php?rest_route=\/wp\/v2\/media\/12394"}],"wp:attachment":[{"href":"http:\/\/www.rtvnoticias.com.ar\/index.php?rest_route=%2Fwp%2Fv2%2Fmedia&parent=12393"}],"wp:term":[{"taxonomy":"category","embeddable":true,"href":"http:\/\/www.rtvnoticias.com.ar\/index.php?rest_route=%2Fwp%2Fv2%2Fcategories&post=12393"},{"taxonomy":"post_tag","embeddable":true,"href":"http:\/\/www.rtvnoticias.com.ar\/index.php?rest_route=%2Fwp%2Fv2%2Ftags&post=12393"}],"curies":[{"name":"wp","href":"https:\/\/api.w.org\/{rel}","templated":true}]}}