{"id":14014,"date":"2019-07-30T23:30:41","date_gmt":"2019-07-31T02:30:41","guid":{"rendered":"http:\/\/www.rtvnoticias.com.ar\/?p=14014"},"modified":"2019-07-30T23:37:01","modified_gmt":"2019-07-31T02:37:01","slug":"esteban-lamothe-en-la-5ta-edicion-del-festival-nacional-de-cine-general-pico","status":"publish","type":"post","link":"http:\/\/www.rtvnoticias.com.ar\/?p=14014","title":{"rendered":"Esteban Lamothe en la 5ta. Edici\u00f3n del Festival Nacional de Cine General Pico"},"content":{"rendered":"\n<p class=\"has-background has-very-light-gray-background-color\"><strong>Esteban Lamothe, a<\/strong>ctor de cine y televisi\u00f3n argentino que cuenta con una importante trayectoria estar\u00e1 presente en la 5ta. edici\u00f3n del festival. La Asociaci\u00f3n Italiana XX de Septiembre invita a participar de <strong>\u201cUna charla magistral\u201d<\/strong> con el actor y a disfrutar de la secci\u00f3n Retrospectiva con pel\u00edculas que marcaron su carrera.<br><\/p>\n\n\n\n<div class=\"wp-block-image\"><figure class=\"alignleft\"><img data-attachment-id=\"14016\" data-permalink=\"http:\/\/www.rtvnoticias.com.ar\/?attachment_id=14016\" data-orig-file=\"http:\/\/www.rtvnoticias.com.ar\/wp-content\/uploads\/2019\/07\/Lamothe-Retros.jpg\" data-orig-size=\"145,750\" data-comments-opened=\"0\" data-image-meta=\"{&quot;aperture&quot;:&quot;0&quot;,&quot;credit&quot;:&quot;&quot;,&quot;camera&quot;:&quot;&quot;,&quot;caption&quot;:&quot;&quot;,&quot;created_timestamp&quot;:&quot;0&quot;,&quot;copyright&quot;:&quot;&quot;,&quot;focal_length&quot;:&quot;0&quot;,&quot;iso&quot;:&quot;0&quot;,&quot;shutter_speed&quot;:&quot;0&quot;,&quot;title&quot;:&quot;&quot;,&quot;orientation&quot;:&quot;0&quot;}\" data-image-title=\"Lamothe- Retros\" data-image-description=\"\" data-image-caption=\"\" data-medium-file=\"http:\/\/www.rtvnoticias.com.ar\/wp-content\/uploads\/2019\/07\/Lamothe-Retros-58x300.jpg\" data-large-file=\"http:\/\/www.rtvnoticias.com.ar\/wp-content\/uploads\/2019\/07\/Lamothe-Retros.jpg\" decoding=\"async\" loading=\"lazy\" width=\"145\" height=\"750\" src=\"http:\/\/www.rtvnoticias.com.ar\/wp-content\/uploads\/2019\/07\/Lamothe-Retros.jpg\" alt=\"\" class=\"wp-image-14016\" srcset=\"http:\/\/www.rtvnoticias.com.ar\/wp-content\/uploads\/2019\/07\/Lamothe-Retros.jpg 145w, http:\/\/www.rtvnoticias.com.ar\/wp-content\/uploads\/2019\/07\/Lamothe-Retros-58x300.jpg 58w\" sizes=\"(max-width: 145px) 100vw, 145px\" \/><\/figure><\/div>\n\n\n\n<p>\u201cUna  Charla Magistral, es una actividad abierta al p\u00fablico en la que Esteban Lamothe recorrer\u00e1 los hitos m\u00e1s importantes de su carrera. Esto ser\u00e1 el d\u00eda s\u00e1bado 3 a las 11:30 hs. en el Cine &amp; Teatro Pico\u201d, comenta Pablo Mazzola director y programador art\u00edstico del festival.<br><\/p>\n\n\n\n<p>Durante la charla, este reconocido actor abordar\u00e1 temas como su llegada a Buenos Aires, sus primeros pasos en la actuaci\u00f3n, la historia detr\u00e1s de los papeles m\u00e1s importantes en cine y televisi\u00f3n, su m\u00e9todo de trabajo, las formas de pensar y entender el oficio.<br><\/p>\n\n\n\n<p>Lamothe cuenta con una filmograf\u00eda muy s\u00f3lida y variada,  cinco de sus pel\u00edculas formar\u00e1n parte de la nueva secci\u00f3n del festival que es \u201cRetrospectiva\u201d: \u201cun puente que une el pasado con el presente, define Mazzola. Esta secci\u00f3n contar\u00e1 con la presencia del actor durante la proyecci\u00f3n de  \u201cLa vida por Per\u00f3n\u201d y \u201cEl estudiante\u201d. \u201cPoder ver una pel\u00edcula y al mismo tiempo tener la posibilidad de debatirla con quienes formaron parte de ella es lo que queremos brindar a la comunidad. Invitamos a todos a vivir Retrospectiva \u201cde y con\u201d Esteban Lamothe, concluye Mazzola.<br><\/p>\n\n\n\n<p>Ya est\u00e1n disponibles en la web del festival  las entradas anticipadas para ver las pel\u00edculas de Lamothe  y para toda la programaci\u00f3n del festival. Adem\u00e1s, se puede participar de actividades interactivas en las redes: http:\/\/www.picocinefest.com.ar\/.  @festivalcinepico. <br><\/p>\n\n\n\n<p>La ciudad de General Pico se proyecta  a trav\u00e9s del cine, la Asociaci\u00f3n Italiana invita a la comunidad a ser parte del evento.<\/p>\n<div class=\"sharedaddy sd-sharing-enabled\"><div class=\"robots-nocontent sd-block sd-social sd-social-icon sd-sharing\"><h3 class=\"sd-title\">Comparte esto:<\/h3><div class=\"sd-content\"><ul><li class=\"share-twitter\"><a rel=\"nofollow noopener noreferrer\" data-shared=\"sharing-twitter-14014\" class=\"share-twitter sd-button share-icon no-text\" href=\"http:\/\/www.rtvnoticias.com.ar\/?p=14014&amp;share=twitter\" target=\"_blank\" title=\"Haz clic para compartir en Twitter\"><span><\/span><span class=\"sharing-screen-reader-text\">Haz clic para compartir en Twitter (Se abre en una ventana nueva)<\/span><\/a><\/li><li class=\"share-facebook\"><a rel=\"nofollow noopener noreferrer\" data-shared=\"sharing-facebook-14014\" class=\"share-facebook sd-button share-icon no-text\" href=\"http:\/\/www.rtvnoticias.com.ar\/?p=14014&amp;share=facebook\" target=\"_blank\" title=\"Haz clic para compartir en Facebook\"><span><\/span><span class=\"sharing-screen-reader-text\">Haz clic para compartir en Facebook (Se abre en una ventana nueva)<\/span><\/a><\/li><li class=\"share-jetpack-whatsapp\"><a rel=\"nofollow noopener noreferrer\" data-shared=\"\" class=\"share-jetpack-whatsapp sd-button share-icon no-text\" href=\"http:\/\/www.rtvnoticias.com.ar\/?p=14014&amp;share=jetpack-whatsapp\" target=\"_blank\" title=\"Haz clic para compartir en WhatsApp\"><span><\/span><span class=\"sharing-screen-reader-text\">Haz clic para compartir en WhatsApp (Se abre en una ventana nueva)<\/span><\/a><\/li><li class=\"share-telegram\"><a rel=\"nofollow noopener noreferrer\" data-shared=\"\" class=\"share-telegram sd-button share-icon no-text\" href=\"http:\/\/www.rtvnoticias.com.ar\/?p=14014&amp;share=telegram\" target=\"_blank\" title=\"Haz clic para compartir en Telegram\"><span><\/span><span class=\"sharing-screen-reader-text\">Haz clic para compartir en Telegram (Se abre en una ventana nueva)<\/span><\/a><\/li><li class=\"share-end\"><\/li><\/ul><\/div><\/div><\/div>","protected":false},"excerpt":{"rendered":"<p>Esteban Lamothe, actor de cine y televisi\u00f3n argentino que cuenta con una importante trayectoria estar\u00e1 presente en la 5ta. edici\u00f3n del festival. La Asociaci\u00f3n Italiana<\/p>\n<div class=\"sharedaddy sd-sharing-enabled\"><div class=\"robots-nocontent sd-block sd-social sd-social-icon sd-sharing\"><h3 class=\"sd-title\">Comparte esto:<\/h3><div class=\"sd-content\"><ul><li class=\"share-twitter\"><a rel=\"nofollow noopener noreferrer\" data-shared=\"sharing-twitter-14014\" class=\"share-twitter sd-button share-icon no-text\" href=\"http:\/\/www.rtvnoticias.com.ar\/?p=14014&amp;share=twitter\" target=\"_blank\" title=\"Haz clic para compartir en Twitter\"><span><\/span><span class=\"sharing-screen-reader-text\">Haz clic para compartir en Twitter (Se abre en una ventana nueva)<\/span><\/a><\/li><li class=\"share-facebook\"><a rel=\"nofollow noopener noreferrer\" data-shared=\"sharing-facebook-14014\" class=\"share-facebook sd-button share-icon no-text\" href=\"http:\/\/www.rtvnoticias.com.ar\/?p=14014&amp;share=facebook\" target=\"_blank\" title=\"Haz clic para compartir en Facebook\"><span><\/span><span class=\"sharing-screen-reader-text\">Haz clic para compartir en Facebook (Se abre en una ventana nueva)<\/span><\/a><\/li><li class=\"share-jetpack-whatsapp\"><a rel=\"nofollow noopener noreferrer\" data-shared=\"\" class=\"share-jetpack-whatsapp sd-button share-icon no-text\" href=\"http:\/\/www.rtvnoticias.com.ar\/?p=14014&amp;share=jetpack-whatsapp\" target=\"_blank\" title=\"Haz clic para compartir en WhatsApp\"><span><\/span><span class=\"sharing-screen-reader-text\">Haz clic para compartir en WhatsApp (Se abre en una ventana nueva)<\/span><\/a><\/li><li class=\"share-telegram\"><a rel=\"nofollow noopener noreferrer\" data-shared=\"\" class=\"share-telegram sd-button share-icon no-text\" href=\"http:\/\/www.rtvnoticias.com.ar\/?p=14014&amp;share=telegram\" target=\"_blank\" title=\"Haz clic para compartir en Telegram\"><span><\/span><span class=\"sharing-screen-reader-text\">Haz clic para compartir en Telegram (Se abre en una ventana nueva)<\/span><\/a><\/li><li class=\"share-end\"><\/li><\/ul><\/div><\/div><\/div>","protected":false},"author":3,"featured_media":14017,"comment_status":"closed","ping_status":"closed","sticky":false,"template":"","format":"standard","meta":{"spay_email":"","jetpack_publicize_message":"","jetpack_is_tweetstorm":false,"jetpack_publicize_feature_enabled":true},"categories":[35,3],"tags":[],"jetpack_featured_media_url":"http:\/\/www.rtvnoticias.com.ar\/wp-content\/uploads\/2019\/07\/lamothe.jpg","jetpack_publicize_connections":[],"jetpack_sharing_enabled":true,"_links":{"self":[{"href":"http:\/\/www.rtvnoticias.com.ar\/index.php?rest_route=\/wp\/v2\/posts\/14014"}],"collection":[{"href":"http:\/\/www.rtvnoticias.com.ar\/index.php?rest_route=\/wp\/v2\/posts"}],"about":[{"href":"http:\/\/www.rtvnoticias.com.ar\/index.php?rest_route=\/wp\/v2\/types\/post"}],"author":[{"embeddable":true,"href":"http:\/\/www.rtvnoticias.com.ar\/index.php?rest_route=\/wp\/v2\/users\/3"}],"replies":[{"embeddable":true,"href":"http:\/\/www.rtvnoticias.com.ar\/index.php?rest_route=%2Fwp%2Fv2%2Fcomments&post=14014"}],"version-history":[{"count":1,"href":"http:\/\/www.rtvnoticias.com.ar\/index.php?rest_route=\/wp\/v2\/posts\/14014\/revisions"}],"predecessor-version":[{"id":14018,"href":"http:\/\/www.rtvnoticias.com.ar\/index.php?rest_route=\/wp\/v2\/posts\/14014\/revisions\/14018"}],"wp:featuredmedia":[{"embeddable":true,"href":"http:\/\/www.rtvnoticias.com.ar\/index.php?rest_route=\/wp\/v2\/media\/14017"}],"wp:attachment":[{"href":"http:\/\/www.rtvnoticias.com.ar\/index.php?rest_route=%2Fwp%2Fv2%2Fmedia&parent=14014"}],"wp:term":[{"taxonomy":"category","embeddable":true,"href":"http:\/\/www.rtvnoticias.com.ar\/index.php?rest_route=%2Fwp%2Fv2%2Fcategories&post=14014"},{"taxonomy":"post_tag","embeddable":true,"href":"http:\/\/www.rtvnoticias.com.ar\/index.php?rest_route=%2Fwp%2Fv2%2Ftags&post=14014"}],"curies":[{"name":"wp","href":"https:\/\/api.w.org\/{rel}","templated":true}]}}