{"id":16574,"date":"2019-11-10T09:31:05","date_gmt":"2019-11-10T12:31:05","guid":{"rendered":"http:\/\/www.rtvnoticias.com.ar\/?p=16574"},"modified":"2019-11-10T10:39:02","modified_gmt":"2019-11-10T13:39:02","slug":"empezo-la-araucania","status":"publish","type":"post","link":"http:\/\/www.rtvnoticias.com.ar\/?p=16574","title":{"rendered":"Empez\u00f3 la Araucan\u00eda"},"content":{"rendered":"\n<p style=\"text-align:center\"><strong>Con actos de lanzamiento realizados en simult\u00e1neo en las ciudades de Santa Rosa y General Pico, se dio por inaugurada la tradicional competencia binacional.  <\/strong><\/p>\n\n\n\n<p>Los XXVIII Juegos Binacionales de la Araucan\u00eda La Pampa 2019 comenzaron a vivirse oficialmente anoche con un acto inaugural desarrollado en tres sedes en simult\u00e1neo: Santa Rosa, General Pico y La Adela.<\/p>\n\n\n\n<p>La apertura en el Club Estudiantes de Santa Rosa estuvo a cargo de la ministra de Desarrollo Social, Fernanda Alonso, quien dio la bienvenida a las delegaciones participantes. \u201cHemos trabajado mucho, juntos, en equipo, convencidos de que el esfuerzo tiene sus recompensa. Para que esto sea posible el gobierno de La Pampa invirti\u00f3 48 millones de pesos en infraestructura\u00bb, dijo.<\/p>\n\n\n\n<figure class=\"wp-block-image\"><img data-attachment-id=\"16576\" data-permalink=\"http:\/\/www.rtvnoticias.com.ar\/?attachment_id=16576\" data-orig-file=\"http:\/\/www.rtvnoticias.com.ar\/wp-content\/uploads\/2019\/11\/arauca1.jpg\" data-orig-size=\"768,768\" data-comments-opened=\"0\" data-image-meta=\"{&quot;aperture&quot;:&quot;0&quot;,&quot;credit&quot;:&quot;&quot;,&quot;camera&quot;:&quot;&quot;,&quot;caption&quot;:&quot;&quot;,&quot;created_timestamp&quot;:&quot;0&quot;,&quot;copyright&quot;:&quot;&quot;,&quot;focal_length&quot;:&quot;0&quot;,&quot;iso&quot;:&quot;0&quot;,&quot;shutter_speed&quot;:&quot;0&quot;,&quot;title&quot;:&quot;&quot;,&quot;orientation&quot;:&quot;0&quot;}\" data-image-title=\"arauca1\" data-image-description=\"\" data-image-caption=\"\" data-medium-file=\"http:\/\/www.rtvnoticias.com.ar\/wp-content\/uploads\/2019\/11\/arauca1-300x300.jpg\" data-large-file=\"http:\/\/www.rtvnoticias.com.ar\/wp-content\/uploads\/2019\/11\/arauca1.jpg\" decoding=\"async\" loading=\"lazy\" width=\"768\" height=\"768\" src=\"http:\/\/www.rtvnoticias.com.ar\/wp-content\/uploads\/2019\/11\/arauca1.jpg\" alt=\"\" class=\"wp-image-16576\" srcset=\"http:\/\/www.rtvnoticias.com.ar\/wp-content\/uploads\/2019\/11\/arauca1.jpg 768w, http:\/\/www.rtvnoticias.com.ar\/wp-content\/uploads\/2019\/11\/arauca1-150x150.jpg 150w, http:\/\/www.rtvnoticias.com.ar\/wp-content\/uploads\/2019\/11\/arauca1-300x300.jpg 300w\" sizes=\"(max-width: 768px) 100vw, 768px\" \/><\/figure>\n\n\n\n<p>La  llama ol\u00edmpica fue encendida por la jugadora de la selecci\u00f3n nacional de voley, Balbanera Ulla. <\/p>\n\n\n\n<p>El evento central tuvo lugar en el Club Estudiantes, de Santa Rosa, donde estuvieron presentes representantes de cada una de las trece delegaciones.<\/p>\n\n\n\n<p>Para hoy est\u00e1 previsto el arranque de la competencia en casi todas las disciplinas, salvo judo y nataci\u00f3n, que comienzan ma\u00f1ana. <\/p>\n\n\n\n<p>En Santa Rosa, el b\u00e1squet femenino har\u00e1 su debut a las 11 horas ante Magallanes en el club All Boys, y a las 18 ante \u00d1uble en el Club Estudiantes. El v\u00f3ley femenino comienza su participaci\u00f3n a las 16 horas ante Araucan\u00eda en el Club Domingo Savio.<\/p>\n\n\n\n<figure class=\"wp-block-image\"><img data-attachment-id=\"16578\" data-permalink=\"http:\/\/www.rtvnoticias.com.ar\/?attachment_id=16578\" data-orig-file=\"http:\/\/www.rtvnoticias.com.ar\/wp-content\/uploads\/2019\/11\/arauca3.jpg\" data-orig-size=\"768,768\" data-comments-opened=\"0\" data-image-meta=\"{&quot;aperture&quot;:&quot;0&quot;,&quot;credit&quot;:&quot;&quot;,&quot;camera&quot;:&quot;&quot;,&quot;caption&quot;:&quot;&quot;,&quot;created_timestamp&quot;:&quot;0&quot;,&quot;copyright&quot;:&quot;&quot;,&quot;focal_length&quot;:&quot;0&quot;,&quot;iso&quot;:&quot;0&quot;,&quot;shutter_speed&quot;:&quot;0&quot;,&quot;title&quot;:&quot;&quot;,&quot;orientation&quot;:&quot;0&quot;}\" data-image-title=\"arauca3\" data-image-description=\"\" data-image-caption=\"\" data-medium-file=\"http:\/\/www.rtvnoticias.com.ar\/wp-content\/uploads\/2019\/11\/arauca3-300x300.jpg\" data-large-file=\"http:\/\/www.rtvnoticias.com.ar\/wp-content\/uploads\/2019\/11\/arauca3.jpg\" decoding=\"async\" loading=\"lazy\" width=\"768\" height=\"768\" src=\"http:\/\/www.rtvnoticias.com.ar\/wp-content\/uploads\/2019\/11\/arauca3.jpg\" alt=\"\" class=\"wp-image-16578\" srcset=\"http:\/\/www.rtvnoticias.com.ar\/wp-content\/uploads\/2019\/11\/arauca3.jpg 768w, http:\/\/www.rtvnoticias.com.ar\/wp-content\/uploads\/2019\/11\/arauca3-150x150.jpg 150w, http:\/\/www.rtvnoticias.com.ar\/wp-content\/uploads\/2019\/11\/arauca3-300x300.jpg 300w\" sizes=\"(max-width: 768px) 100vw, 768px\" \/><\/figure>\n\n\n\n<p>El f\u00fatbol masculino inicia su participaci\u00f3n en el Club General Belgrano a las 16 ante Santa Cruz y el f\u00fatbol femenino va a las 18 horas, tambi\u00e9n ante Santa Cruz en el club All Boys. Por \u00faltimo, el atletismo se pone en marcha en la pista de Soldado Sint\u00e9tico a partir de las 15:30.<\/p>\n\n\n\n<p>En la localidad de General Pico, el b\u00e1squet masculino juega su primer compromiso a las 16 horas ante La Pampa, en el Gimnasio del Pico F\u00fatbol Club. <br><\/p>\n\n\n\n<p>El ciclismo, en ambas ramas compite en el circuito de General Acha, desde las 14 horas. Primero competir\u00e1n las mujeres, mientras que los varones lo har\u00e1n desde las 15:30. Ser\u00e1n las pruebas de contrarreloj por equipos, sobre una distancia de 20 kil\u00f3metros.&nbsp;<br><\/p>\n\n\n\n<p>Vale aclarar que las disciplinas de nataci\u00f3n y judo se ponen en marcha ma\u00f1ana por la ma\u00f1ana en las sedes de General Pico y La Adela, respectivamente, por lo que aprovechar\u00e1n las jornadas del s\u00e1bado y domingo para entrenar en doble turno.&nbsp; <\/p>\n<div class=\"sharedaddy sd-sharing-enabled\"><div class=\"robots-nocontent sd-block sd-social sd-social-icon sd-sharing\"><h3 class=\"sd-title\">Comparte esto:<\/h3><div class=\"sd-content\"><ul><li class=\"share-twitter\"><a rel=\"nofollow noopener noreferrer\" data-shared=\"sharing-twitter-16574\" class=\"share-twitter sd-button share-icon no-text\" href=\"http:\/\/www.rtvnoticias.com.ar\/?p=16574&amp;share=twitter\" target=\"_blank\" title=\"Haz clic para compartir en Twitter\"><span><\/span><span class=\"sharing-screen-reader-text\">Haz clic para compartir en Twitter (Se abre en una ventana nueva)<\/span><\/a><\/li><li class=\"share-facebook\"><a rel=\"nofollow noopener noreferrer\" data-shared=\"sharing-facebook-16574\" class=\"share-facebook sd-button share-icon no-text\" href=\"http:\/\/www.rtvnoticias.com.ar\/?p=16574&amp;share=facebook\" target=\"_blank\" title=\"Haz clic para compartir en Facebook\"><span><\/span><span class=\"sharing-screen-reader-text\">Haz clic para compartir en Facebook (Se abre en una ventana nueva)<\/span><\/a><\/li><li class=\"share-jetpack-whatsapp\"><a rel=\"nofollow noopener noreferrer\" data-shared=\"\" class=\"share-jetpack-whatsapp sd-button share-icon no-text\" href=\"http:\/\/www.rtvnoticias.com.ar\/?p=16574&amp;share=jetpack-whatsapp\" target=\"_blank\" title=\"Haz clic para compartir en WhatsApp\"><span><\/span><span class=\"sharing-screen-reader-text\">Haz clic para compartir en WhatsApp (Se abre en una ventana nueva)<\/span><\/a><\/li><li class=\"share-telegram\"><a rel=\"nofollow noopener noreferrer\" data-shared=\"\" class=\"share-telegram sd-button share-icon no-text\" href=\"http:\/\/www.rtvnoticias.com.ar\/?p=16574&amp;share=telegram\" target=\"_blank\" title=\"Haz clic para compartir en Telegram\"><span><\/span><span class=\"sharing-screen-reader-text\">Haz clic para compartir en Telegram (Se abre en una ventana nueva)<\/span><\/a><\/li><li class=\"share-end\"><\/li><\/ul><\/div><\/div><\/div>","protected":false},"excerpt":{"rendered":"<p>Con actos de lanzamiento realizados en simult\u00e1neo en las ciudades de Santa Rosa y General Pico, se dio por inaugurada la tradicional competencia binacional. Los<\/p>\n<div class=\"sharedaddy sd-sharing-enabled\"><div class=\"robots-nocontent sd-block sd-social sd-social-icon sd-sharing\"><h3 class=\"sd-title\">Comparte esto:<\/h3><div class=\"sd-content\"><ul><li class=\"share-twitter\"><a rel=\"nofollow noopener noreferrer\" data-shared=\"sharing-twitter-16574\" class=\"share-twitter sd-button share-icon no-text\" href=\"http:\/\/www.rtvnoticias.com.ar\/?p=16574&amp;share=twitter\" target=\"_blank\" title=\"Haz clic para compartir en Twitter\"><span><\/span><span class=\"sharing-screen-reader-text\">Haz clic para compartir en Twitter (Se abre en una ventana nueva)<\/span><\/a><\/li><li class=\"share-facebook\"><a rel=\"nofollow noopener noreferrer\" data-shared=\"sharing-facebook-16574\" class=\"share-facebook sd-button share-icon no-text\" href=\"http:\/\/www.rtvnoticias.com.ar\/?p=16574&amp;share=facebook\" target=\"_blank\" title=\"Haz clic para compartir en Facebook\"><span><\/span><span class=\"sharing-screen-reader-text\">Haz clic para compartir en Facebook (Se abre en una ventana nueva)<\/span><\/a><\/li><li class=\"share-jetpack-whatsapp\"><a rel=\"nofollow noopener noreferrer\" data-shared=\"\" class=\"share-jetpack-whatsapp sd-button share-icon no-text\" href=\"http:\/\/www.rtvnoticias.com.ar\/?p=16574&amp;share=jetpack-whatsapp\" target=\"_blank\" title=\"Haz clic para compartir en WhatsApp\"><span><\/span><span class=\"sharing-screen-reader-text\">Haz clic para compartir en WhatsApp (Se abre en una ventana nueva)<\/span><\/a><\/li><li class=\"share-telegram\"><a rel=\"nofollow noopener noreferrer\" data-shared=\"\" class=\"share-telegram sd-button share-icon no-text\" href=\"http:\/\/www.rtvnoticias.com.ar\/?p=16574&amp;share=telegram\" target=\"_blank\" title=\"Haz clic para compartir en Telegram\"><span><\/span><span class=\"sharing-screen-reader-text\">Haz clic para compartir en Telegram (Se abre en una ventana nueva)<\/span><\/a><\/li><li class=\"share-end\"><\/li><\/ul><\/div><\/div><\/div>","protected":false},"author":7,"featured_media":16575,"comment_status":"closed","ping_status":"closed","sticky":false,"template":"","format":"standard","meta":{"spay_email":"","jetpack_publicize_message":"","jetpack_is_tweetstorm":false,"jetpack_publicize_feature_enabled":true},"categories":[6],"tags":[2977],"jetpack_featured_media_url":"http:\/\/www.rtvnoticias.com.ar\/wp-content\/uploads\/2019\/11\/araucania-7.jpg","jetpack_publicize_connections":[],"jetpack_sharing_enabled":true,"_links":{"self":[{"href":"http:\/\/www.rtvnoticias.com.ar\/index.php?rest_route=\/wp\/v2\/posts\/16574"}],"collection":[{"href":"http:\/\/www.rtvnoticias.com.ar\/index.php?rest_route=\/wp\/v2\/posts"}],"about":[{"href":"http:\/\/www.rtvnoticias.com.ar\/index.php?rest_route=\/wp\/v2\/types\/post"}],"author":[{"embeddable":true,"href":"http:\/\/www.rtvnoticias.com.ar\/index.php?rest_route=\/wp\/v2\/users\/7"}],"replies":[{"embeddable":true,"href":"http:\/\/www.rtvnoticias.com.ar\/index.php?rest_route=%2Fwp%2Fv2%2Fcomments&post=16574"}],"version-history":[{"count":3,"href":"http:\/\/www.rtvnoticias.com.ar\/index.php?rest_route=\/wp\/v2\/posts\/16574\/revisions"}],"predecessor-version":[{"id":16591,"href":"http:\/\/www.rtvnoticias.com.ar\/index.php?rest_route=\/wp\/v2\/posts\/16574\/revisions\/16591"}],"wp:featuredmedia":[{"embeddable":true,"href":"http:\/\/www.rtvnoticias.com.ar\/index.php?rest_route=\/wp\/v2\/media\/16575"}],"wp:attachment":[{"href":"http:\/\/www.rtvnoticias.com.ar\/index.php?rest_route=%2Fwp%2Fv2%2Fmedia&parent=16574"}],"wp:term":[{"taxonomy":"category","embeddable":true,"href":"http:\/\/www.rtvnoticias.com.ar\/index.php?rest_route=%2Fwp%2Fv2%2Fcategories&post=16574"},{"taxonomy":"post_tag","embeddable":true,"href":"http:\/\/www.rtvnoticias.com.ar\/index.php?rest_route=%2Fwp%2Fv2%2Ftags&post=16574"}],"curies":[{"name":"wp","href":"https:\/\/api.w.org\/{rel}","templated":true}]}}