{"id":17048,"date":"2019-12-02T11:50:42","date_gmt":"2019-12-02T14:50:42","guid":{"rendered":"http:\/\/www.rtvnoticias.com.ar\/?p=17048"},"modified":"2019-12-02T11:50:51","modified_gmt":"2019-12-02T14:50:51","slug":"cierre-de-talleres-municipales","status":"publish","type":"post","link":"http:\/\/www.rtvnoticias.com.ar\/?p=17048","title":{"rendered":"Cierre de talleres municipales"},"content":{"rendered":"\n<p>La Municipalidad de General Pico, a trav\u00e9s de la Direcci\u00f3n de Educaci\u00f3n y Cultura dependiente de la Secretaria de Gobierno, Seguridad, Educaci\u00f3n y Cultura, realiz\u00f3 este fin de semana el cierre de los talleres que se dictaron de forma gratuita durante todo el a\u00f1o.<\/p>\n\n\n\n<p>Fueron 45 los talleres anuales destinados a ni\u00f1os, ni\u00f1as, adolescentes y adultos, que tuvieron una concurrencia de aproximadamente mil asistentes en el Centro Cultural Marac\u00f3, El Viejo Galp\u00f3n, la Biblioteca Municipal Popular \u201cJos\u00e9 Manuel Estrada\u201d y en MEDANO.<\/p>\n\n\n\n<p>Los mencionados cursos incluyeron a las artes pl\u00e1sticas en sus m\u00e1s variadas expresiones, junto con bordado, tejido, m\u00fasica, danza, teatro e improvisaci\u00f3n, vitreaux, costura, reciclado, tallado en madera, maquillaje, cocina, periodismo, entre otros.<\/p>\n\n\n\n<figure class=\"wp-block-image\"><img data-attachment-id=\"17050\" data-permalink=\"http:\/\/www.rtvnoticias.com.ar\/?attachment_id=17050\" data-orig-file=\"http:\/\/www.rtvnoticias.com.ar\/wp-content\/uploads\/2019\/12\/talleres-2.jpg\" data-orig-size=\"600,400\" data-comments-opened=\"0\" data-image-meta=\"{&quot;aperture&quot;:&quot;9&quot;,&quot;credit&quot;:&quot;&quot;,&quot;camera&quot;:&quot;NIKON D5500&quot;,&quot;caption&quot;:&quot;&quot;,&quot;created_timestamp&quot;:&quot;1575226935&quot;,&quot;copyright&quot;:&quot;&quot;,&quot;focal_length&quot;:&quot;95&quot;,&quot;iso&quot;:&quot;2500&quot;,&quot;shutter_speed&quot;:&quot;0.003125&quot;,&quot;title&quot;:&quot;&quot;,&quot;orientation&quot;:&quot;1&quot;}\" data-image-title=\"talleres-2\" data-image-description=\"\" data-image-caption=\"\" data-medium-file=\"http:\/\/www.rtvnoticias.com.ar\/wp-content\/uploads\/2019\/12\/talleres-2-300x200.jpg\" data-large-file=\"http:\/\/www.rtvnoticias.com.ar\/wp-content\/uploads\/2019\/12\/talleres-2.jpg\" decoding=\"async\" loading=\"lazy\" width=\"600\" height=\"400\" src=\"http:\/\/www.rtvnoticias.com.ar\/wp-content\/uploads\/2019\/12\/talleres-2.jpg\" alt=\"\" class=\"wp-image-17050\" srcset=\"http:\/\/www.rtvnoticias.com.ar\/wp-content\/uploads\/2019\/12\/talleres-2.jpg 600w, http:\/\/www.rtvnoticias.com.ar\/wp-content\/uploads\/2019\/12\/talleres-2-300x200.jpg 300w\" sizes=\"(max-width: 600px) 100vw, 600px\" \/><\/figure>\n\n\n\n<p>La Direcci\u00f3n de Educaci\u00f3n y Cultura cuenta tambi\u00e9n con el dictado de talleres que ya conforman los grupos estables, entre los que se encuentran el Grupo de Teatro Comod\u00edn, el Coro de la Tercera Edad, el Coro Polif\u00f3nico, el Coro de Ni\u00f1os, el Ensamble de Vientos y Percusi\u00f3n y la Orquesta T\u00edpica Marac\u00f3.<\/p>\n\n\n\n<p>Estos grupos estables son talleres de formaci\u00f3n que tienen una reconocida trayectoria, no s\u00f3lo en General Pico, sino en la provincia. Entre todos suman una cantidad de 205 integrantes.<\/p>\n\n\n\n<p>En este contexto es que en la tarde del domingo se llev\u00f3 a cabo en el Play\u00f3n del Ferrocarril el cierre anual con la participaci\u00f3n de talleristas y alumnos que mostraron las distintas producciones en los stands.<\/p>\n\n\n\n<p>Adem\u00e1s, se ubic\u00f3 el escenario con m\u00fasica y danza, mediante la presentaci\u00f3n del taller de folklore para ni\u00f1as y ni\u00f1os, el Coro de ni\u00f1os, el Coro de la Tercera Edad, el taller de Folklore para adultos, el Coro Polif\u00f3nico Ciudad de General Pico; el taller de guitarra criolla, el taller de Tango y Milonga, la Orquesta T\u00edpica Marac\u00f3 y el Ensamble de Vientos y Percusi\u00f3n.<\/p>\n\n\n\n<p>En el lugar estuvo presente el director de Educaci\u00f3n y Cultura, Ra\u00fal Nievas, quien detall\u00f3 que \u201ceste es el cierre de los talleres anuales de la Direcci\u00f3n de Cultura, organizados desde el Centro Cultural Marac\u00f3, donde afortunadamente este a\u00f1o tuvimos una mayor cantidad de asistentes dado a que algunos de los talleres dio la posibilidad de tener una salida laboral, de elaborar productos que se pueden comercializar en el d\u00eda a d\u00eda\u201d, explic\u00f3.<\/p>\n\n\n\n<p>Seguidamente, record\u00f3 que \u201cfueron casi 4 a\u00f1os de gesti\u00f3n, de buenos logros, de un hermoso acompa\u00f1amiento de la planta de personal con la que cuenta la Direcci\u00f3n de Cultura, porque entre todos llegamos a armar cosas muy lindas para la ciudad\u201d.<\/p>\n\n\n\n<p>Nievas invit\u00f3 \u201ca todos aquellos hacedores culturales, que forman parte de grupos de baile, a los artesanos, entre otros, a que se animen a acercarse y mostrar lo que hacen, porque es la \u00fanica forma de la cual nosotros nos enteramos de cu\u00e1ntos son en la ciudad\u201d, puntualiz\u00f3.<\/p>\n<div class=\"sharedaddy sd-sharing-enabled\"><div class=\"robots-nocontent sd-block sd-social sd-social-icon sd-sharing\"><h3 class=\"sd-title\">Comparte esto:<\/h3><div class=\"sd-content\"><ul><li class=\"share-twitter\"><a rel=\"nofollow noopener noreferrer\" data-shared=\"sharing-twitter-17048\" class=\"share-twitter sd-button share-icon no-text\" href=\"http:\/\/www.rtvnoticias.com.ar\/?p=17048&amp;share=twitter\" target=\"_blank\" title=\"Haz clic para compartir en Twitter\"><span><\/span><span class=\"sharing-screen-reader-text\">Haz clic para compartir en Twitter (Se abre en una ventana nueva)<\/span><\/a><\/li><li class=\"share-facebook\"><a rel=\"nofollow noopener noreferrer\" data-shared=\"sharing-facebook-17048\" class=\"share-facebook sd-button share-icon no-text\" href=\"http:\/\/www.rtvnoticias.com.ar\/?p=17048&amp;share=facebook\" target=\"_blank\" title=\"Haz clic para compartir en Facebook\"><span><\/span><span class=\"sharing-screen-reader-text\">Haz clic para compartir en Facebook (Se abre en una ventana nueva)<\/span><\/a><\/li><li class=\"share-jetpack-whatsapp\"><a rel=\"nofollow noopener noreferrer\" data-shared=\"\" class=\"share-jetpack-whatsapp sd-button share-icon no-text\" href=\"http:\/\/www.rtvnoticias.com.ar\/?p=17048&amp;share=jetpack-whatsapp\" target=\"_blank\" title=\"Haz clic para compartir en WhatsApp\"><span><\/span><span class=\"sharing-screen-reader-text\">Haz clic para compartir en WhatsApp (Se abre en una ventana nueva)<\/span><\/a><\/li><li class=\"share-telegram\"><a rel=\"nofollow noopener noreferrer\" data-shared=\"\" class=\"share-telegram sd-button share-icon no-text\" href=\"http:\/\/www.rtvnoticias.com.ar\/?p=17048&amp;share=telegram\" target=\"_blank\" title=\"Haz clic para compartir en Telegram\"><span><\/span><span class=\"sharing-screen-reader-text\">Haz clic para compartir en Telegram (Se abre en una ventana nueva)<\/span><\/a><\/li><li class=\"share-end\"><\/li><\/ul><\/div><\/div><\/div>","protected":false},"excerpt":{"rendered":"<p>La Municipalidad de General Pico, a trav\u00e9s de la Direcci\u00f3n de Educaci\u00f3n y Cultura dependiente de la Secretaria de Gobierno, Seguridad, Educaci\u00f3n y Cultura, realiz\u00f3<\/p>\n<div class=\"sharedaddy sd-sharing-enabled\"><div class=\"robots-nocontent sd-block sd-social sd-social-icon sd-sharing\"><h3 class=\"sd-title\">Comparte esto:<\/h3><div class=\"sd-content\"><ul><li class=\"share-twitter\"><a rel=\"nofollow noopener noreferrer\" data-shared=\"sharing-twitter-17048\" class=\"share-twitter sd-button share-icon no-text\" href=\"http:\/\/www.rtvnoticias.com.ar\/?p=17048&amp;share=twitter\" target=\"_blank\" title=\"Haz clic para compartir en Twitter\"><span><\/span><span class=\"sharing-screen-reader-text\">Haz clic para compartir en Twitter (Se abre en una ventana nueva)<\/span><\/a><\/li><li class=\"share-facebook\"><a rel=\"nofollow noopener noreferrer\" data-shared=\"sharing-facebook-17048\" class=\"share-facebook sd-button share-icon no-text\" href=\"http:\/\/www.rtvnoticias.com.ar\/?p=17048&amp;share=facebook\" target=\"_blank\" title=\"Haz clic para compartir en Facebook\"><span><\/span><span class=\"sharing-screen-reader-text\">Haz clic para compartir en Facebook (Se abre en una ventana nueva)<\/span><\/a><\/li><li class=\"share-jetpack-whatsapp\"><a rel=\"nofollow noopener noreferrer\" data-shared=\"\" class=\"share-jetpack-whatsapp sd-button share-icon no-text\" href=\"http:\/\/www.rtvnoticias.com.ar\/?p=17048&amp;share=jetpack-whatsapp\" target=\"_blank\" title=\"Haz clic para compartir en WhatsApp\"><span><\/span><span class=\"sharing-screen-reader-text\">Haz clic para compartir en WhatsApp (Se abre en una ventana nueva)<\/span><\/a><\/li><li class=\"share-telegram\"><a rel=\"nofollow noopener noreferrer\" data-shared=\"\" class=\"share-telegram sd-button share-icon no-text\" href=\"http:\/\/www.rtvnoticias.com.ar\/?p=17048&amp;share=telegram\" target=\"_blank\" title=\"Haz clic para compartir en Telegram\"><span><\/span><span class=\"sharing-screen-reader-text\">Haz clic para compartir en Telegram (Se abre en una ventana nueva)<\/span><\/a><\/li><li class=\"share-end\"><\/li><\/ul><\/div><\/div><\/div>","protected":false},"author":5,"featured_media":17049,"comment_status":"closed","ping_status":"closed","sticky":false,"template":"","format":"standard","meta":{"spay_email":"","jetpack_publicize_message":"","jetpack_is_tweetstorm":false,"jetpack_publicize_feature_enabled":true},"categories":[3],"tags":[3018],"jetpack_featured_media_url":"http:\/\/www.rtvnoticias.com.ar\/wp-content\/uploads\/2019\/12\/talleres-3.jpg","jetpack_publicize_connections":[],"jetpack_sharing_enabled":true,"_links":{"self":[{"href":"http:\/\/www.rtvnoticias.com.ar\/index.php?rest_route=\/wp\/v2\/posts\/17048"}],"collection":[{"href":"http:\/\/www.rtvnoticias.com.ar\/index.php?rest_route=\/wp\/v2\/posts"}],"about":[{"href":"http:\/\/www.rtvnoticias.com.ar\/index.php?rest_route=\/wp\/v2\/types\/post"}],"author":[{"embeddable":true,"href":"http:\/\/www.rtvnoticias.com.ar\/index.php?rest_route=\/wp\/v2\/users\/5"}],"replies":[{"embeddable":true,"href":"http:\/\/www.rtvnoticias.com.ar\/index.php?rest_route=%2Fwp%2Fv2%2Fcomments&post=17048"}],"version-history":[{"count":1,"href":"http:\/\/www.rtvnoticias.com.ar\/index.php?rest_route=\/wp\/v2\/posts\/17048\/revisions"}],"predecessor-version":[{"id":17051,"href":"http:\/\/www.rtvnoticias.com.ar\/index.php?rest_route=\/wp\/v2\/posts\/17048\/revisions\/17051"}],"wp:featuredmedia":[{"embeddable":true,"href":"http:\/\/www.rtvnoticias.com.ar\/index.php?rest_route=\/wp\/v2\/media\/17049"}],"wp:attachment":[{"href":"http:\/\/www.rtvnoticias.com.ar\/index.php?rest_route=%2Fwp%2Fv2%2Fmedia&parent=17048"}],"wp:term":[{"taxonomy":"category","embeddable":true,"href":"http:\/\/www.rtvnoticias.com.ar\/index.php?rest_route=%2Fwp%2Fv2%2Fcategories&post=17048"},{"taxonomy":"post_tag","embeddable":true,"href":"http:\/\/www.rtvnoticias.com.ar\/index.php?rest_route=%2Fwp%2Fv2%2Ftags&post=17048"}],"curies":[{"name":"wp","href":"https:\/\/api.w.org\/{rel}","templated":true}]}}