{"id":17648,"date":"2020-01-02T01:17:05","date_gmt":"2020-01-02T04:17:05","guid":{"rendered":"http:\/\/www.rtvnoticias.com.ar\/?p=17648"},"modified":"2020-01-02T01:17:08","modified_gmt":"2020-01-02T04:17:08","slug":"dudo-de-que-se-haya-suicidado-la-opinion-de-alberto-fernandez-sobre-la-muerte-de-alberto-nisman","status":"publish","type":"post","link":"http:\/\/www.rtvnoticias.com.ar\/?p=17648","title":{"rendered":"\u201cDudo de que se haya suicidado\u201d, la opini\u00f3n de Alberto Fern\u00e1ndez sobre la muerte de Alberto Nisman"},"content":{"rendered":"\n<p style=\"text-align:center\"><strong>El Presidente aparece en el documental que estren\u00f3 Netflix sobre la muerte del fiscal.<\/strong><br><\/p>\n\n\n\n<p>Este mi\u00e9rcoles Netflix estren\u00f3 \u201cNisman: el fiscal, la presidenta y el esp\u00eda\u201d, un documental dividido en 6 cap\u00edtulos sobre la muerte del fiscal Alberto Nisman.<\/p>\n\n\n\n<p>El enigma del suicidio o el asesinato sigue presente y esta producci\u00f3n detalla a cada persona que particip\u00f3 del caso y sobre todo, explica los intereses que estaban en juego con la denuncia que el fiscal ten\u00eda pensado hacer contra Cristina Fern\u00e1ndez de Kirchner.<\/p>\n\n\n\n<p>\u200bEn el cap\u00edtulo cuatro aparece la palabra del Presidente Alberto Fern\u00e1ndez. \u201cHasta el d\u00eda de hoy, dudo que se haya suicidado\u201d, asegura el mandatario en la grabaci\u00f3n.<\/p>\n\n\n\n<p>Seg\u00fan fuentes oficiales, la entrevista no es reciente. Se grab\u00f3 en 2017, pero definir\u00eda la postura de Alberto Fern\u00e1ndez sobre qu\u00e9 le habr\u00eda sucedido al funcionario la madrugada del 18 de enero de 2015 cuando fue encontrado muerto en su departamento de Puerto Madero.<\/p>\n\n\n\n<p>Alberto tambi\u00e9n mencion\u00f3 una charla posterior a la vicepresidenta. \u201cPrimero, (Nisman) me pregunta: \u2018\u00bfMe viste anoche en \u2018A dos voces\u2019?\u2019\u201d, recuerda el Presidente y contin\u00faa: \u201cLe digo: \u2018Mir\u00e1, si es as\u00ed, la verdad es una bomba\u2019\u201d. Seg\u00fan Fern\u00e1ndez, Nisman le contest\u00f3: \u201cNo, no, no, yo estoy muy seguro\u201d.<\/p>\n\n\n\n<p>\u201cMe habl\u00f3 de que hab\u00eda hablado con mucha gente por el programa del d\u00eda anterior (en TN), que todo el mundo le hab\u00eda dicho que estuvo muy bien. Y entonces en un momento yo le digo: \u2018Mir\u00e1, el problema con tu denuncia es que no conozco en qu\u00e9 se funda\u2019. Hizo una serie de afirmaciones que no s\u00e9 qu\u00e9 sustento probatorio tienen\u201d, cierra el Presidente.<\/p>\n<div class=\"sharedaddy sd-sharing-enabled\"><div class=\"robots-nocontent sd-block sd-social sd-social-icon sd-sharing\"><h3 class=\"sd-title\">Comparte esto:<\/h3><div class=\"sd-content\"><ul><li class=\"share-twitter\"><a rel=\"nofollow noopener noreferrer\" data-shared=\"sharing-twitter-17648\" class=\"share-twitter sd-button share-icon no-text\" href=\"http:\/\/www.rtvnoticias.com.ar\/?p=17648&amp;share=twitter\" target=\"_blank\" title=\"Haz clic para compartir en Twitter\"><span><\/span><span class=\"sharing-screen-reader-text\">Haz clic para compartir en Twitter (Se abre en una ventana nueva)<\/span><\/a><\/li><li class=\"share-facebook\"><a rel=\"nofollow noopener noreferrer\" data-shared=\"sharing-facebook-17648\" class=\"share-facebook sd-button share-icon no-text\" href=\"http:\/\/www.rtvnoticias.com.ar\/?p=17648&amp;share=facebook\" target=\"_blank\" title=\"Haz clic para compartir en Facebook\"><span><\/span><span class=\"sharing-screen-reader-text\">Haz clic para compartir en Facebook (Se abre en una ventana nueva)<\/span><\/a><\/li><li class=\"share-jetpack-whatsapp\"><a rel=\"nofollow noopener noreferrer\" data-shared=\"\" class=\"share-jetpack-whatsapp sd-button share-icon no-text\" href=\"http:\/\/www.rtvnoticias.com.ar\/?p=17648&amp;share=jetpack-whatsapp\" target=\"_blank\" title=\"Haz clic para compartir en WhatsApp\"><span><\/span><span class=\"sharing-screen-reader-text\">Haz clic para compartir en WhatsApp (Se abre en una ventana nueva)<\/span><\/a><\/li><li class=\"share-telegram\"><a rel=\"nofollow noopener noreferrer\" data-shared=\"\" class=\"share-telegram sd-button share-icon no-text\" href=\"http:\/\/www.rtvnoticias.com.ar\/?p=17648&amp;share=telegram\" target=\"_blank\" title=\"Haz clic para compartir en Telegram\"><span><\/span><span class=\"sharing-screen-reader-text\">Haz clic para compartir en Telegram (Se abre en una ventana nueva)<\/span><\/a><\/li><li class=\"share-end\"><\/li><\/ul><\/div><\/div><\/div>","protected":false},"excerpt":{"rendered":"<p>El Presidente aparece en el documental que estren\u00f3 Netflix sobre la muerte del fiscal. Este mi\u00e9rcoles Netflix estren\u00f3 \u201cNisman: el fiscal, la presidenta y el<\/p>\n<div class=\"sharedaddy sd-sharing-enabled\"><div class=\"robots-nocontent sd-block sd-social sd-social-icon sd-sharing\"><h3 class=\"sd-title\">Comparte esto:<\/h3><div class=\"sd-content\"><ul><li class=\"share-twitter\"><a rel=\"nofollow noopener noreferrer\" data-shared=\"sharing-twitter-17648\" class=\"share-twitter sd-button share-icon no-text\" href=\"http:\/\/www.rtvnoticias.com.ar\/?p=17648&amp;share=twitter\" target=\"_blank\" title=\"Haz clic para compartir en Twitter\"><span><\/span><span class=\"sharing-screen-reader-text\">Haz clic para compartir en Twitter (Se abre en una ventana nueva)<\/span><\/a><\/li><li class=\"share-facebook\"><a rel=\"nofollow noopener noreferrer\" data-shared=\"sharing-facebook-17648\" class=\"share-facebook sd-button share-icon no-text\" href=\"http:\/\/www.rtvnoticias.com.ar\/?p=17648&amp;share=facebook\" target=\"_blank\" title=\"Haz clic para compartir en Facebook\"><span><\/span><span class=\"sharing-screen-reader-text\">Haz clic para compartir en Facebook (Se abre en una ventana nueva)<\/span><\/a><\/li><li class=\"share-jetpack-whatsapp\"><a rel=\"nofollow noopener noreferrer\" data-shared=\"\" class=\"share-jetpack-whatsapp sd-button share-icon no-text\" href=\"http:\/\/www.rtvnoticias.com.ar\/?p=17648&amp;share=jetpack-whatsapp\" target=\"_blank\" title=\"Haz clic para compartir en WhatsApp\"><span><\/span><span class=\"sharing-screen-reader-text\">Haz clic para compartir en WhatsApp (Se abre en una ventana nueva)<\/span><\/a><\/li><li class=\"share-telegram\"><a rel=\"nofollow noopener noreferrer\" data-shared=\"\" class=\"share-telegram sd-button share-icon no-text\" href=\"http:\/\/www.rtvnoticias.com.ar\/?p=17648&amp;share=telegram\" target=\"_blank\" title=\"Haz clic para compartir en Telegram\"><span><\/span><span class=\"sharing-screen-reader-text\">Haz clic para compartir en Telegram (Se abre en una ventana nueva)<\/span><\/a><\/li><li class=\"share-end\"><\/li><\/ul><\/div><\/div><\/div>","protected":false},"author":7,"featured_media":17649,"comment_status":"closed","ping_status":"closed","sticky":false,"template":"","format":"standard","meta":{"spay_email":"","jetpack_publicize_message":"","jetpack_is_tweetstorm":false,"jetpack_publicize_feature_enabled":true},"categories":[1],"tags":[],"jetpack_featured_media_url":"http:\/\/www.rtvnoticias.com.ar\/wp-content\/uploads\/2020\/01\/fernandez-nisman.jpg","jetpack_publicize_connections":[],"jetpack_sharing_enabled":true,"_links":{"self":[{"href":"http:\/\/www.rtvnoticias.com.ar\/index.php?rest_route=\/wp\/v2\/posts\/17648"}],"collection":[{"href":"http:\/\/www.rtvnoticias.com.ar\/index.php?rest_route=\/wp\/v2\/posts"}],"about":[{"href":"http:\/\/www.rtvnoticias.com.ar\/index.php?rest_route=\/wp\/v2\/types\/post"}],"author":[{"embeddable":true,"href":"http:\/\/www.rtvnoticias.com.ar\/index.php?rest_route=\/wp\/v2\/users\/7"}],"replies":[{"embeddable":true,"href":"http:\/\/www.rtvnoticias.com.ar\/index.php?rest_route=%2Fwp%2Fv2%2Fcomments&post=17648"}],"version-history":[{"count":1,"href":"http:\/\/www.rtvnoticias.com.ar\/index.php?rest_route=\/wp\/v2\/posts\/17648\/revisions"}],"predecessor-version":[{"id":17650,"href":"http:\/\/www.rtvnoticias.com.ar\/index.php?rest_route=\/wp\/v2\/posts\/17648\/revisions\/17650"}],"wp:featuredmedia":[{"embeddable":true,"href":"http:\/\/www.rtvnoticias.com.ar\/index.php?rest_route=\/wp\/v2\/media\/17649"}],"wp:attachment":[{"href":"http:\/\/www.rtvnoticias.com.ar\/index.php?rest_route=%2Fwp%2Fv2%2Fmedia&parent=17648"}],"wp:term":[{"taxonomy":"category","embeddable":true,"href":"http:\/\/www.rtvnoticias.com.ar\/index.php?rest_route=%2Fwp%2Fv2%2Fcategories&post=17648"},{"taxonomy":"post_tag","embeddable":true,"href":"http:\/\/www.rtvnoticias.com.ar\/index.php?rest_route=%2Fwp%2Fv2%2Ftags&post=17648"}],"curies":[{"name":"wp","href":"https:\/\/api.w.org\/{rel}","templated":true}]}}