{"id":18393,"date":"2020-02-13T10:26:02","date_gmt":"2020-02-13T13:26:02","guid":{"rendered":"http:\/\/www.rtvnoticias.com.ar\/?p=18393"},"modified":"2020-02-13T10:27:53","modified_gmt":"2020-02-13T13:27:53","slug":"alonso-y-lavin-trabajan-en-estrategias-comunes","status":"publish","type":"post","link":"http:\/\/www.rtvnoticias.com.ar\/?p=18393","title":{"rendered":"Alonso y Lav\u00edn trabajan en estrategias comunes"},"content":{"rendered":"\n<p>Fernanda Alonso y Patricia Lav\u00edn, intendentas de la ciudad de General Pico e Ingeniero Luiggi, respectivamente, mantuvieron en esta ciudad la primera reuni\u00f3n oficial.<\/p>\n\n\n\n<p>En el encuentro se plante\u00f3 la necesidad de seguir trabajando en estrategias comunes, vinculadas a los intereses que son propios de todas las localidades norte\u00f1as.<\/p>\n\n\n\n<p><strong>Jueces de Falta<\/strong><\/p>\n\n\n\n<p>A la reuni\u00f3n de las mandatarias, se sumaron m\u00e1s tarde los Jueces de Falta&nbsp;&nbsp;de ambas comunas, Eduardo Lettieri, de nuestra ciudad y Noelia Teller\u00eda, de Luiggi.<\/p>\n\n\n\n<p>Al respecto, Teller\u00eda inform\u00f3 que el motivo de la reuni\u00f3n con el juez piquense, fue &nbsp;actualizar y ordenar el juzgado de Faltas de Luiggi, continuado con el trabajo que se viene llevando adelante en esa localidad: \u201cSabemos que General Pico tiene m\u00e1s experiencia, y tenemos algunas dudas que surgen y que vinimos a consultar con el juez de Faltas de esta ciudad\u201d, coment\u00f3.<\/p>\n\n\n\n<p>Entre los temas que estuvieron en agenda se destac\u00f3 lo referente a tr\u00e1nsito, terrenos bald\u00edos y compactaci\u00f3n. \u201cNos acercaron el c\u00f3digo de faltas local y las ordenanzas en vigencia, que legislan sobre estas problem\u00e1ticas. En el futuro en el Juzgado de Faltas de Luiggi, tenemos que hacer algunas reformas y queremos ver de qu\u00e9 manera tratarlo\u201d, inform\u00f3 Teller\u00eda y&nbsp;&nbsp;se\u00f1al\u00f3 que \u201cen lo referente a compactaci\u00f3n, sabemos que Pico lo est\u00e1 trabajando muy bien, queremos ver de qu\u00e9 manera lo podemos implementar en nuestra localidad\u201d.<\/p>\n\n\n\n<p><strong>Asesoramiento<\/strong><\/p>\n\n\n\n<p>Por su parte el juez de General Pico, Eduardo Lettierri, dijo que siempre la idea es poder colaborar y transmitir la experiencia y conocimientos que tiene el Juzgado de Faltas local, como tambi\u00e9n las normativas en vigencia: \u201cEn este aspecto nuestra ciudad es pionera en la provincia en muchas cuestiones, entre ellas lo referido al consumo de alcohol en la v\u00eda p\u00fablica y compactaci\u00f3n\u201d, explicit\u00f3 el juez de Faltas piquense.<\/p>\n<div class=\"sharedaddy sd-sharing-enabled\"><div class=\"robots-nocontent sd-block sd-social sd-social-icon sd-sharing\"><h3 class=\"sd-title\">Comparte esto:<\/h3><div class=\"sd-content\"><ul><li class=\"share-twitter\"><a rel=\"nofollow noopener noreferrer\" data-shared=\"sharing-twitter-18393\" class=\"share-twitter sd-button share-icon no-text\" href=\"http:\/\/www.rtvnoticias.com.ar\/?p=18393&amp;share=twitter\" target=\"_blank\" title=\"Haz clic para compartir en Twitter\"><span><\/span><span class=\"sharing-screen-reader-text\">Haz clic para compartir en Twitter (Se abre en una ventana nueva)<\/span><\/a><\/li><li class=\"share-facebook\"><a rel=\"nofollow noopener noreferrer\" data-shared=\"sharing-facebook-18393\" class=\"share-facebook sd-button share-icon no-text\" href=\"http:\/\/www.rtvnoticias.com.ar\/?p=18393&amp;share=facebook\" target=\"_blank\" title=\"Haz clic para compartir en Facebook\"><span><\/span><span class=\"sharing-screen-reader-text\">Haz clic para compartir en Facebook (Se abre en una ventana nueva)<\/span><\/a><\/li><li class=\"share-jetpack-whatsapp\"><a rel=\"nofollow noopener noreferrer\" data-shared=\"\" class=\"share-jetpack-whatsapp sd-button share-icon no-text\" href=\"http:\/\/www.rtvnoticias.com.ar\/?p=18393&amp;share=jetpack-whatsapp\" target=\"_blank\" title=\"Haz clic para compartir en WhatsApp\"><span><\/span><span class=\"sharing-screen-reader-text\">Haz clic para compartir en WhatsApp (Se abre en una ventana nueva)<\/span><\/a><\/li><li class=\"share-telegram\"><a rel=\"nofollow noopener noreferrer\" data-shared=\"\" class=\"share-telegram sd-button share-icon no-text\" href=\"http:\/\/www.rtvnoticias.com.ar\/?p=18393&amp;share=telegram\" target=\"_blank\" title=\"Haz clic para compartir en Telegram\"><span><\/span><span class=\"sharing-screen-reader-text\">Haz clic para compartir en Telegram (Se abre en una ventana nueva)<\/span><\/a><\/li><li class=\"share-end\"><\/li><\/ul><\/div><\/div><\/div>","protected":false},"excerpt":{"rendered":"<p>Fernanda Alonso y Patricia Lav\u00edn, intendentas de la ciudad de General Pico e Ingeniero Luiggi, respectivamente, mantuvieron en esta ciudad la primera reuni\u00f3n oficial. En<\/p>\n<div class=\"sharedaddy sd-sharing-enabled\"><div class=\"robots-nocontent sd-block sd-social sd-social-icon sd-sharing\"><h3 class=\"sd-title\">Comparte esto:<\/h3><div class=\"sd-content\"><ul><li class=\"share-twitter\"><a rel=\"nofollow noopener noreferrer\" data-shared=\"sharing-twitter-18393\" class=\"share-twitter sd-button share-icon no-text\" href=\"http:\/\/www.rtvnoticias.com.ar\/?p=18393&amp;share=twitter\" target=\"_blank\" title=\"Haz clic para compartir en Twitter\"><span><\/span><span class=\"sharing-screen-reader-text\">Haz clic para compartir en Twitter (Se abre en una ventana nueva)<\/span><\/a><\/li><li class=\"share-facebook\"><a rel=\"nofollow noopener noreferrer\" data-shared=\"sharing-facebook-18393\" class=\"share-facebook sd-button share-icon no-text\" href=\"http:\/\/www.rtvnoticias.com.ar\/?p=18393&amp;share=facebook\" target=\"_blank\" title=\"Haz clic para compartir en Facebook\"><span><\/span><span class=\"sharing-screen-reader-text\">Haz clic para compartir en Facebook (Se abre en una ventana nueva)<\/span><\/a><\/li><li class=\"share-jetpack-whatsapp\"><a rel=\"nofollow noopener noreferrer\" data-shared=\"\" class=\"share-jetpack-whatsapp sd-button share-icon no-text\" href=\"http:\/\/www.rtvnoticias.com.ar\/?p=18393&amp;share=jetpack-whatsapp\" target=\"_blank\" title=\"Haz clic para compartir en WhatsApp\"><span><\/span><span class=\"sharing-screen-reader-text\">Haz clic para compartir en WhatsApp (Se abre en una ventana nueva)<\/span><\/a><\/li><li class=\"share-telegram\"><a rel=\"nofollow noopener noreferrer\" data-shared=\"\" class=\"share-telegram sd-button share-icon no-text\" href=\"http:\/\/www.rtvnoticias.com.ar\/?p=18393&amp;share=telegram\" target=\"_blank\" title=\"Haz clic para compartir en Telegram\"><span><\/span><span class=\"sharing-screen-reader-text\">Haz clic para compartir en Telegram (Se abre en una ventana nueva)<\/span><\/a><\/li><li class=\"share-end\"><\/li><\/ul><\/div><\/div><\/div>","protected":false},"author":7,"featured_media":18394,"comment_status":"closed","ping_status":"closed","sticky":false,"template":"","format":"standard","meta":{"spay_email":"","jetpack_publicize_message":"","jetpack_is_tweetstorm":false,"jetpack_publicize_feature_enabled":true},"categories":[1],"tags":[],"jetpack_featured_media_url":"http:\/\/www.rtvnoticias.com.ar\/wp-content\/uploads\/2020\/02\/alonso-lavin.png","jetpack_publicize_connections":[],"jetpack_sharing_enabled":true,"_links":{"self":[{"href":"http:\/\/www.rtvnoticias.com.ar\/index.php?rest_route=\/wp\/v2\/posts\/18393"}],"collection":[{"href":"http:\/\/www.rtvnoticias.com.ar\/index.php?rest_route=\/wp\/v2\/posts"}],"about":[{"href":"http:\/\/www.rtvnoticias.com.ar\/index.php?rest_route=\/wp\/v2\/types\/post"}],"author":[{"embeddable":true,"href":"http:\/\/www.rtvnoticias.com.ar\/index.php?rest_route=\/wp\/v2\/users\/7"}],"replies":[{"embeddable":true,"href":"http:\/\/www.rtvnoticias.com.ar\/index.php?rest_route=%2Fwp%2Fv2%2Fcomments&post=18393"}],"version-history":[{"count":2,"href":"http:\/\/www.rtvnoticias.com.ar\/index.php?rest_route=\/wp\/v2\/posts\/18393\/revisions"}],"predecessor-version":[{"id":18396,"href":"http:\/\/www.rtvnoticias.com.ar\/index.php?rest_route=\/wp\/v2\/posts\/18393\/revisions\/18396"}],"wp:featuredmedia":[{"embeddable":true,"href":"http:\/\/www.rtvnoticias.com.ar\/index.php?rest_route=\/wp\/v2\/media\/18394"}],"wp:attachment":[{"href":"http:\/\/www.rtvnoticias.com.ar\/index.php?rest_route=%2Fwp%2Fv2%2Fmedia&parent=18393"}],"wp:term":[{"taxonomy":"category","embeddable":true,"href":"http:\/\/www.rtvnoticias.com.ar\/index.php?rest_route=%2Fwp%2Fv2%2Fcategories&post=18393"},{"taxonomy":"post_tag","embeddable":true,"href":"http:\/\/www.rtvnoticias.com.ar\/index.php?rest_route=%2Fwp%2Fv2%2Ftags&post=18393"}],"curies":[{"name":"wp","href":"https:\/\/api.w.org\/{rel}","templated":true}]}}