{"id":18748,"date":"2020-02-26T09:43:41","date_gmt":"2020-02-26T12:43:41","guid":{"rendered":"http:\/\/www.rtvnoticias.com.ar\/?p=18748"},"modified":"2020-02-26T09:43:51","modified_gmt":"2020-02-26T12:43:51","slug":"se-pone-en-marcha-la-vuelta-del-porvenir-en-san-luis-con-mas-de-140-ciclistas","status":"publish","type":"post","link":"http:\/\/www.rtvnoticias.com.ar\/?p=18748","title":{"rendered":"Se pone en marcha la \u00abVuelta del Porvenir\u00bb en San Luis con m\u00e1s de 140 ciclistas"},"content":{"rendered":"\n<p><strong><em>Con la participaci\u00f3n de 21 equipos, la Vuelta del Porvenir en San Luis tendr\u00e1 cinco etapas, las cuales recorrer\u00e1n la geograf\u00eda puntana desde este mi\u00e9rcoles 26 de febrero hasta el domingo 1\u00ba de marzo. La competencia recorrer\u00e1 16 ciudades y localidades durante cinco d\u00edas. Son 14 equipos argentinos, y el resto internacionales, sumando m\u00e1s de 140 ciclistas<\/em><\/strong><\/p>\n\n\n\n<figure class=\"wp-block-image\"><img data-attachment-id=\"18751\" data-permalink=\"http:\/\/www.rtvnoticias.com.ar\/?attachment_id=18751\" data-orig-file=\"http:\/\/www.rtvnoticias.com.ar\/wp-content\/uploads\/2020\/02\/vueltaciclista.jpg\" data-orig-size=\"600,405\" data-comments-opened=\"0\" data-image-meta=\"{&quot;aperture&quot;:&quot;0&quot;,&quot;credit&quot;:&quot;&quot;,&quot;camera&quot;:&quot;&quot;,&quot;caption&quot;:&quot;&quot;,&quot;created_timestamp&quot;:&quot;0&quot;,&quot;copyright&quot;:&quot;&quot;,&quot;focal_length&quot;:&quot;0&quot;,&quot;iso&quot;:&quot;0&quot;,&quot;shutter_speed&quot;:&quot;0&quot;,&quot;title&quot;:&quot;&quot;,&quot;orientation&quot;:&quot;1&quot;}\" data-image-title=\"vueltaciclista\" data-image-description=\"\" data-image-caption=\"\" data-medium-file=\"http:\/\/www.rtvnoticias.com.ar\/wp-content\/uploads\/2020\/02\/vueltaciclista-300x203.jpg\" data-large-file=\"http:\/\/www.rtvnoticias.com.ar\/wp-content\/uploads\/2020\/02\/vueltaciclista.jpg\" decoding=\"async\" loading=\"lazy\" width=\"600\" height=\"405\" src=\"http:\/\/www.rtvnoticias.com.ar\/wp-content\/uploads\/2020\/02\/vueltaciclista.jpg\" alt=\"\" class=\"wp-image-18751\" srcset=\"http:\/\/www.rtvnoticias.com.ar\/wp-content\/uploads\/2020\/02\/vueltaciclista.jpg 600w, http:\/\/www.rtvnoticias.com.ar\/wp-content\/uploads\/2020\/02\/vueltaciclista-300x203.jpg 300w\" sizes=\"(max-width: 600px) 100vw, 600px\" \/><figcaption><strong>Cinco etapas tiene la \u00abVuelta del Porvenir\u00bb<\/strong><\/figcaption><\/figure>\n\n\n\n<p><strong>PRIMERA ETAPA<\/strong><\/p>\n\n\n\n<p>La primera etapa es hoy 26 de febrero y unir\u00e1 San Luis con Villa Mercedes. La largada simb\u00f3lica ser\u00e1 en la plaza Pringles de la capital provincial, a las 13:26; la salida real ser\u00e1 ocho minutos despu\u00e9s, desde la estaci\u00f3n de servicio ubicada a espaldas de la terminal de \u00f3mnibus.<\/p>\n\n\n\n<p>Los ciclistas pasar\u00e1n por Fraga, llegar\u00e1n a la ciudad de Justo Daract y girar\u00e1n hasta Villa Mercedes, m\u00e1s precisamente hacia la torre de control del aut\u00f3dromo internacional \u201cCarlos Bassi\u201d del Parque \u201cLa Pedrera\u201d, donde estar\u00e1 apostado el arco de llegada. Ser\u00e1n 177 kil\u00f3metros en total.<\/p>\n\n\n\n<p><strong>SEGUNDA ETAPA<\/strong><\/p>\n\n\n\n<p> Un d\u00eda despu\u00e9s, en la segunda etapa, los competidores se reunir\u00e1n en la plaza San Mart\u00edn de Concar\u00e1n, a las 13:25. La salida real ser\u00e1 a las 13:36 en la ruta 40, frente al Monumento a la Cruz, y emprender\u00e1n un viaje de 176 kil\u00f3metros con destino a la localidad de Juana Koslay. Durante el camino pasar\u00e1n por Tilisarao, Naschel, La Toma, Saladillo, El Volc\u00e1n y Potrero de los Funes. A las 17:47, terminar\u00e1 la etapa frente al Hospital de Juana Koslay.<\/p>\n\n\n\n<p><strong>TERCERA ETAPA<\/strong><\/p>\n\n\n\n<p> El 28 de febrero, a partir de las 15:17, tendr\u00e1 lugar la tercera etapa, con la prueba cronometrada como protagonista. La largada ser\u00e1 en la rotonda de ingreso a El Durazno; los ciclistas buscar\u00e1n llegar hasta el Club de Polo y luego regresar\u00e1n hasta el lugar de inicio. Ser\u00e1n 10 kil\u00f3metros.<\/p>\n\n\n\n<p><strong>CUARTA ETAPA<\/strong><\/p>\n\n\n\n<p> La cuarta etapa ser\u00e1 el s\u00e1bado 29 de febrero y la acci\u00f3n se trasladar\u00e1 nuevamente a la capital provincial. A las 14:40, ser\u00e1 la llamada a los corredores frente a la Secretar\u00eda de Vivienda, en Terrazas del Portezuelo. Ocho minutos despu\u00e9s, tendr\u00e1 lugar la largada real frente a la estaci\u00f3n de \u00f3mnibus. Los ciclistas recorrer\u00e1n 122 kil\u00f3metros y pasar\u00e1n por El Durazno, El Trapiche, La Florida, El Volc\u00e1n, Juana Koslay y La Punta hasta llegar al destino: el Mirador de Potrero de los Funes, a 1.270 metros sobre el nivel del mar. <\/p>\n\n\n\n<p><strong>QUINTA ETAPA<\/strong><\/p>\n\n\n\n<p>\n\nLa quinta y \u00faltima etapa ser\u00e1 el 1\u00ba de marzo. El d\u00eda de la coronaci\u00f3n comenzar\u00e1 a las 14:14 con la llamada a los corredores en la terminal de \u00f3mnibus de San Luis. En esta ocasi\u00f3n, los protagonistas recorrer\u00e1n 122 kil\u00f3metros en los cuales pasar\u00e1n por Los Puquios, El Volc\u00e1n y la zona del dique Cruz de Piedra, hasta regresar al lugar de largada. En total dar\u00e1n tres giros a este circuito.\n\n<\/p>\n<div class=\"sharedaddy sd-sharing-enabled\"><div class=\"robots-nocontent sd-block sd-social sd-social-icon sd-sharing\"><h3 class=\"sd-title\">Comparte esto:<\/h3><div class=\"sd-content\"><ul><li class=\"share-twitter\"><a rel=\"nofollow noopener noreferrer\" data-shared=\"sharing-twitter-18748\" class=\"share-twitter sd-button share-icon no-text\" href=\"http:\/\/www.rtvnoticias.com.ar\/?p=18748&amp;share=twitter\" target=\"_blank\" title=\"Haz clic para compartir en Twitter\"><span><\/span><span class=\"sharing-screen-reader-text\">Haz clic para compartir en Twitter (Se abre en una ventana nueva)<\/span><\/a><\/li><li class=\"share-facebook\"><a rel=\"nofollow noopener noreferrer\" data-shared=\"sharing-facebook-18748\" class=\"share-facebook sd-button share-icon no-text\" href=\"http:\/\/www.rtvnoticias.com.ar\/?p=18748&amp;share=facebook\" target=\"_blank\" title=\"Haz clic para compartir en Facebook\"><span><\/span><span class=\"sharing-screen-reader-text\">Haz clic para compartir en Facebook (Se abre en una ventana nueva)<\/span><\/a><\/li><li class=\"share-jetpack-whatsapp\"><a rel=\"nofollow noopener noreferrer\" data-shared=\"\" class=\"share-jetpack-whatsapp sd-button share-icon no-text\" href=\"http:\/\/www.rtvnoticias.com.ar\/?p=18748&amp;share=jetpack-whatsapp\" target=\"_blank\" title=\"Haz clic para compartir en WhatsApp\"><span><\/span><span class=\"sharing-screen-reader-text\">Haz clic para compartir en WhatsApp (Se abre en una ventana nueva)<\/span><\/a><\/li><li class=\"share-telegram\"><a rel=\"nofollow noopener noreferrer\" data-shared=\"\" class=\"share-telegram sd-button share-icon no-text\" href=\"http:\/\/www.rtvnoticias.com.ar\/?p=18748&amp;share=telegram\" target=\"_blank\" title=\"Haz clic para compartir en Telegram\"><span><\/span><span class=\"sharing-screen-reader-text\">Haz clic para compartir en Telegram (Se abre en una ventana nueva)<\/span><\/a><\/li><li class=\"share-end\"><\/li><\/ul><\/div><\/div><\/div>","protected":false},"excerpt":{"rendered":"<p>Con la participaci\u00f3n de 21 equipos, la Vuelta del Porvenir en San Luis tendr\u00e1 cinco etapas, las cuales recorrer\u00e1n la geograf\u00eda puntana desde este mi\u00e9rcoles<\/p>\n<div class=\"sharedaddy sd-sharing-enabled\"><div class=\"robots-nocontent sd-block sd-social sd-social-icon sd-sharing\"><h3 class=\"sd-title\">Comparte esto:<\/h3><div class=\"sd-content\"><ul><li class=\"share-twitter\"><a rel=\"nofollow noopener noreferrer\" data-shared=\"sharing-twitter-18748\" class=\"share-twitter sd-button share-icon no-text\" href=\"http:\/\/www.rtvnoticias.com.ar\/?p=18748&amp;share=twitter\" target=\"_blank\" title=\"Haz clic para compartir en Twitter\"><span><\/span><span class=\"sharing-screen-reader-text\">Haz clic para compartir en Twitter (Se abre en una ventana nueva)<\/span><\/a><\/li><li class=\"share-facebook\"><a rel=\"nofollow noopener noreferrer\" data-shared=\"sharing-facebook-18748\" class=\"share-facebook sd-button share-icon no-text\" href=\"http:\/\/www.rtvnoticias.com.ar\/?p=18748&amp;share=facebook\" target=\"_blank\" title=\"Haz clic para compartir en Facebook\"><span><\/span><span class=\"sharing-screen-reader-text\">Haz clic para compartir en Facebook (Se abre en una ventana nueva)<\/span><\/a><\/li><li class=\"share-jetpack-whatsapp\"><a rel=\"nofollow noopener noreferrer\" data-shared=\"\" class=\"share-jetpack-whatsapp sd-button share-icon no-text\" href=\"http:\/\/www.rtvnoticias.com.ar\/?p=18748&amp;share=jetpack-whatsapp\" target=\"_blank\" title=\"Haz clic para compartir en WhatsApp\"><span><\/span><span class=\"sharing-screen-reader-text\">Haz clic para compartir en WhatsApp (Se abre en una ventana nueva)<\/span><\/a><\/li><li class=\"share-telegram\"><a rel=\"nofollow noopener noreferrer\" data-shared=\"\" class=\"share-telegram sd-button share-icon no-text\" href=\"http:\/\/www.rtvnoticias.com.ar\/?p=18748&amp;share=telegram\" target=\"_blank\" title=\"Haz clic para compartir en Telegram\"><span><\/span><span class=\"sharing-screen-reader-text\">Haz clic para compartir en Telegram (Se abre en una ventana nueva)<\/span><\/a><\/li><li class=\"share-end\"><\/li><\/ul><\/div><\/div><\/div>","protected":false},"author":5,"featured_media":18750,"comment_status":"closed","ping_status":"closed","sticky":false,"template":"","format":"standard","meta":{"spay_email":"","jetpack_publicize_message":"","jetpack_is_tweetstorm":false,"jetpack_publicize_feature_enabled":true},"categories":[6],"tags":[3155],"jetpack_featured_media_url":"http:\/\/www.rtvnoticias.com.ar\/wp-content\/uploads\/2020\/02\/ciclismo.jpg","jetpack_publicize_connections":[],"jetpack_sharing_enabled":true,"_links":{"self":[{"href":"http:\/\/www.rtvnoticias.com.ar\/index.php?rest_route=\/wp\/v2\/posts\/18748"}],"collection":[{"href":"http:\/\/www.rtvnoticias.com.ar\/index.php?rest_route=\/wp\/v2\/posts"}],"about":[{"href":"http:\/\/www.rtvnoticias.com.ar\/index.php?rest_route=\/wp\/v2\/types\/post"}],"author":[{"embeddable":true,"href":"http:\/\/www.rtvnoticias.com.ar\/index.php?rest_route=\/wp\/v2\/users\/5"}],"replies":[{"embeddable":true,"href":"http:\/\/www.rtvnoticias.com.ar\/index.php?rest_route=%2Fwp%2Fv2%2Fcomments&post=18748"}],"version-history":[{"count":1,"href":"http:\/\/www.rtvnoticias.com.ar\/index.php?rest_route=\/wp\/v2\/posts\/18748\/revisions"}],"predecessor-version":[{"id":18752,"href":"http:\/\/www.rtvnoticias.com.ar\/index.php?rest_route=\/wp\/v2\/posts\/18748\/revisions\/18752"}],"wp:featuredmedia":[{"embeddable":true,"href":"http:\/\/www.rtvnoticias.com.ar\/index.php?rest_route=\/wp\/v2\/media\/18750"}],"wp:attachment":[{"href":"http:\/\/www.rtvnoticias.com.ar\/index.php?rest_route=%2Fwp%2Fv2%2Fmedia&parent=18748"}],"wp:term":[{"taxonomy":"category","embeddable":true,"href":"http:\/\/www.rtvnoticias.com.ar\/index.php?rest_route=%2Fwp%2Fv2%2Fcategories&post=18748"},{"taxonomy":"post_tag","embeddable":true,"href":"http:\/\/www.rtvnoticias.com.ar\/index.php?rest_route=%2Fwp%2Fv2%2Ftags&post=18748"}],"curies":[{"name":"wp","href":"https:\/\/api.w.org\/{rel}","templated":true}]}}