{"id":18848,"date":"2020-03-05T00:06:39","date_gmt":"2020-03-05T03:06:39","guid":{"rendered":"http:\/\/www.rtvnoticias.com.ar\/?p=18848"},"modified":"2020-03-04T17:27:07","modified_gmt":"2020-03-04T20:27:07","slug":"concejales-de-castex-se-reunieron-con-fernanda-alonso","status":"publish","type":"post","link":"http:\/\/www.rtvnoticias.com.ar\/?p=18848","title":{"rendered":"Concejales de Castex se reunieron con Fernanda Alonso"},"content":{"rendered":"\n<p class=\"has-text-color has-vivid-cyan-blue-color\"><strong><em>Concejales del Bloque del Fre. Ju. Pa. \u00a0de \u00a0Eduardo Castex se reunieron  con la intendenta Fernanda Alonso, abordando varios temas, principalmente el vinculado a los perros callejeros.<\/em><\/strong><\/p>\n\n\n\n<p>La intendenta de la ciudad, Fernanda Alonso, se reuni\u00f3 esta ma\u00f1ana en su despacho del Palacio Municipal con el \u00a0presidente del Bloque del Fre. Ju. Pa, Oscar Pinto y la Concejala Mar\u00eda Elena Rodr\u00edguez, concejala de ese mismo bloque legislativo, \u00a0ambos de la vecina localidad de Eduardo Castex.<\/p>\n\n\n\n<p><strong>Fauna Urbana<\/strong><\/p>\n\n\n\n<p>Los ediles castenses se acercaron hasta el Municipio de General Pico, preocupados puntualmente por la problem\u00e1tica que tiene esa localidad&nbsp; con la fauna urbana. Al tanto de que existe en nuestra ciudad un proyecto para abordar el tema, que involucra &nbsp;adem\u00e1s, al resto de los municipios que se encuentran en la zona de influencia de General Pico y agrupados en la Microrregi\u00f3n II; decidieron solicitar una reuni\u00f3n con la intendenta piquense para conocer m\u00e1s detalles sobre el proyecto en cuesti\u00f3n.<\/p>\n\n\n\n<p>\u201cVinimos a asesorarnos, en esto que es para nosotros, en Castex, una problem\u00e1tica &nbsp;que consideramos importante y que desde nuestro Bloque &nbsp;queremos solucionar\u201d, comentaron Pinto y Rodr\u00edguez.<\/p>\n\n\n\n<p><strong>Temas&nbsp; de Inter\u00e9s y Trabajo &nbsp;Conjunto<\/strong><\/p>\n\n\n\n<p>As\u00ed mismo los concejales de Castex solicitaron el parecer de la jefa comunal p\u00edquense en algunos otros temas que figuran en la agenda de la vecina localidad.<\/p>\n\n\n\n<p>\u201cTambi\u00e9n hablamos de otros temas que creemos que ameritan ser consultados a la intendenta de General Pico, por la experiencia que ella tiene\u201d, dijeron.<\/p>\n\n\n\n<p>Por \u00faltimo Pinto y Rodr\u00edguez destacaron el inter\u00e9s que tiene el Bloque del&nbsp;<a href=\"http:\/\/fre.ju.pa\/\" target=\"_blank\" rel=\"noreferrer noopener\">Fre.Ju.Pa<\/a>&nbsp;de Eduardo Castex en trabajar &nbsp;de forma conjunta con el Municipio de &nbsp;General Pico &nbsp;.<\/p>\n<div class=\"sharedaddy sd-sharing-enabled\"><div class=\"robots-nocontent sd-block sd-social sd-social-icon sd-sharing\"><h3 class=\"sd-title\">Comparte esto:<\/h3><div class=\"sd-content\"><ul><li class=\"share-twitter\"><a rel=\"nofollow noopener noreferrer\" data-shared=\"sharing-twitter-18848\" class=\"share-twitter sd-button share-icon no-text\" href=\"http:\/\/www.rtvnoticias.com.ar\/?p=18848&amp;share=twitter\" target=\"_blank\" title=\"Haz clic para compartir en Twitter\"><span><\/span><span class=\"sharing-screen-reader-text\">Haz clic para compartir en Twitter (Se abre en una ventana nueva)<\/span><\/a><\/li><li class=\"share-facebook\"><a rel=\"nofollow noopener noreferrer\" data-shared=\"sharing-facebook-18848\" class=\"share-facebook sd-button share-icon no-text\" href=\"http:\/\/www.rtvnoticias.com.ar\/?p=18848&amp;share=facebook\" target=\"_blank\" title=\"Haz clic para compartir en Facebook\"><span><\/span><span class=\"sharing-screen-reader-text\">Haz clic para compartir en Facebook (Se abre en una ventana nueva)<\/span><\/a><\/li><li class=\"share-jetpack-whatsapp\"><a rel=\"nofollow noopener noreferrer\" data-shared=\"\" class=\"share-jetpack-whatsapp sd-button share-icon no-text\" href=\"http:\/\/www.rtvnoticias.com.ar\/?p=18848&amp;share=jetpack-whatsapp\" target=\"_blank\" title=\"Haz clic para compartir en WhatsApp\"><span><\/span><span class=\"sharing-screen-reader-text\">Haz clic para compartir en WhatsApp (Se abre en una ventana nueva)<\/span><\/a><\/li><li class=\"share-telegram\"><a rel=\"nofollow noopener noreferrer\" data-shared=\"\" class=\"share-telegram sd-button share-icon no-text\" href=\"http:\/\/www.rtvnoticias.com.ar\/?p=18848&amp;share=telegram\" target=\"_blank\" title=\"Haz clic para compartir en Telegram\"><span><\/span><span class=\"sharing-screen-reader-text\">Haz clic para compartir en Telegram (Se abre en una ventana nueva)<\/span><\/a><\/li><li class=\"share-end\"><\/li><\/ul><\/div><\/div><\/div>","protected":false},"excerpt":{"rendered":"<p>Concejales del Bloque del Fre. Ju. Pa. \u00a0de \u00a0Eduardo Castex se reunieron con la intendenta Fernanda Alonso, abordando varios temas, principalmente el vinculado a los<\/p>\n<div class=\"sharedaddy sd-sharing-enabled\"><div class=\"robots-nocontent sd-block sd-social sd-social-icon sd-sharing\"><h3 class=\"sd-title\">Comparte esto:<\/h3><div class=\"sd-content\"><ul><li class=\"share-twitter\"><a rel=\"nofollow noopener noreferrer\" data-shared=\"sharing-twitter-18848\" class=\"share-twitter sd-button share-icon no-text\" href=\"http:\/\/www.rtvnoticias.com.ar\/?p=18848&amp;share=twitter\" target=\"_blank\" title=\"Haz clic para compartir en Twitter\"><span><\/span><span class=\"sharing-screen-reader-text\">Haz clic para compartir en Twitter (Se abre en una ventana nueva)<\/span><\/a><\/li><li class=\"share-facebook\"><a rel=\"nofollow noopener noreferrer\" data-shared=\"sharing-facebook-18848\" class=\"share-facebook sd-button share-icon no-text\" href=\"http:\/\/www.rtvnoticias.com.ar\/?p=18848&amp;share=facebook\" target=\"_blank\" title=\"Haz clic para compartir en Facebook\"><span><\/span><span class=\"sharing-screen-reader-text\">Haz clic para compartir en Facebook (Se abre en una ventana nueva)<\/span><\/a><\/li><li class=\"share-jetpack-whatsapp\"><a rel=\"nofollow noopener noreferrer\" data-shared=\"\" class=\"share-jetpack-whatsapp sd-button share-icon no-text\" href=\"http:\/\/www.rtvnoticias.com.ar\/?p=18848&amp;share=jetpack-whatsapp\" target=\"_blank\" title=\"Haz clic para compartir en WhatsApp\"><span><\/span><span class=\"sharing-screen-reader-text\">Haz clic para compartir en WhatsApp (Se abre en una ventana nueva)<\/span><\/a><\/li><li class=\"share-telegram\"><a rel=\"nofollow noopener noreferrer\" data-shared=\"\" class=\"share-telegram sd-button share-icon no-text\" href=\"http:\/\/www.rtvnoticias.com.ar\/?p=18848&amp;share=telegram\" target=\"_blank\" title=\"Haz clic para compartir en Telegram\"><span><\/span><span class=\"sharing-screen-reader-text\">Haz clic para compartir en Telegram (Se abre en una ventana nueva)<\/span><\/a><\/li><li class=\"share-end\"><\/li><\/ul><\/div><\/div><\/div>","protected":false},"author":5,"featured_media":18849,"comment_status":"closed","ping_status":"closed","sticky":false,"template":"","format":"standard","meta":{"spay_email":"","jetpack_publicize_message":"","jetpack_is_tweetstorm":false,"jetpack_publicize_feature_enabled":true},"categories":[3],"tags":[3164],"jetpack_featured_media_url":"http:\/\/www.rtvnoticias.com.ar\/wp-content\/uploads\/2020\/03\/alonso-concejalescastex.jpg","jetpack_publicize_connections":[],"jetpack_sharing_enabled":true,"_links":{"self":[{"href":"http:\/\/www.rtvnoticias.com.ar\/index.php?rest_route=\/wp\/v2\/posts\/18848"}],"collection":[{"href":"http:\/\/www.rtvnoticias.com.ar\/index.php?rest_route=\/wp\/v2\/posts"}],"about":[{"href":"http:\/\/www.rtvnoticias.com.ar\/index.php?rest_route=\/wp\/v2\/types\/post"}],"author":[{"embeddable":true,"href":"http:\/\/www.rtvnoticias.com.ar\/index.php?rest_route=\/wp\/v2\/users\/5"}],"replies":[{"embeddable":true,"href":"http:\/\/www.rtvnoticias.com.ar\/index.php?rest_route=%2Fwp%2Fv2%2Fcomments&post=18848"}],"version-history":[{"count":1,"href":"http:\/\/www.rtvnoticias.com.ar\/index.php?rest_route=\/wp\/v2\/posts\/18848\/revisions"}],"predecessor-version":[{"id":18850,"href":"http:\/\/www.rtvnoticias.com.ar\/index.php?rest_route=\/wp\/v2\/posts\/18848\/revisions\/18850"}],"wp:featuredmedia":[{"embeddable":true,"href":"http:\/\/www.rtvnoticias.com.ar\/index.php?rest_route=\/wp\/v2\/media\/18849"}],"wp:attachment":[{"href":"http:\/\/www.rtvnoticias.com.ar\/index.php?rest_route=%2Fwp%2Fv2%2Fmedia&parent=18848"}],"wp:term":[{"taxonomy":"category","embeddable":true,"href":"http:\/\/www.rtvnoticias.com.ar\/index.php?rest_route=%2Fwp%2Fv2%2Fcategories&post=18848"},{"taxonomy":"post_tag","embeddable":true,"href":"http:\/\/www.rtvnoticias.com.ar\/index.php?rest_route=%2Fwp%2Fv2%2Ftags&post=18848"}],"curies":[{"name":"wp","href":"https:\/\/api.w.org\/{rel}","templated":true}]}}