{"id":18862,"date":"2020-03-05T09:54:20","date_gmt":"2020-03-05T12:54:20","guid":{"rendered":"http:\/\/www.rtvnoticias.com.ar\/?p=18862"},"modified":"2020-03-05T09:54:28","modified_gmt":"2020-03-05T12:54:28","slug":"el-gobierno-oficializo-la-suba-de-las-retenciones-a-la-soja","status":"publish","type":"post","link":"http:\/\/www.rtvnoticias.com.ar\/?p=18862","title":{"rendered":"El gobierno oficializ\u00f3 la suba de las retenciones a la soja"},"content":{"rendered":"\n<p>El Gobierno nacional formaliz\u00f3 el aumento de los derechos de exportaci\u00f3n para la soja, del 30% al 33%, y la reducci\u00f3n para una decena de cultivos relacionados con las econom\u00edas regionales, a trav\u00e9s del decreto 230\/2020 publicado este jueves en el Bolet\u00edn Oficial.<\/p>\n\n\n\n<p>El mismo remarc\u00f3 que \u201cresulta fundamental establecer pol\u00edticas inclusivas de la actividad exportadora de las econom\u00edas regionales que mejoren su desempe\u00f1o y que incrementen la competitividad de la exportaci\u00f3n de bienes y servicios a medida que mayor sea su valor agregado\u201d.<\/p>\n\n\n\n<p>Tambi\u00e9n subray\u00f3 que \u201cresulta imprescindible mejorar los ingresos fiscales en un contexto econ\u00f3mico de endeudamiento, alta inflaci\u00f3n, recesi\u00f3n creciente, desempleo generalizado y emergencia alimentaria\u201d.<\/p>\n\n\n\n<p>En consecuencia indic\u00f3 que \u201cpor los motivos expuestos deviene necesario modificar transitoriamente las al\u00edcuotas de los derechos de exportaci\u00f3n para determinadas posiciones arancelarias de la Nomenclatura Com\u00fan del Mercosur (NCM) que forman parte de la cadena agroalimentaria\u201d.<\/p>\n\n\n\n<p>Adem\u00e1s se\u00f1al\u00f3 que \u201cel art\u00edculo 52 de la ley 27.541 de Solidaridad Social y Reactivaci\u00f3n Productiva en el Marco de la Emergencia P\u00fablica faculta al Poder Ejecutivo Nacional a fijar derechos de exportaci\u00f3n cuya al\u00edcuota no podr\u00e1 superar los l\u00edmites all\u00ed previstos\u201d.<\/p>\n\n\n\n<p>De esta manera, las retenciones a la soja suben de 30% a 33%, pero las que se aplican a arvejas, porotos, garbanzos, lentejas, bajan de 9% a 5%; para el man\u00ed, de 12% a 7%; para la harina de trigo, de 9% a 7%; y para el girasol, de 12% a 7%, aunque para girasol confitero y aceite de girasol, la reducci\u00f3n va del 12% a 5%.<\/p>\n\n\n\n<p>Tambi\u00e9n bajan los derechos de exportaci\u00f3n al ma\u00edz pisingallo, que se usa para pochoclo, de 9% a 5%; al arroz paddy, de 12% a 6%; y al arroz pulido, de 9% a 5%.<\/p>\n\n\n\n<p>El esquema establecido por el Gobierno consistir\u00e1 en destinar una parte de la recaudaci\u00f3n adicional a la compensaci\u00f3n de tres de cada cuatro productores de soja, siempre que su producci\u00f3n no haya superado las 1.000 toneladas en la campa\u00f1a anterior.<\/p>\n\n\n\n<p>Este beneficio, seg\u00fan datos oficiales, alcanzar\u00e1 a 42.406 productores que representan el 74,2% del total.<\/p>\n\n\n\n<p>Los restantes 14.884 productores, con rindes por encima de las 1.000 toneladas, no recibir\u00e1n compensaci\u00f3n alguna.<\/p>\n\n\n\n<p>Esta segmentaci\u00f3n implicar\u00e1 que quienes producen hasta 100 toneladas, tributar\u00e1n una retenci\u00f3n del 21%; entre 100 y 200, el 24%; entre 201 y 300, el 27%; entre 301 y 400, el 28%; entre 401 y 500, 29%; y entre 501 y 1.000 toneladas, 30%.<\/p>\n<div class=\"sharedaddy sd-sharing-enabled\"><div class=\"robots-nocontent sd-block sd-social sd-social-icon sd-sharing\"><h3 class=\"sd-title\">Comparte esto:<\/h3><div class=\"sd-content\"><ul><li class=\"share-twitter\"><a rel=\"nofollow noopener noreferrer\" data-shared=\"sharing-twitter-18862\" class=\"share-twitter sd-button share-icon no-text\" href=\"http:\/\/www.rtvnoticias.com.ar\/?p=18862&amp;share=twitter\" target=\"_blank\" title=\"Haz clic para compartir en Twitter\"><span><\/span><span class=\"sharing-screen-reader-text\">Haz clic para compartir en Twitter (Se abre en una ventana nueva)<\/span><\/a><\/li><li class=\"share-facebook\"><a rel=\"nofollow noopener noreferrer\" data-shared=\"sharing-facebook-18862\" class=\"share-facebook sd-button share-icon no-text\" href=\"http:\/\/www.rtvnoticias.com.ar\/?p=18862&amp;share=facebook\" target=\"_blank\" title=\"Haz clic para compartir en Facebook\"><span><\/span><span class=\"sharing-screen-reader-text\">Haz clic para compartir en Facebook (Se abre en una ventana nueva)<\/span><\/a><\/li><li class=\"share-jetpack-whatsapp\"><a rel=\"nofollow noopener noreferrer\" data-shared=\"\" class=\"share-jetpack-whatsapp sd-button share-icon no-text\" href=\"http:\/\/www.rtvnoticias.com.ar\/?p=18862&amp;share=jetpack-whatsapp\" target=\"_blank\" title=\"Haz clic para compartir en WhatsApp\"><span><\/span><span class=\"sharing-screen-reader-text\">Haz clic para compartir en WhatsApp (Se abre en una ventana nueva)<\/span><\/a><\/li><li class=\"share-telegram\"><a rel=\"nofollow noopener noreferrer\" data-shared=\"\" class=\"share-telegram sd-button share-icon no-text\" href=\"http:\/\/www.rtvnoticias.com.ar\/?p=18862&amp;share=telegram\" target=\"_blank\" title=\"Haz clic para compartir en Telegram\"><span><\/span><span class=\"sharing-screen-reader-text\">Haz clic para compartir en Telegram (Se abre en una ventana nueva)<\/span><\/a><\/li><li class=\"share-end\"><\/li><\/ul><\/div><\/div><\/div>","protected":false},"excerpt":{"rendered":"<p>El Gobierno nacional formaliz\u00f3 el aumento de los derechos de exportaci\u00f3n para la soja, del 30% al 33%, y la reducci\u00f3n para una decena de<\/p>\n<div class=\"sharedaddy sd-sharing-enabled\"><div class=\"robots-nocontent sd-block sd-social sd-social-icon sd-sharing\"><h3 class=\"sd-title\">Comparte esto:<\/h3><div class=\"sd-content\"><ul><li class=\"share-twitter\"><a rel=\"nofollow noopener noreferrer\" data-shared=\"sharing-twitter-18862\" class=\"share-twitter sd-button share-icon no-text\" href=\"http:\/\/www.rtvnoticias.com.ar\/?p=18862&amp;share=twitter\" target=\"_blank\" title=\"Haz clic para compartir en Twitter\"><span><\/span><span class=\"sharing-screen-reader-text\">Haz clic para compartir en Twitter (Se abre en una ventana nueva)<\/span><\/a><\/li><li class=\"share-facebook\"><a rel=\"nofollow noopener noreferrer\" data-shared=\"sharing-facebook-18862\" class=\"share-facebook sd-button share-icon no-text\" href=\"http:\/\/www.rtvnoticias.com.ar\/?p=18862&amp;share=facebook\" target=\"_blank\" title=\"Haz clic para compartir en Facebook\"><span><\/span><span class=\"sharing-screen-reader-text\">Haz clic para compartir en Facebook (Se abre en una ventana nueva)<\/span><\/a><\/li><li class=\"share-jetpack-whatsapp\"><a rel=\"nofollow noopener noreferrer\" data-shared=\"\" class=\"share-jetpack-whatsapp sd-button share-icon no-text\" href=\"http:\/\/www.rtvnoticias.com.ar\/?p=18862&amp;share=jetpack-whatsapp\" target=\"_blank\" title=\"Haz clic para compartir en WhatsApp\"><span><\/span><span class=\"sharing-screen-reader-text\">Haz clic para compartir en WhatsApp (Se abre en una ventana nueva)<\/span><\/a><\/li><li class=\"share-telegram\"><a rel=\"nofollow noopener noreferrer\" data-shared=\"\" class=\"share-telegram sd-button share-icon no-text\" href=\"http:\/\/www.rtvnoticias.com.ar\/?p=18862&amp;share=telegram\" target=\"_blank\" title=\"Haz clic para compartir en Telegram\"><span><\/span><span class=\"sharing-screen-reader-text\">Haz clic para compartir en Telegram (Se abre en una ventana nueva)<\/span><\/a><\/li><li class=\"share-end\"><\/li><\/ul><\/div><\/div><\/div>","protected":false},"author":5,"featured_media":18863,"comment_status":"closed","ping_status":"closed","sticky":false,"template":"","format":"standard","meta":{"spay_email":"","jetpack_publicize_message":"","jetpack_is_tweetstorm":false,"jetpack_publicize_feature_enabled":true},"categories":[5],"tags":[3168],"jetpack_featured_media_url":"http:\/\/www.rtvnoticias.com.ar\/wp-content\/uploads\/2020\/03\/soja.jpg","jetpack_publicize_connections":[],"jetpack_sharing_enabled":true,"_links":{"self":[{"href":"http:\/\/www.rtvnoticias.com.ar\/index.php?rest_route=\/wp\/v2\/posts\/18862"}],"collection":[{"href":"http:\/\/www.rtvnoticias.com.ar\/index.php?rest_route=\/wp\/v2\/posts"}],"about":[{"href":"http:\/\/www.rtvnoticias.com.ar\/index.php?rest_route=\/wp\/v2\/types\/post"}],"author":[{"embeddable":true,"href":"http:\/\/www.rtvnoticias.com.ar\/index.php?rest_route=\/wp\/v2\/users\/5"}],"replies":[{"embeddable":true,"href":"http:\/\/www.rtvnoticias.com.ar\/index.php?rest_route=%2Fwp%2Fv2%2Fcomments&post=18862"}],"version-history":[{"count":1,"href":"http:\/\/www.rtvnoticias.com.ar\/index.php?rest_route=\/wp\/v2\/posts\/18862\/revisions"}],"predecessor-version":[{"id":18864,"href":"http:\/\/www.rtvnoticias.com.ar\/index.php?rest_route=\/wp\/v2\/posts\/18862\/revisions\/18864"}],"wp:featuredmedia":[{"embeddable":true,"href":"http:\/\/www.rtvnoticias.com.ar\/index.php?rest_route=\/wp\/v2\/media\/18863"}],"wp:attachment":[{"href":"http:\/\/www.rtvnoticias.com.ar\/index.php?rest_route=%2Fwp%2Fv2%2Fmedia&parent=18862"}],"wp:term":[{"taxonomy":"category","embeddable":true,"href":"http:\/\/www.rtvnoticias.com.ar\/index.php?rest_route=%2Fwp%2Fv2%2Fcategories&post=18862"},{"taxonomy":"post_tag","embeddable":true,"href":"http:\/\/www.rtvnoticias.com.ar\/index.php?rest_route=%2Fwp%2Fv2%2Ftags&post=18862"}],"curies":[{"name":"wp","href":"https:\/\/api.w.org\/{rel}","templated":true}]}}