{"id":18866,"date":"2020-03-05T11:43:00","date_gmt":"2020-03-05T14:43:00","guid":{"rendered":"http:\/\/www.rtvnoticias.com.ar\/?p=18866"},"modified":"2020-03-05T11:43:08","modified_gmt":"2020-03-05T14:43:08","slug":"la-violencia-de-genero-fue-tratada-en-un-foro-federal-desarrollado-en-la-unlpam","status":"publish","type":"post","link":"http:\/\/www.rtvnoticias.com.ar\/?p=18866","title":{"rendered":"La violencia de g\u00e9nero fue tratada en un Foro Federal desarrollado en la UNLPam"},"content":{"rendered":"\n<p>El Foro Federal Participativo Regi\u00f3n Patag\u00f3nica Norte cont\u00f3 con representantes del Ministerio de Mujeres, G\u00e9neros y Diversidad de la Naci\u00f3n.<br><\/p>\n\n\n\n<p>Este martes, en las instalaciones del Aula Magna de la Universidad Nacional de La Pampa (UNLPam), se reuni\u00f3 por tercera vez el Foro Federal Participativo Regi\u00f3n Patag\u00f3nica Norte, evento que cont\u00f3 con representantes del Ministerio de Mujeres, G\u00e9neros y Diversidad de la Naci\u00f3n.<\/p>\n\n\n\n<p>Previo al inicio del Foro, la secretaria de Pol\u00edticas contra la Violencia por Razones de G\u00e9nero de la Naci\u00f3n, Josefina Kelly, dialog\u00f3 con V\u00eda Santa Rosa para explicar las principales caracter\u00edsticas de este plan nacional. \u201cConsideramos que la construcci\u00f3n del plan tiene que tener determinadas caracter\u00edsticas, tiene que ser federal, es decir, llegar a todo el pa\u00eds, y tambi\u00e9n tiene que ser participativo\u201d, detall\u00f3.<\/p>\n\n\n\n<p>\u201cEl primer d\u00eda del Foro, tratamos de abordar y trabajar con la sociedad civil, con organizaciones comunitarias, pol\u00edticas y sindicales sobre diferentes ejes, diferentes situaciones de trabajo que son la prevenci\u00f3n, la asistencia integral, el acceso a la justicia, la protecci\u00f3n y las redes territoriales\u201c, manifest\u00f3 Kelly.<\/p>\n\n\n\n<p>\u201cEn un segundo d\u00eda, se hace un trabajo con las instituciones, ya sea con los gobiernos locales, provinciales y los poderes legislativos\u201c, destacando que \u201cpara que la pol\u00edtica p\u00fablica sea realmente efectiva y llegue a toda la sociedad, necesariamente tiene que haber una articulaci\u00f3n con los municipios y con las provincias\u201d, expres\u00f3.<\/p>\n\n\n\n<p>Por su parte, el rector de la Universidad, Oscar Alpa, agradeci\u00f3 la presencia de las funcionarias nacionales y el que se haya elegido a esa casa de estudios como sede del Foro, considerando que, justamente, es el \u00e1mbito adecuado para discutir las pol\u00edticas p\u00fablicas que trascienden a la sociedad.<\/p>\n\n\n\n<p>Neil Castillo, del \u00c1rea de Planificaci\u00f3n del Ministerio de la Mujer, explic\u00f3 que las mesas de trabajo se dividieron en cuatro comisiones, prevenci\u00f3n de las violencias por motivo de g\u00e9nero, la asistencia y fortalecimiento del acceso a la justicia, la protecci\u00f3n integral y fortalecimiento de redes comunitarias y, por \u00faltimo, la interseccionalidad de situaciones de violencias de colectivos particulares.<\/p>\n<div class=\"sharedaddy sd-sharing-enabled\"><div class=\"robots-nocontent sd-block sd-social sd-social-icon sd-sharing\"><h3 class=\"sd-title\">Comparte esto:<\/h3><div class=\"sd-content\"><ul><li class=\"share-twitter\"><a rel=\"nofollow noopener noreferrer\" data-shared=\"sharing-twitter-18866\" class=\"share-twitter sd-button share-icon no-text\" href=\"http:\/\/www.rtvnoticias.com.ar\/?p=18866&amp;share=twitter\" target=\"_blank\" title=\"Haz clic para compartir en Twitter\"><span><\/span><span class=\"sharing-screen-reader-text\">Haz clic para compartir en Twitter (Se abre en una ventana nueva)<\/span><\/a><\/li><li class=\"share-facebook\"><a rel=\"nofollow noopener noreferrer\" data-shared=\"sharing-facebook-18866\" class=\"share-facebook sd-button share-icon no-text\" href=\"http:\/\/www.rtvnoticias.com.ar\/?p=18866&amp;share=facebook\" target=\"_blank\" title=\"Haz clic para compartir en Facebook\"><span><\/span><span class=\"sharing-screen-reader-text\">Haz clic para compartir en Facebook (Se abre en una ventana nueva)<\/span><\/a><\/li><li class=\"share-jetpack-whatsapp\"><a rel=\"nofollow noopener noreferrer\" data-shared=\"\" class=\"share-jetpack-whatsapp sd-button share-icon no-text\" href=\"http:\/\/www.rtvnoticias.com.ar\/?p=18866&amp;share=jetpack-whatsapp\" target=\"_blank\" title=\"Haz clic para compartir en WhatsApp\"><span><\/span><span class=\"sharing-screen-reader-text\">Haz clic para compartir en WhatsApp (Se abre en una ventana nueva)<\/span><\/a><\/li><li class=\"share-telegram\"><a rel=\"nofollow noopener noreferrer\" data-shared=\"\" class=\"share-telegram sd-button share-icon no-text\" href=\"http:\/\/www.rtvnoticias.com.ar\/?p=18866&amp;share=telegram\" target=\"_blank\" title=\"Haz clic para compartir en Telegram\"><span><\/span><span class=\"sharing-screen-reader-text\">Haz clic para compartir en Telegram (Se abre en una ventana nueva)<\/span><\/a><\/li><li class=\"share-end\"><\/li><\/ul><\/div><\/div><\/div>","protected":false},"excerpt":{"rendered":"<p>El Foro Federal Participativo Regi\u00f3n Patag\u00f3nica Norte cont\u00f3 con representantes del Ministerio de Mujeres, G\u00e9neros y Diversidad de la Naci\u00f3n. Este martes, en las instalaciones<\/p>\n<div class=\"sharedaddy sd-sharing-enabled\"><div class=\"robots-nocontent sd-block sd-social sd-social-icon sd-sharing\"><h3 class=\"sd-title\">Comparte esto:<\/h3><div class=\"sd-content\"><ul><li class=\"share-twitter\"><a rel=\"nofollow noopener noreferrer\" data-shared=\"sharing-twitter-18866\" class=\"share-twitter sd-button share-icon no-text\" href=\"http:\/\/www.rtvnoticias.com.ar\/?p=18866&amp;share=twitter\" target=\"_blank\" title=\"Haz clic para compartir en Twitter\"><span><\/span><span class=\"sharing-screen-reader-text\">Haz clic para compartir en Twitter (Se abre en una ventana nueva)<\/span><\/a><\/li><li class=\"share-facebook\"><a rel=\"nofollow noopener noreferrer\" data-shared=\"sharing-facebook-18866\" class=\"share-facebook sd-button share-icon no-text\" href=\"http:\/\/www.rtvnoticias.com.ar\/?p=18866&amp;share=facebook\" target=\"_blank\" title=\"Haz clic para compartir en Facebook\"><span><\/span><span class=\"sharing-screen-reader-text\">Haz clic para compartir en Facebook (Se abre en una ventana nueva)<\/span><\/a><\/li><li class=\"share-jetpack-whatsapp\"><a rel=\"nofollow noopener noreferrer\" data-shared=\"\" class=\"share-jetpack-whatsapp sd-button share-icon no-text\" href=\"http:\/\/www.rtvnoticias.com.ar\/?p=18866&amp;share=jetpack-whatsapp\" target=\"_blank\" title=\"Haz clic para compartir en WhatsApp\"><span><\/span><span class=\"sharing-screen-reader-text\">Haz clic para compartir en WhatsApp (Se abre en una ventana nueva)<\/span><\/a><\/li><li class=\"share-telegram\"><a rel=\"nofollow noopener noreferrer\" data-shared=\"\" class=\"share-telegram sd-button share-icon no-text\" href=\"http:\/\/www.rtvnoticias.com.ar\/?p=18866&amp;share=telegram\" target=\"_blank\" title=\"Haz clic para compartir en Telegram\"><span><\/span><span class=\"sharing-screen-reader-text\">Haz clic para compartir en Telegram (Se abre en una ventana nueva)<\/span><\/a><\/li><li class=\"share-end\"><\/li><\/ul><\/div><\/div><\/div>","protected":false},"author":7,"featured_media":18867,"comment_status":"closed","ping_status":"closed","sticky":false,"template":"","format":"standard","meta":{"spay_email":"","jetpack_publicize_message":"","jetpack_is_tweetstorm":false,"jetpack_publicize_feature_enabled":true},"categories":[1],"tags":[],"jetpack_featured_media_url":"http:\/\/www.rtvnoticias.com.ar\/wp-content\/uploads\/2020\/03\/foro.jpg","jetpack_publicize_connections":[],"jetpack_sharing_enabled":true,"_links":{"self":[{"href":"http:\/\/www.rtvnoticias.com.ar\/index.php?rest_route=\/wp\/v2\/posts\/18866"}],"collection":[{"href":"http:\/\/www.rtvnoticias.com.ar\/index.php?rest_route=\/wp\/v2\/posts"}],"about":[{"href":"http:\/\/www.rtvnoticias.com.ar\/index.php?rest_route=\/wp\/v2\/types\/post"}],"author":[{"embeddable":true,"href":"http:\/\/www.rtvnoticias.com.ar\/index.php?rest_route=\/wp\/v2\/users\/7"}],"replies":[{"embeddable":true,"href":"http:\/\/www.rtvnoticias.com.ar\/index.php?rest_route=%2Fwp%2Fv2%2Fcomments&post=18866"}],"version-history":[{"count":1,"href":"http:\/\/www.rtvnoticias.com.ar\/index.php?rest_route=\/wp\/v2\/posts\/18866\/revisions"}],"predecessor-version":[{"id":18868,"href":"http:\/\/www.rtvnoticias.com.ar\/index.php?rest_route=\/wp\/v2\/posts\/18866\/revisions\/18868"}],"wp:featuredmedia":[{"embeddable":true,"href":"http:\/\/www.rtvnoticias.com.ar\/index.php?rest_route=\/wp\/v2\/media\/18867"}],"wp:attachment":[{"href":"http:\/\/www.rtvnoticias.com.ar\/index.php?rest_route=%2Fwp%2Fv2%2Fmedia&parent=18866"}],"wp:term":[{"taxonomy":"category","embeddable":true,"href":"http:\/\/www.rtvnoticias.com.ar\/index.php?rest_route=%2Fwp%2Fv2%2Fcategories&post=18866"},{"taxonomy":"post_tag","embeddable":true,"href":"http:\/\/www.rtvnoticias.com.ar\/index.php?rest_route=%2Fwp%2Fv2%2Ftags&post=18866"}],"curies":[{"name":"wp","href":"https:\/\/api.w.org\/{rel}","templated":true}]}}