{"id":18869,"date":"2020-03-05T11:52:35","date_gmt":"2020-03-05T14:52:35","guid":{"rendered":"http:\/\/www.rtvnoticias.com.ar\/?p=18869"},"modified":"2020-03-05T11:52:37","modified_gmt":"2020-03-05T14:52:37","slug":"julio-de-vido-si-hay-justicia-la-causa-de-once-se-va-a-caer","status":"publish","type":"post","link":"http:\/\/www.rtvnoticias.com.ar\/?p=18869","title":{"rendered":"Julio de Vido: \u201cSi hay justicia, la causa de Once se va a caer\u201d"},"content":{"rendered":"\n<p>\u00abYa he sido juzgado, estuve 900 d\u00edas preso y estamos apelando el fallo vergonzoso del tribunal oral\u00bb, dijo sobre la causa.<br>\nPublicado por Esteban Gait\u00e1n &#8211; 05\/03\/2020<\/p>\n\n\n\n<p>El exministro de Planificaci\u00f3n Julio de Vido habl\u00f3 a la salida de los tribunales de Comodoro Py, donde fue para notificarse de su liberaci\u00f3n en el marco de la causa por presuntos desv\u00edos de fondos en R\u00edo Turbio, y consider\u00f3 que \u201csi hay justicia, la causa de Once se va a caer\u201d.<\/p>\n\n\n\n<p>\u201cYa he sido juzgado, estuve 900 d\u00edas preso y estamos apelando el fallo vergonzoso del tribunal oral. El peritaje de (Juan) Brito es trucho, es parte de una persecuci\u00f3n. El maquinista no fren\u00f3\u201c, dijo De Vido.<\/p>\n\n\n\n<p>Adem\u00e1s, se refiri\u00f3 a las causas judiciales que enfrenta: \u201cTodo fue orquestado por el lawfare\u201c. Y agreg\u00f3: \u201cEsta libertad se la debo a la voluntad soberana del pueblo argentino\u201d.<\/p>\n\n\n\n<p>En octubre de 2018, fue condenado a 5 a\u00f1os y 8 meses de prisi\u00f3n por el Tribunal Oral Federal 4, integrado por los jueces Pablo Bertuzzi, Guillermo Costabel y Gabriela L\u00f3pez I\u00f1\u00edguez, en el marco del juicio por la tragedia ferroviaria de Once.<\/p>\n\n\n\n<p>Al ser consultado por los presos pol\u00edticos, mencion\u00f3 los casos de \u201cAmado Boudou, Luis D\u2019El\u00eda y Milagro Sala\u201d. Y al hablar sobre la juje\u00f1a, cuestion\u00f3 el accionar de la Justicia de esa provincia y enfatiz\u00f3 que \u201cson unos facinerosos y empleados del poder de turno\u201d. <\/p>\n\n\n\n<p>Sobre su relaci\u00f3n pol\u00edtica con Cristina Kirchner, el exministro manifest\u00f3 que est\u00e1 \u201cde acuerdo con muchas de las cosas que est\u00e1 haciendo\u201d, pero advirti\u00f3: \u201cNo soy oficialista, porque tengo profundas diferencias en la pol\u00edtica econ\u00f3mica y en el tratamiento de la deuda\u201d.<\/p>\n<div class=\"sharedaddy sd-sharing-enabled\"><div class=\"robots-nocontent sd-block sd-social sd-social-icon sd-sharing\"><h3 class=\"sd-title\">Comparte esto:<\/h3><div class=\"sd-content\"><ul><li class=\"share-twitter\"><a rel=\"nofollow noopener noreferrer\" data-shared=\"sharing-twitter-18869\" class=\"share-twitter sd-button share-icon no-text\" href=\"http:\/\/www.rtvnoticias.com.ar\/?p=18869&amp;share=twitter\" target=\"_blank\" title=\"Haz clic para compartir en Twitter\"><span><\/span><span class=\"sharing-screen-reader-text\">Haz clic para compartir en Twitter (Se abre en una ventana nueva)<\/span><\/a><\/li><li class=\"share-facebook\"><a rel=\"nofollow noopener noreferrer\" data-shared=\"sharing-facebook-18869\" class=\"share-facebook sd-button share-icon no-text\" href=\"http:\/\/www.rtvnoticias.com.ar\/?p=18869&amp;share=facebook\" target=\"_blank\" title=\"Haz clic para compartir en Facebook\"><span><\/span><span class=\"sharing-screen-reader-text\">Haz clic para compartir en Facebook (Se abre en una ventana nueva)<\/span><\/a><\/li><li class=\"share-jetpack-whatsapp\"><a rel=\"nofollow noopener noreferrer\" data-shared=\"\" class=\"share-jetpack-whatsapp sd-button share-icon no-text\" href=\"http:\/\/www.rtvnoticias.com.ar\/?p=18869&amp;share=jetpack-whatsapp\" target=\"_blank\" title=\"Haz clic para compartir en WhatsApp\"><span><\/span><span class=\"sharing-screen-reader-text\">Haz clic para compartir en WhatsApp (Se abre en una ventana nueva)<\/span><\/a><\/li><li class=\"share-telegram\"><a rel=\"nofollow noopener noreferrer\" data-shared=\"\" class=\"share-telegram sd-button share-icon no-text\" href=\"http:\/\/www.rtvnoticias.com.ar\/?p=18869&amp;share=telegram\" target=\"_blank\" title=\"Haz clic para compartir en Telegram\"><span><\/span><span class=\"sharing-screen-reader-text\">Haz clic para compartir en Telegram (Se abre en una ventana nueva)<\/span><\/a><\/li><li class=\"share-end\"><\/li><\/ul><\/div><\/div><\/div>","protected":false},"excerpt":{"rendered":"<p>\u00abYa he sido juzgado, estuve 900 d\u00edas preso y estamos apelando el fallo vergonzoso del tribunal oral\u00bb, dijo sobre la causa. Publicado por Esteban Gait\u00e1n<\/p>\n<div class=\"sharedaddy sd-sharing-enabled\"><div class=\"robots-nocontent sd-block sd-social sd-social-icon sd-sharing\"><h3 class=\"sd-title\">Comparte esto:<\/h3><div class=\"sd-content\"><ul><li class=\"share-twitter\"><a rel=\"nofollow noopener noreferrer\" data-shared=\"sharing-twitter-18869\" class=\"share-twitter sd-button share-icon no-text\" href=\"http:\/\/www.rtvnoticias.com.ar\/?p=18869&amp;share=twitter\" target=\"_blank\" title=\"Haz clic para compartir en Twitter\"><span><\/span><span class=\"sharing-screen-reader-text\">Haz clic para compartir en Twitter (Se abre en una ventana nueva)<\/span><\/a><\/li><li class=\"share-facebook\"><a rel=\"nofollow noopener noreferrer\" data-shared=\"sharing-facebook-18869\" class=\"share-facebook sd-button share-icon no-text\" href=\"http:\/\/www.rtvnoticias.com.ar\/?p=18869&amp;share=facebook\" target=\"_blank\" title=\"Haz clic para compartir en Facebook\"><span><\/span><span class=\"sharing-screen-reader-text\">Haz clic para compartir en Facebook (Se abre en una ventana nueva)<\/span><\/a><\/li><li class=\"share-jetpack-whatsapp\"><a rel=\"nofollow noopener noreferrer\" data-shared=\"\" class=\"share-jetpack-whatsapp sd-button share-icon no-text\" href=\"http:\/\/www.rtvnoticias.com.ar\/?p=18869&amp;share=jetpack-whatsapp\" target=\"_blank\" title=\"Haz clic para compartir en WhatsApp\"><span><\/span><span class=\"sharing-screen-reader-text\">Haz clic para compartir en WhatsApp (Se abre en una ventana nueva)<\/span><\/a><\/li><li class=\"share-telegram\"><a rel=\"nofollow noopener noreferrer\" data-shared=\"\" class=\"share-telegram sd-button share-icon no-text\" href=\"http:\/\/www.rtvnoticias.com.ar\/?p=18869&amp;share=telegram\" target=\"_blank\" title=\"Haz clic para compartir en Telegram\"><span><\/span><span class=\"sharing-screen-reader-text\">Haz clic para compartir en Telegram (Se abre en una ventana nueva)<\/span><\/a><\/li><li class=\"share-end\"><\/li><\/ul><\/div><\/div><\/div>","protected":false},"author":7,"featured_media":18870,"comment_status":"closed","ping_status":"closed","sticky":false,"template":"","format":"standard","meta":{"spay_email":"","jetpack_publicize_message":"","jetpack_is_tweetstorm":false,"jetpack_publicize_feature_enabled":true},"categories":[1],"tags":[],"jetpack_featured_media_url":"http:\/\/www.rtvnoticias.com.ar\/wp-content\/uploads\/2020\/03\/julio-de-vido-g20190905-774415.jpg","jetpack_publicize_connections":[],"jetpack_sharing_enabled":true,"_links":{"self":[{"href":"http:\/\/www.rtvnoticias.com.ar\/index.php?rest_route=\/wp\/v2\/posts\/18869"}],"collection":[{"href":"http:\/\/www.rtvnoticias.com.ar\/index.php?rest_route=\/wp\/v2\/posts"}],"about":[{"href":"http:\/\/www.rtvnoticias.com.ar\/index.php?rest_route=\/wp\/v2\/types\/post"}],"author":[{"embeddable":true,"href":"http:\/\/www.rtvnoticias.com.ar\/index.php?rest_route=\/wp\/v2\/users\/7"}],"replies":[{"embeddable":true,"href":"http:\/\/www.rtvnoticias.com.ar\/index.php?rest_route=%2Fwp%2Fv2%2Fcomments&post=18869"}],"version-history":[{"count":1,"href":"http:\/\/www.rtvnoticias.com.ar\/index.php?rest_route=\/wp\/v2\/posts\/18869\/revisions"}],"predecessor-version":[{"id":18871,"href":"http:\/\/www.rtvnoticias.com.ar\/index.php?rest_route=\/wp\/v2\/posts\/18869\/revisions\/18871"}],"wp:featuredmedia":[{"embeddable":true,"href":"http:\/\/www.rtvnoticias.com.ar\/index.php?rest_route=\/wp\/v2\/media\/18870"}],"wp:attachment":[{"href":"http:\/\/www.rtvnoticias.com.ar\/index.php?rest_route=%2Fwp%2Fv2%2Fmedia&parent=18869"}],"wp:term":[{"taxonomy":"category","embeddable":true,"href":"http:\/\/www.rtvnoticias.com.ar\/index.php?rest_route=%2Fwp%2Fv2%2Fcategories&post=18869"},{"taxonomy":"post_tag","embeddable":true,"href":"http:\/\/www.rtvnoticias.com.ar\/index.php?rest_route=%2Fwp%2Fv2%2Ftags&post=18869"}],"curies":[{"name":"wp","href":"https:\/\/api.w.org\/{rel}","templated":true}]}}