{"id":18872,"date":"2020-03-05T11:55:40","date_gmt":"2020-03-05T14:55:40","guid":{"rendered":"http:\/\/www.rtvnoticias.com.ar\/?p=18872"},"modified":"2020-03-05T11:56:58","modified_gmt":"2020-03-05T14:56:58","slug":"coronavirus-en-argentina-al-menos-10-personas-aisladas-y-un-caso-descartado-en-capital","status":"publish","type":"post","link":"http:\/\/www.rtvnoticias.com.ar\/?p=18872","title":{"rendered":"Coronavirus en Argentina: al menos 10 personas aisladas y un caso descartado en Capital"},"content":{"rendered":"\n<p style=\"text-align:center\"><strong>Un turista japon\u00e9s estaba en observaci\u00f3n pero se descart\u00f3 que estuviera infectado.<\/strong><br><\/p>\n\n\n\n<p>En las \u00faltimas horas se descart\u00f3 el caso de un turista japon\u00e9s que hab\u00eda llegado a Buenos Aires desde Osaka y estaba internado en el hospital Mu\u00f1iz, y son al menos diez las personas que contin\u00faan aisladas en distintas provincias argentinas por sospechas de coronavirus.<\/p>\n\n\n\n<p>Seg\u00fan T\u00e9lam, siete de los aislados est\u00e1n relacionadas con el hombre diagnosticado con coronavirus: seis pasajeros que compartieron el vuelo desde Italia a Buenos Aires y un hermano de ese paciente. Adem\u00e1s hay un hombre en C\u00f3rdoba, otro en Rosario, una mujer en Entre R\u00edos y dos turistas alemanes en Tucum\u00e1n.<\/p>\n\n\n\n<p>Sobre las personas aisladas en la Ciudad de Buenos Aires, un equipo de contingencia realizar\u00e1 un seguimiento a trav\u00e9s de videollamadas y contactos telef\u00f3nicos, aunque si es necesario se los visitar\u00e1 diariamente para verificar su estado de salud.<\/p>\n\n\n\n<p>En C\u00f3rdoba, la secretaria de Prevenci\u00f3n y Promoci\u00f3n de la Salud de la provincia, Gabriela Barb\u00e1s, se\u00f1al\u00f3 que el hombre estuvo transitando por Europa, en particular Italia, y que \u201cpresenta la sintomatolog\u00eda\u201d compatible con el coronavirus, y que en un per\u00edodo de 48 horas se esperan los resultado del Instituto Malbr\u00e1n, de Buenos Aires.<\/p>\n\n\n\n<p>Por su parte, una mujer de 44 a\u00f1os que regres\u00f3 de un viaje por Alemania e Italia, se encuentra en el hospital de la ciudad de Concordia de Entre R\u00edos, inform\u00f3 el Ministerio de Salud de esa provincia.<\/p>\n\n\n\n<p>La ministra Sonia Vel\u00e1zquez afirm\u00f3 al respecto que se cre\u00f3 un \u201cComit\u00e9 de Organizaci\u00f3n de Emergencia Sanitaria\u201d para \u201cmonitorear y comunicar\u201d el seguimiento de las enfermedades.<\/p>\n\n\n\n<p>Otra persona qued\u00f3 internada en el hospital Provincial de Rosario, donde los m\u00e9dicos se\u00f1alaron que era un hombre de 33 a\u00f1os que viaj\u00f3 a Espa\u00f1a y present\u00f3 s\u00edntomas cl\u00ednicos asimilables a un contagio por coronavirus.<\/p>\n\n\n\n<p>En tanto, un turista alem\u00e1n se encontraba internado en una cl\u00ednica privada de Puerto Iguaz\u00fa con diagn\u00f3stico positivo de dengue, pero el Ministerio de Salud misionero tambi\u00e9n activ\u00f3 preventivamente el protocolo previsto para coronavirus, pero en las \u00faltimas horas fue dado de alta.<\/p>\n\n\n\n<p>Mientras, en Tucum\u00e1n se activ\u00f3 el protocolo este jueves por dos turistas alemanes. <\/p>\n<div class=\"sharedaddy sd-sharing-enabled\"><div class=\"robots-nocontent sd-block sd-social sd-social-icon sd-sharing\"><h3 class=\"sd-title\">Comparte esto:<\/h3><div class=\"sd-content\"><ul><li class=\"share-twitter\"><a rel=\"nofollow noopener noreferrer\" data-shared=\"sharing-twitter-18872\" class=\"share-twitter sd-button share-icon no-text\" href=\"http:\/\/www.rtvnoticias.com.ar\/?p=18872&amp;share=twitter\" target=\"_blank\" title=\"Haz clic para compartir en Twitter\"><span><\/span><span class=\"sharing-screen-reader-text\">Haz clic para compartir en Twitter (Se abre en una ventana nueva)<\/span><\/a><\/li><li class=\"share-facebook\"><a rel=\"nofollow noopener noreferrer\" data-shared=\"sharing-facebook-18872\" class=\"share-facebook sd-button share-icon no-text\" href=\"http:\/\/www.rtvnoticias.com.ar\/?p=18872&amp;share=facebook\" target=\"_blank\" title=\"Haz clic para compartir en Facebook\"><span><\/span><span class=\"sharing-screen-reader-text\">Haz clic para compartir en Facebook (Se abre en una ventana nueva)<\/span><\/a><\/li><li class=\"share-jetpack-whatsapp\"><a rel=\"nofollow noopener noreferrer\" data-shared=\"\" class=\"share-jetpack-whatsapp sd-button share-icon no-text\" href=\"http:\/\/www.rtvnoticias.com.ar\/?p=18872&amp;share=jetpack-whatsapp\" target=\"_blank\" title=\"Haz clic para compartir en WhatsApp\"><span><\/span><span class=\"sharing-screen-reader-text\">Haz clic para compartir en WhatsApp (Se abre en una ventana nueva)<\/span><\/a><\/li><li class=\"share-telegram\"><a rel=\"nofollow noopener noreferrer\" data-shared=\"\" class=\"share-telegram sd-button share-icon no-text\" href=\"http:\/\/www.rtvnoticias.com.ar\/?p=18872&amp;share=telegram\" target=\"_blank\" title=\"Haz clic para compartir en Telegram\"><span><\/span><span class=\"sharing-screen-reader-text\">Haz clic para compartir en Telegram (Se abre en una ventana nueva)<\/span><\/a><\/li><li class=\"share-end\"><\/li><\/ul><\/div><\/div><\/div>","protected":false},"excerpt":{"rendered":"<p>Un turista japon\u00e9s estaba en observaci\u00f3n pero se descart\u00f3 que estuviera infectado. En las \u00faltimas horas se descart\u00f3 el caso de un turista japon\u00e9s que<\/p>\n<div class=\"sharedaddy sd-sharing-enabled\"><div class=\"robots-nocontent sd-block sd-social sd-social-icon sd-sharing\"><h3 class=\"sd-title\">Comparte esto:<\/h3><div class=\"sd-content\"><ul><li class=\"share-twitter\"><a rel=\"nofollow noopener noreferrer\" data-shared=\"sharing-twitter-18872\" class=\"share-twitter sd-button share-icon no-text\" href=\"http:\/\/www.rtvnoticias.com.ar\/?p=18872&amp;share=twitter\" target=\"_blank\" title=\"Haz clic para compartir en Twitter\"><span><\/span><span class=\"sharing-screen-reader-text\">Haz clic para compartir en Twitter (Se abre en una ventana nueva)<\/span><\/a><\/li><li class=\"share-facebook\"><a rel=\"nofollow noopener noreferrer\" data-shared=\"sharing-facebook-18872\" class=\"share-facebook sd-button share-icon no-text\" href=\"http:\/\/www.rtvnoticias.com.ar\/?p=18872&amp;share=facebook\" target=\"_blank\" title=\"Haz clic para compartir en Facebook\"><span><\/span><span class=\"sharing-screen-reader-text\">Haz clic para compartir en Facebook (Se abre en una ventana nueva)<\/span><\/a><\/li><li class=\"share-jetpack-whatsapp\"><a rel=\"nofollow noopener noreferrer\" data-shared=\"\" class=\"share-jetpack-whatsapp sd-button share-icon no-text\" href=\"http:\/\/www.rtvnoticias.com.ar\/?p=18872&amp;share=jetpack-whatsapp\" target=\"_blank\" title=\"Haz clic para compartir en WhatsApp\"><span><\/span><span class=\"sharing-screen-reader-text\">Haz clic para compartir en WhatsApp (Se abre en una ventana nueva)<\/span><\/a><\/li><li class=\"share-telegram\"><a rel=\"nofollow noopener noreferrer\" data-shared=\"\" class=\"share-telegram sd-button share-icon no-text\" href=\"http:\/\/www.rtvnoticias.com.ar\/?p=18872&amp;share=telegram\" target=\"_blank\" title=\"Haz clic para compartir en Telegram\"><span><\/span><span class=\"sharing-screen-reader-text\">Haz clic para compartir en Telegram (Se abre en una ventana nueva)<\/span><\/a><\/li><li class=\"share-end\"><\/li><\/ul><\/div><\/div><\/div>","protected":false},"author":7,"featured_media":18873,"comment_status":"closed","ping_status":"closed","sticky":false,"template":"","format":"standard","meta":{"spay_email":"","jetpack_publicize_message":"","jetpack_is_tweetstorm":false,"jetpack_publicize_feature_enabled":true},"categories":[1],"tags":[],"jetpack_featured_media_url":"http:\/\/www.rtvnoticias.com.ar\/wp-content\/uploads\/2020\/03\/coronavirus.jpg","jetpack_publicize_connections":[],"jetpack_sharing_enabled":true,"_links":{"self":[{"href":"http:\/\/www.rtvnoticias.com.ar\/index.php?rest_route=\/wp\/v2\/posts\/18872"}],"collection":[{"href":"http:\/\/www.rtvnoticias.com.ar\/index.php?rest_route=\/wp\/v2\/posts"}],"about":[{"href":"http:\/\/www.rtvnoticias.com.ar\/index.php?rest_route=\/wp\/v2\/types\/post"}],"author":[{"embeddable":true,"href":"http:\/\/www.rtvnoticias.com.ar\/index.php?rest_route=\/wp\/v2\/users\/7"}],"replies":[{"embeddable":true,"href":"http:\/\/www.rtvnoticias.com.ar\/index.php?rest_route=%2Fwp%2Fv2%2Fcomments&post=18872"}],"version-history":[{"count":1,"href":"http:\/\/www.rtvnoticias.com.ar\/index.php?rest_route=\/wp\/v2\/posts\/18872\/revisions"}],"predecessor-version":[{"id":18874,"href":"http:\/\/www.rtvnoticias.com.ar\/index.php?rest_route=\/wp\/v2\/posts\/18872\/revisions\/18874"}],"wp:featuredmedia":[{"embeddable":true,"href":"http:\/\/www.rtvnoticias.com.ar\/index.php?rest_route=\/wp\/v2\/media\/18873"}],"wp:attachment":[{"href":"http:\/\/www.rtvnoticias.com.ar\/index.php?rest_route=%2Fwp%2Fv2%2Fmedia&parent=18872"}],"wp:term":[{"taxonomy":"category","embeddable":true,"href":"http:\/\/www.rtvnoticias.com.ar\/index.php?rest_route=%2Fwp%2Fv2%2Fcategories&post=18872"},{"taxonomy":"post_tag","embeddable":true,"href":"http:\/\/www.rtvnoticias.com.ar\/index.php?rest_route=%2Fwp%2Fv2%2Ftags&post=18872"}],"curies":[{"name":"wp","href":"https:\/\/api.w.org\/{rel}","templated":true}]}}