{"id":18875,"date":"2020-03-05T12:50:54","date_gmt":"2020-03-05T15:50:54","guid":{"rendered":"http:\/\/www.rtvnoticias.com.ar\/?p=18875"},"modified":"2020-03-05T12:51:04","modified_gmt":"2020-03-05T15:51:04","slug":"presentaron-el-programa-ciudad-activa","status":"publish","type":"post","link":"http:\/\/www.rtvnoticias.com.ar\/?p=18875","title":{"rendered":"Presentaron el programa \u00abCiudad Activa\u00bb"},"content":{"rendered":"\n<p>Se llev\u00f3 a cabo en Medano el acto de presentaci\u00f3n del Programa \u201cCiudad Activa\u201d, destinado&nbsp;a fortalecer y cooperar con organizaciones del Tercer Sector. Cont\u00f3&nbsp;con la presencia de&nbsp;la intendenta, Fernanda Alonso; del ministro de Gobierno y Justicia, Daniel Bensus\u00e1n; el&nbsp;secretario&nbsp;de Gobierno, Seguridad, Educaci\u00f3n y Cultura, Pablo Pildain; el viceintendente, Daniel L\u00f3pez y dem\u00e1s funcionarios locales y provinciales.&nbsp;Asistieron tambi\u00e9n,&nbsp;directivos y representantes de instituciones intermedias de General Pico.<\/p>\n\n\n\n<p>El Programa Municipal \u201cCiudad Activa\u201c, de fortalecimiento al tercer sector,&nbsp;&nbsp;se centra dentro del objetivo estrat\u00e9gico de Gobierno Municipal &nbsp;Pico Amigable y de los lineamientos de descentralizaci\u00f3n, innovaci\u00f3n y participaci\u00f3n.<\/p>\n\n\n\n<p>La Municipalidad de General Pico entiende que el Tercer Sector constituye un elemento imprescindible para la consolidaci\u00f3n de la democracia y la vehiculizaci\u00f3n de la participaci\u00f3n ciudadana; es tambi\u00e9n un excelente portador y generador de valores sociales y contribuye a dar voz y proyecci\u00f3n p\u00fablica a los intereses y demandas de amplios sectores de la comunidad.<\/p>\n\n\n\n<p>El Programa est\u00e1 dirigido a fortalecer y cooperar con organizaciones del Tercer Sector, para&nbsp;abordar problem\u00e1ticas existentes en distintas \u00e1reas; siendo el objetivo principal de Ciudad Activa&nbsp;promover y fortalecer&nbsp; la participaci\u00f3n, el compromiso, la solidaridad&nbsp; y la corresponsabilidad del tercer sector, como actor clave en el Gobierno Municipal para cocrear pol\u00edticas locales.<\/p>\n\n\n\n<p><strong>Una ciudad construida por asociaciones<\/strong><\/p>\n\n\n\n<p>Fernanda Alonso hizo uso de la palabra en el lanzamiento de este programa. La titular del ejecutivo local agradeci\u00f3 a los funcionarios presentes y a cada uno de los representantes de las instituciones: \u201cQue trabajan cotidianamente por nuestra General Pico, aportando &nbsp;su tiempo convencidos que hay que hacer algo por otros, y eso es lo que venimos a poner en valor\u201d, dijo.<\/p>\n\n\n\n<p>La intendenta reconoci\u00f3 que la ciudad de General Pico \u201cTiene una historia de haberse construido asoci\u00e1ndose, junt\u00e1ndonos en determinados organismos, en instituciones que nos fueron dando nuestra identidad. No quer\u00edamos dejar pasar esto, queremos tener un lugar, un programa que los nuclee, que brinde la posibilidad de hacer un poco m\u00e1s f\u00e1cil esa tarea y tambi\u00e9n para sostener el orden de la vida institucional de estas instituciones intermedias\u201d, indic\u00f3.<\/p>\n\n\n\n<p>Alonso puso de relieve el apoyo del Gobierno Provincial a este tipo de pol\u00edticas: \u201cEsto es posible porque hay un voluntad pol\u00edtica por parte de la Provincia, ya desde gestiones anteriores, acompa\u00f1ando a trav\u00e9s de las oficinas descentralizadas, donde se hace la gesti\u00f3n de personer\u00eda jur\u00eddica, que hacen m\u00e1s f\u00e1cil toda la tarea de presentaci\u00f3n de documentaci\u00f3n, para obtener la regularidad\u201d.<\/p>\n\n\n\n<p>Fernanda manifest\u00f3, como ya lo ha hecho en otras oportunidades, su voluntad de gestionar construyendo una alianza entre lo p\u00fablico y lo privado: \u201cQueremos ser ese puente, ese canal &nbsp;que facilite las cosas a ustedes, con el Gobierno &nbsp;Provincial &nbsp;y &nbsp;Nacional, que podamos construir \u00b4juntos, con ustedes\u201d.<\/p>\n\n\n\n<p><strong>6 Millones de Pesos Anuales Para Las Instituciones Locales<\/strong><\/p>\n\n\n\n<p>Por otra parte la intendenta destac\u00f3 el aporte que la Municipalidad realiza para el sostenimiento de las instituciones locales: \u201cAdem\u00e1s quer\u00edamos visibilizar el aporte que viene realizando el Municipio a\u00f1o tras a\u00f1o, a trav\u00e9s&nbsp;de los convenios que firma con cada una de las instituciones, a cambio de contraprestaciones. A cambio de una determinada contraprestaci\u00f3n no se les cobra las tasas municipales. Esa inversi\u00f3n significan 500.000 pesos mensuales; son 6.000.000 de pesos al a\u00f1o que la comuna invierte en cada una de estas instituciones, que hoy van a firmar este convenio\u201d, detall\u00f3.<\/p>\n\n\n\n<p>\u201cConvencidos de esto, hoy quer\u00edamos cuantificar cual &nbsp;es el aporte que hacen los vecinos de la ciudad, para las instituciones que ustedes administran, dirigen, conducen y le dan vida todos los d\u00edas, algo que nosotros valoramos profundamente&nbsp; y queremos que se siga fortaleciendo\u201d, resalt\u00f3.<\/p>\n\n\n\n<p><strong>Alianza Entre el Sector P\u00fablico y el Tercer Sector<\/strong><\/p>\n\n\n\n<p>Por \u00faltimo Fernanda Alonso dijo que este programa tiene que ver con esta alianza que: \u201cProponemos entre el sector p\u00fablico, el sector privado y el tercer sector, nos necesitamos todos, &nbsp;todos hacemos una tarea importante, nosotros la ponemos en valor y queremos que sepan que los vamos a seguir acompa\u00f1ando desde este lugar, porque para nosotros son aliados en el territorio, muchos de ustedes suplen pol\u00edticas que debe llevar a delante el Estado y cuando hay una decisi\u00f3n de la sociedad de llevar adelante respuestas por parte de las instituciones, nos hacen mucho mas f\u00e1cil la vida a todos, en ese sentido hoy queremos decirles que los bancamos y ofrecerles esta alternativa\u201d.<\/p>\n\n\n\n<p><strong>La importancia del vinculo entre el Municipio y la Provincia<\/strong><\/p>\n\n\n\n<p>Por su parte el ministro de Gobierno y Justicia, Pablo Bensus\u00e1n, cont\u00f3 que en el 2016, el ex gobernador Carlos Verna, hab\u00eda dado el mandato de&nbsp; realizar un relevamiento de todas las instituciones intermedias de la Provincia,&nbsp; para ver en qu\u00e9 situaci\u00f3n estaban. Ese relevamiento inform\u00f3 Bensus\u00e1n, arroj\u00f3 el resultado de que la mayor\u00eda de ellas no ten\u00edan su personer\u00eda jur\u00eddica por la falta de presentaci\u00f3n de la documentaci\u00f3n que se requiere.<\/p>\n\n\n\n<p>\u201cA partir de all\u00ed creamos el programa Fortalecer, dentro de la direcci\u00f3n general de Personas Jur\u00eddicas, que consiste en darle a las asociaciones intermedias, asistencia jur\u00eddica, contable, administrativa y tambi\u00e9n ayuda &nbsp;econ\u00f3mica, con la cual afrontar los costos. Este a\u00f1o esos montos se han elevado\u201d, dijo.&nbsp;<\/p>\n\n\n\n<p>Y a\u00f1adi\u00f3 que es muy importante este v\u00ednculo entre el Municipio y la Provincia: \u201cporque para nosotros es muy dif\u00edcil llegar con nuestros programas a las localidades, si no tenemos la ayuda de los municipios\u201d.<\/p>\n\n\n\n<p>El ministro finalmente, destac\u00f3 la celeridad con la que la intendenta Alonso ha empezado a trabajar en estos temas que hacen\u00a0 a la vida institucional de la ciudad: \u201cHace apenas tres meses que Fernanda inici\u00f3 su gesti\u00f3n y ya estamos coordinando con ella para trabajar en conjunto y es muy importante\u201d, subray\u00f3.<\/p>\n\n\n\n<figure class=\"wp-block-image\"><img data-attachment-id=\"18877\" data-permalink=\"http:\/\/www.rtvnoticias.com.ar\/?attachment_id=18877\" data-orig-file=\"http:\/\/www.rtvnoticias.com.ar\/wp-content\/uploads\/2020\/03\/alonso-ciudadactiva-2.jpg\" data-orig-size=\"600,504\" data-comments-opened=\"0\" data-image-meta=\"{&quot;aperture&quot;:&quot;0&quot;,&quot;credit&quot;:&quot;&quot;,&quot;camera&quot;:&quot;&quot;,&quot;caption&quot;:&quot;&quot;,&quot;created_timestamp&quot;:&quot;0&quot;,&quot;copyright&quot;:&quot;&quot;,&quot;focal_length&quot;:&quot;0&quot;,&quot;iso&quot;:&quot;0&quot;,&quot;shutter_speed&quot;:&quot;0&quot;,&quot;title&quot;:&quot;&quot;,&quot;orientation&quot;:&quot;1&quot;}\" data-image-title=\"alonso-ciudadactiva-2\" data-image-description=\"\" data-image-caption=\"\" data-medium-file=\"http:\/\/www.rtvnoticias.com.ar\/wp-content\/uploads\/2020\/03\/alonso-ciudadactiva-2-300x252.jpg\" data-large-file=\"http:\/\/www.rtvnoticias.com.ar\/wp-content\/uploads\/2020\/03\/alonso-ciudadactiva-2.jpg\" decoding=\"async\" loading=\"lazy\" width=\"600\" height=\"504\" src=\"http:\/\/www.rtvnoticias.com.ar\/wp-content\/uploads\/2020\/03\/alonso-ciudadactiva-2.jpg\" alt=\"\" class=\"wp-image-18877\" srcset=\"http:\/\/www.rtvnoticias.com.ar\/wp-content\/uploads\/2020\/03\/alonso-ciudadactiva-2.jpg 600w, http:\/\/www.rtvnoticias.com.ar\/wp-content\/uploads\/2020\/03\/alonso-ciudadactiva-2-300x252.jpg 300w\" sizes=\"(max-width: 600px) 100vw, 600px\" \/><\/figure>\n\n\n\n<p><strong>&nbsp;Suscripci\u00f3n de convenio con 25 instituciones<\/strong><\/p>\n\n\n\n<p>Para terminar el acto de presentaci\u00f3n del Programa Ciudad Activa, que estar\u00e1 a cargo de Nicol\u00e1s Mendoza, quien se desempe\u00f1a como coordinador de Relaciones Institucionales del Municipio, se suscribieron los convenios de contraprestaci\u00f3n de servicios con las siguientes 25 instituciones civiles de la Ciudad:<\/p>\n\n\n\n<p>Centro de Docentes Jubilados y Pensionados; Asociaci\u00f3n de Lucha contra el C\u00e1ncer \u2013 LALCEC; C\u00edrculo de Suboficiales y Agentes de la Polic\u00eda Federal Argentina; Club de Leones; Pe\u00f1a El Alero; Sociedad Rural de General Pico; Entidad Religiosa Mar\u00e1 Auxiliadora Nuestra Se\u00f1ora del Rosario \u2013 Santa In\u00e9s; Parroqu\u00eda Nuestra Se\u00f1ora del Rosario de Pompeya; Parroquia Nuestra Se\u00f1ora del Rosario de Pompeya Capilla San Jos\u00e9; Instituci\u00f3n Salesiana Nuestra Se\u00f1ora del Luj\u00e1n; Facultad de Ciencias Veterinarias de UNLPam; &nbsp;Asociaci\u00f3n C\u00edrculo de Suboficiales Retirados y Pensionados de las Fuerzas Armadas; Club Atl\u00e9tico Ferro Carril Oeste; Club Atl\u00e9tico Costa Brava; Asociaci\u00f3n de Veteranos de Guerra de Malvinas \u201cAlberto Amesgaray\u201d; Pico Football Club; &nbsp;Club Sportivo Independiente; Club Deportivo Uni\u00f3n; Asociaci\u00f3n Radio Club Pampeano; Mutual Educaci\u00f3n y Trabajo; Club Atl\u00e9tico y Cultural Argentino; Pico Rugby Club; Asociaci\u00f3n para el Fomento de la Educaci\u00f3n Integral \u2013 AFEI; Asociaci\u00f3n de Fomento del Barrio San Etelvino; Asociaci\u00f3n Club de la Tercer Edad Barrio El Molino.<\/p>\n\n\n\n<p>Los convenios tienen por objeto la contraprestaci\u00f3n de servicio con las instituciones de Bien P\u00fablico por deudas a contraer en concepto de servicios municipales. Es as\u00ed que la Municipalidad compensar\u00e1 por contraprestaci\u00f3n el pago en concepto de Tasas por Servicios Municipales de los Inmuebles propiedad de las Entidades en cuesti\u00f3n. Y a su vez, las instituciones como contrapartida, ceder\u00e1n al Municipio sus instalaciones, a los efectos de desarrollar diferentes actividades.<\/p>\n<div class=\"sharedaddy sd-sharing-enabled\"><div class=\"robots-nocontent sd-block sd-social sd-social-icon sd-sharing\"><h3 class=\"sd-title\">Comparte esto:<\/h3><div class=\"sd-content\"><ul><li class=\"share-twitter\"><a rel=\"nofollow noopener noreferrer\" data-shared=\"sharing-twitter-18875\" class=\"share-twitter sd-button share-icon no-text\" href=\"http:\/\/www.rtvnoticias.com.ar\/?p=18875&amp;share=twitter\" target=\"_blank\" title=\"Haz clic para compartir en Twitter\"><span><\/span><span class=\"sharing-screen-reader-text\">Haz clic para compartir en Twitter (Se abre en una ventana nueva)<\/span><\/a><\/li><li class=\"share-facebook\"><a rel=\"nofollow noopener noreferrer\" data-shared=\"sharing-facebook-18875\" class=\"share-facebook sd-button share-icon no-text\" href=\"http:\/\/www.rtvnoticias.com.ar\/?p=18875&amp;share=facebook\" target=\"_blank\" title=\"Haz clic para compartir en Facebook\"><span><\/span><span class=\"sharing-screen-reader-text\">Haz clic para compartir en Facebook (Se abre en una ventana nueva)<\/span><\/a><\/li><li class=\"share-jetpack-whatsapp\"><a rel=\"nofollow noopener noreferrer\" data-shared=\"\" class=\"share-jetpack-whatsapp sd-button share-icon no-text\" href=\"http:\/\/www.rtvnoticias.com.ar\/?p=18875&amp;share=jetpack-whatsapp\" target=\"_blank\" title=\"Haz clic para compartir en WhatsApp\"><span><\/span><span class=\"sharing-screen-reader-text\">Haz clic para compartir en WhatsApp (Se abre en una ventana nueva)<\/span><\/a><\/li><li class=\"share-telegram\"><a rel=\"nofollow noopener noreferrer\" data-shared=\"\" class=\"share-telegram sd-button share-icon no-text\" href=\"http:\/\/www.rtvnoticias.com.ar\/?p=18875&amp;share=telegram\" target=\"_blank\" title=\"Haz clic para compartir en Telegram\"><span><\/span><span class=\"sharing-screen-reader-text\">Haz clic para compartir en Telegram (Se abre en una ventana nueva)<\/span><\/a><\/li><li class=\"share-end\"><\/li><\/ul><\/div><\/div><\/div>","protected":false},"excerpt":{"rendered":"<p>Se llev\u00f3 a cabo en Medano el acto de presentaci\u00f3n del Programa \u201cCiudad Activa\u201d, destinado&nbsp;a fortalecer y cooperar con organizaciones del Tercer Sector. Cont\u00f3&nbsp;con la<\/p>\n<div class=\"sharedaddy sd-sharing-enabled\"><div class=\"robots-nocontent sd-block sd-social sd-social-icon sd-sharing\"><h3 class=\"sd-title\">Comparte esto:<\/h3><div class=\"sd-content\"><ul><li class=\"share-twitter\"><a rel=\"nofollow noopener noreferrer\" data-shared=\"sharing-twitter-18875\" class=\"share-twitter sd-button share-icon no-text\" href=\"http:\/\/www.rtvnoticias.com.ar\/?p=18875&amp;share=twitter\" target=\"_blank\" title=\"Haz clic para compartir en Twitter\"><span><\/span><span class=\"sharing-screen-reader-text\">Haz clic para compartir en Twitter (Se abre en una ventana nueva)<\/span><\/a><\/li><li class=\"share-facebook\"><a rel=\"nofollow noopener noreferrer\" data-shared=\"sharing-facebook-18875\" class=\"share-facebook sd-button share-icon no-text\" href=\"http:\/\/www.rtvnoticias.com.ar\/?p=18875&amp;share=facebook\" target=\"_blank\" title=\"Haz clic para compartir en Facebook\"><span><\/span><span class=\"sharing-screen-reader-text\">Haz clic para compartir en Facebook (Se abre en una ventana nueva)<\/span><\/a><\/li><li class=\"share-jetpack-whatsapp\"><a rel=\"nofollow noopener noreferrer\" data-shared=\"\" class=\"share-jetpack-whatsapp sd-button share-icon no-text\" href=\"http:\/\/www.rtvnoticias.com.ar\/?p=18875&amp;share=jetpack-whatsapp\" target=\"_blank\" title=\"Haz clic para compartir en WhatsApp\"><span><\/span><span class=\"sharing-screen-reader-text\">Haz clic para compartir en WhatsApp (Se abre en una ventana nueva)<\/span><\/a><\/li><li class=\"share-telegram\"><a rel=\"nofollow noopener noreferrer\" data-shared=\"\" class=\"share-telegram sd-button share-icon no-text\" href=\"http:\/\/www.rtvnoticias.com.ar\/?p=18875&amp;share=telegram\" target=\"_blank\" title=\"Haz clic para compartir en Telegram\"><span><\/span><span class=\"sharing-screen-reader-text\">Haz clic para compartir en Telegram (Se abre en una ventana nueva)<\/span><\/a><\/li><li class=\"share-end\"><\/li><\/ul><\/div><\/div><\/div>","protected":false},"author":5,"featured_media":18876,"comment_status":"closed","ping_status":"closed","sticky":false,"template":"","format":"standard","meta":{"spay_email":"","jetpack_publicize_message":"","jetpack_is_tweetstorm":false,"jetpack_publicize_feature_enabled":true},"categories":[3],"tags":[3169],"jetpack_featured_media_url":"http:\/\/www.rtvnoticias.com.ar\/wp-content\/uploads\/2020\/03\/alonso-ciudadactiva.jpg","jetpack_publicize_connections":[],"jetpack_sharing_enabled":true,"_links":{"self":[{"href":"http:\/\/www.rtvnoticias.com.ar\/index.php?rest_route=\/wp\/v2\/posts\/18875"}],"collection":[{"href":"http:\/\/www.rtvnoticias.com.ar\/index.php?rest_route=\/wp\/v2\/posts"}],"about":[{"href":"http:\/\/www.rtvnoticias.com.ar\/index.php?rest_route=\/wp\/v2\/types\/post"}],"author":[{"embeddable":true,"href":"http:\/\/www.rtvnoticias.com.ar\/index.php?rest_route=\/wp\/v2\/users\/5"}],"replies":[{"embeddable":true,"href":"http:\/\/www.rtvnoticias.com.ar\/index.php?rest_route=%2Fwp%2Fv2%2Fcomments&post=18875"}],"version-history":[{"count":1,"href":"http:\/\/www.rtvnoticias.com.ar\/index.php?rest_route=\/wp\/v2\/posts\/18875\/revisions"}],"predecessor-version":[{"id":18878,"href":"http:\/\/www.rtvnoticias.com.ar\/index.php?rest_route=\/wp\/v2\/posts\/18875\/revisions\/18878"}],"wp:featuredmedia":[{"embeddable":true,"href":"http:\/\/www.rtvnoticias.com.ar\/index.php?rest_route=\/wp\/v2\/media\/18876"}],"wp:attachment":[{"href":"http:\/\/www.rtvnoticias.com.ar\/index.php?rest_route=%2Fwp%2Fv2%2Fmedia&parent=18875"}],"wp:term":[{"taxonomy":"category","embeddable":true,"href":"http:\/\/www.rtvnoticias.com.ar\/index.php?rest_route=%2Fwp%2Fv2%2Fcategories&post=18875"},{"taxonomy":"post_tag","embeddable":true,"href":"http:\/\/www.rtvnoticias.com.ar\/index.php?rest_route=%2Fwp%2Fv2%2Ftags&post=18875"}],"curies":[{"name":"wp","href":"https:\/\/api.w.org\/{rel}","templated":true}]}}