{"id":18883,"date":"2020-03-05T19:05:01","date_gmt":"2020-03-05T22:05:01","guid":{"rendered":"http:\/\/www.rtvnoticias.com.ar\/?p=18883"},"modified":"2020-03-05T19:08:14","modified_gmt":"2020-03-05T22:08:14","slug":"el-gran-desafio-es-ser-duenos-de-la-energia-en-la-provincia-de-la-pampa-dijo-ziliotto","status":"publish","type":"post","link":"http:\/\/www.rtvnoticias.com.ar\/?p=18883","title":{"rendered":"\u201cEl gran desaf\u00edo es ser due\u00f1os de la energ\u00eda en la provincia de La Pampa\u201d, dijo Ziliotto"},"content":{"rendered":"\n<p>El gobernador Sergio Ziliotto present\u00f3 el Plan Estrat\u00e9gico de Energ\u00eda que tiene por objetivo que La Pampa logre la soberan\u00eda energ\u00e9tica. \u201cEl gran desaf\u00edo es ser due\u00f1os de la energ\u00eda en la provincia de La Pampa\u201d, precis\u00f3 el gobernador Sergio Ziliotto durante la presentaci\u00f3n del Plan Estrat\u00e9gico de Energ\u00eda. <\/p>\n\n\n\n<p>Subray\u00f3 que \u201cel Estado debe mediar en la econom\u00eda para regular el mercado e intervenir en la distribuci\u00f3n de la renta con criterios sociales y econ\u00f3micos, pero tambi\u00e9n para que el precio de la energ\u00eda sea otra ventaja comparativa m\u00e1s al momento que un inversor defina en qu\u00e9 lugar de la Argentina se radica\u201d..<\/p>\n\n\n\n<p>\u00a0El plan fue dado a conocer en el auditorio del Centro Cultural Medasur donde concurrieron integrantes del gabinete provincial, legisladores, intendentes, adem\u00e1s de representantes de instituciones intermedias, sociales, sindicales y econ\u00f3micas de la provincia.<\/p>\n\n\n\n<p>La presentaci\u00f3n comenz\u00f3 la exposici\u00f3n del Secretario de Energ\u00eda y Miner\u00eda, Mat\u00edas Toso y la Presidenta de Pampetrol SAPEM, Mar\u00eda de los \u00c1ngeles Roveda. Ambos definieron el contexto en el que se lanz\u00f3 el Plan Energ\u00e9tico, adem\u00e1s de mencionar los actores involucrados y los objetivos a corto, mediano y largo plazo.<\/p>\n\n\n\n<p>El gobernador Sergio Ziliotto concluy\u00f3 la presentaci\u00f3n agradeciendo \u00a0especialmente la presencia de representantes de\u00a0 los distintos sectores y record\u00f3 \u00a0que en la apertura de las sesiones ordinarias de diputados,\u00a0 plante\u00f3 que para desarrollar definitivamente La Pampa \u201cdebemos compartir un proyecto com\u00fan, compartir pol\u00edticas de Estado y hoy estamos presentando una\u201d.<\/p>\n\n\n\n<p> <strong>\u201cDue\u00f1os de la energ\u00eda\u201d<\/strong><\/p>\n\n\n\n<p>\u201cEl gran desaf\u00edo es lograr ser due\u00f1os de la energ\u00eda en la provincia de La Pampa\u201d, precis\u00f3 el mandatario para agregar que \u201ces necesario que los recursos de los pampeanos no se vayan de la provincia y por eso queremos incursionar en el negocio de la energ\u00eda\u201d.<\/p>\n\n\n\n<p>Plante\u00f3 la necesidad de suplantar a los actores que hoy manejan el negocio de la energ\u00eda en la Argentina, para lo que \u201ccontamos con las herramientas de infraestructura, el equipamiento, pero tambi\u00e9n tenemos una fortaleza muy valorada a nivel local y a nivel nacional como es la estructura del sector cooperativo con la que existe una muy fuerte cohesi\u00f3n institucional\u201d.<\/p>\n\n\n\n<p>\u201cEste es un desaf\u00edo al que queremos sumar a muchos actores institucionales, porque como vimos en la presentaci\u00f3n del Plan, el marco jur\u00eddico de esta pol\u00edtica de Estado se va a desarrollar y definir en el \u00e1mbito legislativo, con la participaci\u00f3n de todos\u201d.<\/p>\n\n\n\n<p>A p\u00e1rrafo seguido ampli\u00f3 diciendo que en el Plan Energ\u00e9tico est\u00e1n involucrados adem\u00e1s las cooperativas, la Universidad, los Intendentes, el sector privado \u201cy es a este \u00faltimo, al sector privado, al que queremos darle mayores herramientas al menor costo posible a para que agreguen valor a la producci\u00f3n\u00a0 primaria\u201d.<\/p>\n\n\n\n<p>Consider\u00f3 que ser\u00e1 estrat\u00e9gico el manejo del precio de la energ\u00eda \u201cpara definir como es la pol\u00edtica de ayuda con los sectores vulnerables ante la crisis econ\u00f3mica y \u00a0para\u00a0 que la renta quede en la provincia de La Pampa, pero tambi\u00e9n para que el precio de la energ\u00eda sea otra ventaja comparativa m\u00e1s al momento que un inversor tenga que definir en que lugar del territorio argentino realiza sus inversiones.<\/p>\n\n\n\n<p><strong>El proyecto a diputados<\/strong><\/p>\n\n\n\n<p>Anticip\u00f3 a los diputados presentes que pr\u00f3ximamente remitir\u00e1 a la Legislatura el proyecto que ser\u00e1 \u201cel marco jur\u00eddico que determinar\u00e1 las reglas de juego que permitan avanzar\u201d.<\/p>\n\n\n\n<p>\u201cLo principal ser\u00e1 aprovechar la fortaleza de Patetrol, reconvertirla, darle m\u00e1s capacidad, m\u00e1s apoyo y la posibilidad que incursione en el \u00e1mbito de la generaci\u00f3n de energ\u00eda a partir de un sinn\u00famero de fuentes\u201d, se\u00f1al\u00f3.<br>Valor\u00f3 que en La Pampa se ha demostrado que \u201ccuando nos ponemos el desaf\u00edo de avanzar sobre la econom\u00eda lo hacemos bien\u201d y puso como ejemplo a Pampetrol, cuya \u201cfortaleza tuvo y tiene mucho que ver en el dise\u00f1o de este Plan Energ\u00e9tico.\u201d.<\/p>\n\n\n\n<p>El gobernador recalc\u00f3 que Pampetrol es una \u201cmuestra de pol\u00edtica de Estado,\u00a0 es patrimonio de todos los pampeanos\u201d y acentu\u00f3 la importancia que tiene la participaci\u00f3n de la oposici\u00f3n en la empresa hidrocarbur\u00edfera provincial\u201d, resaltando en este sentido la figura del director Hugo P\u00e9rez.<\/p>\n\n\n\n<p>\u201cQuiero que a partir de ahora todos nos pongamos la camiseta de la provincia de La Pampa y que el d\u00eda de ma\u00f1ana, cuando seamos due\u00f1os de la energ\u00eda, este no sea un\u00a0 triunfo de un gobernador, o de un gobierno, sino de todos los pampeanos que se pusieron la camiseta de La Pampa\u201d, concluy\u00f3. <\/p>\n<div class=\"sharedaddy sd-sharing-enabled\"><div class=\"robots-nocontent sd-block sd-social sd-social-icon sd-sharing\"><h3 class=\"sd-title\">Comparte esto:<\/h3><div class=\"sd-content\"><ul><li class=\"share-twitter\"><a rel=\"nofollow noopener noreferrer\" data-shared=\"sharing-twitter-18883\" class=\"share-twitter sd-button share-icon no-text\" href=\"http:\/\/www.rtvnoticias.com.ar\/?p=18883&amp;share=twitter\" target=\"_blank\" title=\"Haz clic para compartir en Twitter\"><span><\/span><span class=\"sharing-screen-reader-text\">Haz clic para compartir en Twitter (Se abre en una ventana nueva)<\/span><\/a><\/li><li class=\"share-facebook\"><a rel=\"nofollow noopener noreferrer\" data-shared=\"sharing-facebook-18883\" class=\"share-facebook sd-button share-icon no-text\" href=\"http:\/\/www.rtvnoticias.com.ar\/?p=18883&amp;share=facebook\" target=\"_blank\" title=\"Haz clic para compartir en Facebook\"><span><\/span><span class=\"sharing-screen-reader-text\">Haz clic para compartir en Facebook (Se abre en una ventana nueva)<\/span><\/a><\/li><li class=\"share-jetpack-whatsapp\"><a rel=\"nofollow noopener noreferrer\" data-shared=\"\" class=\"share-jetpack-whatsapp sd-button share-icon no-text\" href=\"http:\/\/www.rtvnoticias.com.ar\/?p=18883&amp;share=jetpack-whatsapp\" target=\"_blank\" title=\"Haz clic para compartir en WhatsApp\"><span><\/span><span class=\"sharing-screen-reader-text\">Haz clic para compartir en WhatsApp (Se abre en una ventana nueva)<\/span><\/a><\/li><li class=\"share-telegram\"><a rel=\"nofollow noopener noreferrer\" data-shared=\"\" class=\"share-telegram sd-button share-icon no-text\" href=\"http:\/\/www.rtvnoticias.com.ar\/?p=18883&amp;share=telegram\" target=\"_blank\" title=\"Haz clic para compartir en Telegram\"><span><\/span><span class=\"sharing-screen-reader-text\">Haz clic para compartir en Telegram (Se abre en una ventana nueva)<\/span><\/a><\/li><li class=\"share-end\"><\/li><\/ul><\/div><\/div><\/div>","protected":false},"excerpt":{"rendered":"<p>El gobernador Sergio Ziliotto present\u00f3 el Plan Estrat\u00e9gico de Energ\u00eda que tiene por objetivo que La Pampa logre la soberan\u00eda energ\u00e9tica. \u201cEl gran desaf\u00edo es<\/p>\n<div class=\"sharedaddy sd-sharing-enabled\"><div class=\"robots-nocontent sd-block sd-social sd-social-icon sd-sharing\"><h3 class=\"sd-title\">Comparte esto:<\/h3><div class=\"sd-content\"><ul><li class=\"share-twitter\"><a rel=\"nofollow noopener noreferrer\" data-shared=\"sharing-twitter-18883\" class=\"share-twitter sd-button share-icon no-text\" href=\"http:\/\/www.rtvnoticias.com.ar\/?p=18883&amp;share=twitter\" target=\"_blank\" title=\"Haz clic para compartir en Twitter\"><span><\/span><span class=\"sharing-screen-reader-text\">Haz clic para compartir en Twitter (Se abre en una ventana nueva)<\/span><\/a><\/li><li class=\"share-facebook\"><a rel=\"nofollow noopener noreferrer\" data-shared=\"sharing-facebook-18883\" class=\"share-facebook sd-button share-icon no-text\" href=\"http:\/\/www.rtvnoticias.com.ar\/?p=18883&amp;share=facebook\" target=\"_blank\" title=\"Haz clic para compartir en Facebook\"><span><\/span><span class=\"sharing-screen-reader-text\">Haz clic para compartir en Facebook (Se abre en una ventana nueva)<\/span><\/a><\/li><li class=\"share-jetpack-whatsapp\"><a rel=\"nofollow noopener noreferrer\" data-shared=\"\" class=\"share-jetpack-whatsapp sd-button share-icon no-text\" href=\"http:\/\/www.rtvnoticias.com.ar\/?p=18883&amp;share=jetpack-whatsapp\" target=\"_blank\" title=\"Haz clic para compartir en WhatsApp\"><span><\/span><span class=\"sharing-screen-reader-text\">Haz clic para compartir en WhatsApp (Se abre en una ventana nueva)<\/span><\/a><\/li><li class=\"share-telegram\"><a rel=\"nofollow noopener noreferrer\" data-shared=\"\" class=\"share-telegram sd-button share-icon no-text\" href=\"http:\/\/www.rtvnoticias.com.ar\/?p=18883&amp;share=telegram\" target=\"_blank\" title=\"Haz clic para compartir en Telegram\"><span><\/span><span class=\"sharing-screen-reader-text\">Haz clic para compartir en Telegram (Se abre en una ventana nueva)<\/span><\/a><\/li><li class=\"share-end\"><\/li><\/ul><\/div><\/div><\/div>","protected":false},"author":5,"featured_media":18886,"comment_status":"closed","ping_status":"closed","sticky":false,"template":"","format":"standard","meta":{"spay_email":"","jetpack_publicize_message":"","jetpack_is_tweetstorm":false,"jetpack_publicize_feature_enabled":true},"categories":[4],"tags":[3171],"jetpack_featured_media_url":"http:\/\/www.rtvnoticias.com.ar\/wp-content\/uploads\/2020\/03\/ziliotto-energ\u00eda-1.jpg","jetpack_publicize_connections":[],"jetpack_sharing_enabled":true,"_links":{"self":[{"href":"http:\/\/www.rtvnoticias.com.ar\/index.php?rest_route=\/wp\/v2\/posts\/18883"}],"collection":[{"href":"http:\/\/www.rtvnoticias.com.ar\/index.php?rest_route=\/wp\/v2\/posts"}],"about":[{"href":"http:\/\/www.rtvnoticias.com.ar\/index.php?rest_route=\/wp\/v2\/types\/post"}],"author":[{"embeddable":true,"href":"http:\/\/www.rtvnoticias.com.ar\/index.php?rest_route=\/wp\/v2\/users\/5"}],"replies":[{"embeddable":true,"href":"http:\/\/www.rtvnoticias.com.ar\/index.php?rest_route=%2Fwp%2Fv2%2Fcomments&post=18883"}],"version-history":[{"count":1,"href":"http:\/\/www.rtvnoticias.com.ar\/index.php?rest_route=\/wp\/v2\/posts\/18883\/revisions"}],"predecessor-version":[{"id":18885,"href":"http:\/\/www.rtvnoticias.com.ar\/index.php?rest_route=\/wp\/v2\/posts\/18883\/revisions\/18885"}],"wp:featuredmedia":[{"embeddable":true,"href":"http:\/\/www.rtvnoticias.com.ar\/index.php?rest_route=\/wp\/v2\/media\/18886"}],"wp:attachment":[{"href":"http:\/\/www.rtvnoticias.com.ar\/index.php?rest_route=%2Fwp%2Fv2%2Fmedia&parent=18883"}],"wp:term":[{"taxonomy":"category","embeddable":true,"href":"http:\/\/www.rtvnoticias.com.ar\/index.php?rest_route=%2Fwp%2Fv2%2Fcategories&post=18883"},{"taxonomy":"post_tag","embeddable":true,"href":"http:\/\/www.rtvnoticias.com.ar\/index.php?rest_route=%2Fwp%2Fv2%2Ftags&post=18883"}],"curies":[{"name":"wp","href":"https:\/\/api.w.org\/{rel}","templated":true}]}}