{"id":18895,"date":"2020-03-06T12:51:12","date_gmt":"2020-03-06T15:51:12","guid":{"rendered":"http:\/\/www.rtvnoticias.com.ar\/?p=18895"},"modified":"2020-03-06T12:51:20","modified_gmt":"2020-03-06T15:51:20","slug":"alonso-entrego-creditos-para-produccion-y-servicios","status":"publish","type":"post","link":"http:\/\/www.rtvnoticias.com.ar\/?p=18895","title":{"rendered":"Alonso entreg\u00f3 cr\u00e9ditos para producci\u00f3n y servicios"},"content":{"rendered":"\n<p><strong>La intendenta municipal, Fernanda Alonso, encabez\u00f3 el acto de entrega de microcr\u00e9ditos y de financiamiento a proyectos institucionales, en el edificio de MEDANO, la acompa\u00f1aron el presidente del Concejo Deliberante, Daniel L\u00f3pez; la subsecretaria de Econom\u00eda Social provincial Yolanda Carrizo; el secretario de Econom\u00eda, Luis Anconetani y la\u00a0\u00a0secretaria de Desarrollo Social,\u00a0\u00a0Daniela Cabrino, entre otros.<\/strong><\/p>\n\n\n\n<p>Esta ma\u00f1ana se llev\u00f3 a cabo el acto de acto de entrega de 9&nbsp;microcr\u00e9ditos a emprendedores de nuestra ciudad, destinados a la fabricaci\u00f3n y elaboraci\u00f3n de productos varios, actividades comerciales y servicios vinculados a la producci\u00f3n. Tambi\u00e9n se hizo entrega, por intermedio del Programa de Participaci\u00f3n Comunitaria, del financiamiento a 4 proyectos institucionales y 2 microcr\u00e9ditos por el programa de Desarrollo de la Econom\u00eda Social.<\/p>\n\n\n\n<p><strong>Pensar en la Gente<\/strong><\/p>\n\n\n\n<p>Fernanda Alonso puso de relieve que \u201cCada entrega de un cr\u00e9dito, cada posibilidad que tenemos de ejecutar un programa provincial, que viene desarroll\u00e1ndose desde hace mas de 20 a\u00f1os, nos enorgullece, porque nos da la posibilidad de tener previsibilidad, en la inversi\u00f3n y en la continuidad de los programas y en el sostenimiento de las pol\u00edticas p\u00fablicas y en el pensar fundamentalmente en la gente\u201d, dijo Alonso.<\/p>\n\n\n\n<p>En esta ocasi\u00f3n, en principio,&nbsp;&nbsp;fueron beneficiados 9 emprendimientos, a otorgar por la nueva L\u00ednea de Cr\u00e9dito Municipal, sancionada por Ordenanza 57\/2017 la cual&nbsp;<em>se<\/em>&nbsp;fondea con montos de recupero de la Ley 2461 de Descentralizaci\u00f3n, que se gestionan anualmente ante el Ministerio de la Producci\u00f3n de nuestra Provincia.&nbsp;&nbsp;Cabe destacar que el 33% de estos micro-cr\u00e9ditos fueron destinados a actividades productivas, un 56% a servicios y el 11% restante a actividades de car\u00e1cter comercial.<\/p>\n\n\n\n<p><strong>Emprendimientos que generen Valor Agregado y Alto Porcentaje de Recupero<\/strong><\/p>\n\n\n\n<p>Los micro-cr\u00e9ditos enmarcados en la mencionada Ordenanza, est\u00e1n dirigidos a todo tipo de emprendimientos que generen valor agregado, ya sean estos de tipo productivo o servicios de apoyo a dicho sector, e incluso servicios generales y comercios. Se priorizar\u00e1n aquellos proyectos que agreguen valor al producto final, mejoren la calidad del proceso productivo o conlleven un importante impacto en la generaci\u00f3n de nuevos puestos de trabajo.<\/p>\n\n\n\n<p>Es de destacar el alto porcentaje de recupero que presentan los cr\u00e9ditos otorgados hasta el momento (m\u00e1s del 92%), lo que hace posible materializar nuevas asistencias a vecinos de nuestra localidad con necesidades de generar o potenciar sus propios proyectos.<\/p>\n\n\n\n<p>\u201cEsto es la continuidad de una pol\u00edtica p\u00fablica que se viene ejecutando, a\u00f1o tras a\u00f1o, en funci\u00f3n de la posibilidad que tenemos de recuperar los fondos que prestamos, a trav\u00e9s de lo que es ley 2461, de descentralizaci\u00f3n y tanto de producci\u00f3n como de Econom\u00eda social, Gracias a la gente que devolvi\u00f3 los cuotas hoy podemos darles a ustedes esta posibilidad eso mismo le vamos a pedir a ustedes, asumir esa responsabilidad&nbsp;&nbsp;de la devoluci\u00f3n porque despu\u00e9s otros vecinos de la ciudad de general pico van a poder acceder a lo mismo\u201d comento Alonso.<\/p>\n\n\n\n<p><strong>Proyectos Comentarios<\/strong><\/p>\n\n\n\n<p>&nbsp;Un p\u00e1rrafo aparte mereci\u00f3 la entrega de financiaci\u00f3n a instituciones del medio \u201cPor otro lado vamos a hacer efectiva la entrega de lo que corresponde a participaci\u00f3n comunitaria que son los cuatro proyectos que se presentaron en el ministerio de desarrollo social y que se&nbsp;&nbsp;eligieron, el a\u00f1o pasado, son cuatro instituciones del medio\u201d se\u00f1al\u00f3 Alonso.<\/p>\n\n\n\n<p><strong>Un mill\u00f3n y medio de pesos<\/strong><\/p>\n\n\n\n<p>La inversi\u00f3n total des de un monto 1.593.000, entre cr\u00e9ditos de econom\u00eda social, cr\u00e9ditos de la producci\u00f3n y el Programa participaci\u00f3n comunitaria.<\/p>\n\n\n\n<p>La Intendenta destac\u00f3 el esfuerzo que lleva a delante el Estado Provincial para acompa\u00f1ar a los ciudadanos y ciudadanos que siguen apostando a la producci\u00f3n \u201cEn momentos de crisis los microcr\u00e9ditos vinieron a dar respuesta a muchas familias que necesitan del acompa\u00f1amiento del estado. Gente que tiene ganas y que ha decidido seguir invirtiendo esfuerzo u trabajo y que apuesta a nuestro general Pico. Nosotros estamos convencidos de esto y los vamos a seguir acompa\u00f1ando\u201d explic\u00f3.<\/p>\n\n\n\n<p>Los beneficiarios de los 9 microcr\u00e9ditos fueron Sergio Bellezze, paraServicios Audiovisuales<strong>,&nbsp;<\/strong>Marcelino Burrieza<strong>,&nbsp;<\/strong>Ferreter\u00eda<strong>,&nbsp;<\/strong>Guillermo Callovi, para laFabricaci\u00f3n de motopartes<strong>;&nbsp;<\/strong>Daniela, Silvia Doglioli, para laElaboraci\u00f3n de alimento; Patricia Galmes, para un Centro de Est\u00e9tica; Pablo Giroldi, Pablo paraMant. Parques y Jardines;&nbsp;&nbsp;Luciana MU\u00d1OZ, para laElaboraci\u00f3n de Alimentos;&nbsp;Nahuel PEREYRA, Nahuel paralaOrganizaci\u00f3n de EventosyKevin ToledoGuallart<strong><em>.<\/em><\/strong><\/p>\n\n\n\n<p>Por el Programa de Participaci\u00f3n Comunitaria se financiar\u00e1n 4 proyectos a instituciones, por un total de $378.962,29:<\/p>\n<div class=\"sharedaddy sd-sharing-enabled\"><div class=\"robots-nocontent sd-block sd-social sd-social-icon sd-sharing\"><h3 class=\"sd-title\">Comparte esto:<\/h3><div class=\"sd-content\"><ul><li class=\"share-twitter\"><a rel=\"nofollow noopener noreferrer\" data-shared=\"sharing-twitter-18895\" class=\"share-twitter sd-button share-icon no-text\" href=\"http:\/\/www.rtvnoticias.com.ar\/?p=18895&amp;share=twitter\" target=\"_blank\" title=\"Haz clic para compartir en Twitter\"><span><\/span><span class=\"sharing-screen-reader-text\">Haz clic para compartir en Twitter (Se abre en una ventana nueva)<\/span><\/a><\/li><li class=\"share-facebook\"><a rel=\"nofollow noopener noreferrer\" data-shared=\"sharing-facebook-18895\" class=\"share-facebook sd-button share-icon no-text\" href=\"http:\/\/www.rtvnoticias.com.ar\/?p=18895&amp;share=facebook\" target=\"_blank\" title=\"Haz clic para compartir en Facebook\"><span><\/span><span class=\"sharing-screen-reader-text\">Haz clic para compartir en Facebook (Se abre en una ventana nueva)<\/span><\/a><\/li><li class=\"share-jetpack-whatsapp\"><a rel=\"nofollow noopener noreferrer\" data-shared=\"\" class=\"share-jetpack-whatsapp sd-button share-icon no-text\" href=\"http:\/\/www.rtvnoticias.com.ar\/?p=18895&amp;share=jetpack-whatsapp\" target=\"_blank\" title=\"Haz clic para compartir en WhatsApp\"><span><\/span><span class=\"sharing-screen-reader-text\">Haz clic para compartir en WhatsApp (Se abre en una ventana nueva)<\/span><\/a><\/li><li class=\"share-telegram\"><a rel=\"nofollow noopener noreferrer\" data-shared=\"\" class=\"share-telegram sd-button share-icon no-text\" href=\"http:\/\/www.rtvnoticias.com.ar\/?p=18895&amp;share=telegram\" target=\"_blank\" title=\"Haz clic para compartir en Telegram\"><span><\/span><span class=\"sharing-screen-reader-text\">Haz clic para compartir en Telegram (Se abre en una ventana nueva)<\/span><\/a><\/li><li class=\"share-end\"><\/li><\/ul><\/div><\/div><\/div>","protected":false},"excerpt":{"rendered":"<p>La intendenta municipal, Fernanda Alonso, encabez\u00f3 el acto de entrega de microcr\u00e9ditos y de financiamiento a proyectos institucionales, en el edificio de MEDANO, la acompa\u00f1aron<\/p>\n<div class=\"sharedaddy sd-sharing-enabled\"><div class=\"robots-nocontent sd-block sd-social sd-social-icon sd-sharing\"><h3 class=\"sd-title\">Comparte esto:<\/h3><div class=\"sd-content\"><ul><li class=\"share-twitter\"><a rel=\"nofollow noopener noreferrer\" data-shared=\"sharing-twitter-18895\" class=\"share-twitter sd-button share-icon no-text\" href=\"http:\/\/www.rtvnoticias.com.ar\/?p=18895&amp;share=twitter\" target=\"_blank\" title=\"Haz clic para compartir en Twitter\"><span><\/span><span class=\"sharing-screen-reader-text\">Haz clic para compartir en Twitter (Se abre en una ventana nueva)<\/span><\/a><\/li><li class=\"share-facebook\"><a rel=\"nofollow noopener noreferrer\" data-shared=\"sharing-facebook-18895\" class=\"share-facebook sd-button share-icon no-text\" href=\"http:\/\/www.rtvnoticias.com.ar\/?p=18895&amp;share=facebook\" target=\"_blank\" title=\"Haz clic para compartir en Facebook\"><span><\/span><span class=\"sharing-screen-reader-text\">Haz clic para compartir en Facebook (Se abre en una ventana nueva)<\/span><\/a><\/li><li class=\"share-jetpack-whatsapp\"><a rel=\"nofollow noopener noreferrer\" data-shared=\"\" class=\"share-jetpack-whatsapp sd-button share-icon no-text\" href=\"http:\/\/www.rtvnoticias.com.ar\/?p=18895&amp;share=jetpack-whatsapp\" target=\"_blank\" title=\"Haz clic para compartir en WhatsApp\"><span><\/span><span class=\"sharing-screen-reader-text\">Haz clic para compartir en WhatsApp (Se abre en una ventana nueva)<\/span><\/a><\/li><li class=\"share-telegram\"><a rel=\"nofollow noopener noreferrer\" data-shared=\"\" class=\"share-telegram sd-button share-icon no-text\" href=\"http:\/\/www.rtvnoticias.com.ar\/?p=18895&amp;share=telegram\" target=\"_blank\" title=\"Haz clic para compartir en Telegram\"><span><\/span><span class=\"sharing-screen-reader-text\">Haz clic para compartir en Telegram (Se abre en una ventana nueva)<\/span><\/a><\/li><li class=\"share-end\"><\/li><\/ul><\/div><\/div><\/div>","protected":false},"author":5,"featured_media":18896,"comment_status":"closed","ping_status":"closed","sticky":false,"template":"","format":"standard","meta":{"spay_email":"","jetpack_publicize_message":"","jetpack_is_tweetstorm":false,"jetpack_publicize_feature_enabled":true},"categories":[3],"tags":[3174],"jetpack_featured_media_url":"http:\/\/www.rtvnoticias.com.ar\/wp-content\/uploads\/2020\/03\/alonso-cr\u00e9ditos.png","jetpack_publicize_connections":[],"jetpack_sharing_enabled":true,"_links":{"self":[{"href":"http:\/\/www.rtvnoticias.com.ar\/index.php?rest_route=\/wp\/v2\/posts\/18895"}],"collection":[{"href":"http:\/\/www.rtvnoticias.com.ar\/index.php?rest_route=\/wp\/v2\/posts"}],"about":[{"href":"http:\/\/www.rtvnoticias.com.ar\/index.php?rest_route=\/wp\/v2\/types\/post"}],"author":[{"embeddable":true,"href":"http:\/\/www.rtvnoticias.com.ar\/index.php?rest_route=\/wp\/v2\/users\/5"}],"replies":[{"embeddable":true,"href":"http:\/\/www.rtvnoticias.com.ar\/index.php?rest_route=%2Fwp%2Fv2%2Fcomments&post=18895"}],"version-history":[{"count":1,"href":"http:\/\/www.rtvnoticias.com.ar\/index.php?rest_route=\/wp\/v2\/posts\/18895\/revisions"}],"predecessor-version":[{"id":18897,"href":"http:\/\/www.rtvnoticias.com.ar\/index.php?rest_route=\/wp\/v2\/posts\/18895\/revisions\/18897"}],"wp:featuredmedia":[{"embeddable":true,"href":"http:\/\/www.rtvnoticias.com.ar\/index.php?rest_route=\/wp\/v2\/media\/18896"}],"wp:attachment":[{"href":"http:\/\/www.rtvnoticias.com.ar\/index.php?rest_route=%2Fwp%2Fv2%2Fmedia&parent=18895"}],"wp:term":[{"taxonomy":"category","embeddable":true,"href":"http:\/\/www.rtvnoticias.com.ar\/index.php?rest_route=%2Fwp%2Fv2%2Fcategories&post=18895"},{"taxonomy":"post_tag","embeddable":true,"href":"http:\/\/www.rtvnoticias.com.ar\/index.php?rest_route=%2Fwp%2Fv2%2Ftags&post=18895"}],"curies":[{"name":"wp","href":"https:\/\/api.w.org\/{rel}","templated":true}]}}