{"id":18898,"date":"2020-03-06T14:29:25","date_gmt":"2020-03-06T17:29:25","guid":{"rendered":"http:\/\/www.rtvnoticias.com.ar\/?p=18898"},"modified":"2020-03-06T14:29:32","modified_gmt":"2020-03-06T17:29:32","slug":"maccione-se-reunio-con-la-intendenta-alonso-para-elaborar-una-agenda-comun","status":"publish","type":"post","link":"http:\/\/www.rtvnoticias.com.ar\/?p=18898","title":{"rendered":"Maccione se reuni\u00f3 con la intendenta Alonso para elaborar una agenda com\u00fan"},"content":{"rendered":"\n<p><strong>El Ministro de Educaci\u00f3n de la Provincia, Pablo Maccione junto a su equipo de trabajo, visit\u00f3 la ciudad de General Pico para entrevistarse con la intendenta Fernanda Alonso. &nbsp;<\/strong><\/p>\n\n\n\n<figure class=\"wp-block-image\"><img data-attachment-id=\"18900\" data-permalink=\"http:\/\/www.rtvnoticias.com.ar\/?attachment_id=18900\" data-orig-file=\"http:\/\/www.rtvnoticias.com.ar\/wp-content\/uploads\/2020\/03\/3C07040A-E5C1-4D23-8387-A68BC73BC662.jpeg\" data-orig-size=\"640,354\" data-comments-opened=\"0\" data-image-meta=\"{&quot;aperture&quot;:&quot;0&quot;,&quot;credit&quot;:&quot;&quot;,&quot;camera&quot;:&quot;&quot;,&quot;caption&quot;:&quot;&quot;,&quot;created_timestamp&quot;:&quot;0&quot;,&quot;copyright&quot;:&quot;&quot;,&quot;focal_length&quot;:&quot;0&quot;,&quot;iso&quot;:&quot;0&quot;,&quot;shutter_speed&quot;:&quot;0&quot;,&quot;title&quot;:&quot;&quot;,&quot;orientation&quot;:&quot;1&quot;}\" data-image-title=\"3C07040A-E5C1-4D23-8387-A68BC73BC662\" data-image-description=\"\" data-image-caption=\"\" data-medium-file=\"http:\/\/www.rtvnoticias.com.ar\/wp-content\/uploads\/2020\/03\/3C07040A-E5C1-4D23-8387-A68BC73BC662-300x166.jpeg\" data-large-file=\"http:\/\/www.rtvnoticias.com.ar\/wp-content\/uploads\/2020\/03\/3C07040A-E5C1-4D23-8387-A68BC73BC662.jpeg\" decoding=\"async\" loading=\"lazy\" width=\"640\" height=\"354\" src=\"http:\/\/www.rtvnoticias.com.ar\/wp-content\/uploads\/2020\/03\/3C07040A-E5C1-4D23-8387-A68BC73BC662.jpeg\" alt=\"\" class=\"wp-image-18900\" srcset=\"http:\/\/www.rtvnoticias.com.ar\/wp-content\/uploads\/2020\/03\/3C07040A-E5C1-4D23-8387-A68BC73BC662.jpeg 640w, http:\/\/www.rtvnoticias.com.ar\/wp-content\/uploads\/2020\/03\/3C07040A-E5C1-4D23-8387-A68BC73BC662-300x166.jpeg 300w\" sizes=\"(max-width: 640px) 100vw, 640px\" \/><figcaption>Alonso recibi\u00f3 al ministro de Educaci\u00f3n <\/figcaption><\/figure>\n\n\n\n<p>Pablo Maccione Ministro de Educaci\u00f3n de la Provincia de la Pampa mantuvo una reuni\u00f3n de trabajo, esta ma\u00f1ana con Fernanda Alonso, en el Palacio Municipal de General Pico. Los detalles del encuentro los dio a conocer la propia intendenta en un breve contacto que mantuvo con medios locales.<\/p>\n\n\n\n<p><strong>Agenda en Com\u00fan<\/strong><\/p>\n\n\n\n<p>&nbsp;\u201cSe trat\u00f3 de una reuni\u00f3n de trabajo que se extendi\u00f3 por dos horas y en &nbsp;la que nos ocupamos de varios temas, entre ellos la necesidad de trabajar en conjunto, en una agenda productiva que pretendemos llevar adelante, coordinando con el Ministerio de Educaci\u00f3n de la Provincia, a trav\u00e9s de cada uno de los establecimientos educativos de General Pico\u201d,&nbsp; detall\u00f3 Alonso.<\/p>\n\n\n\n<p>&nbsp;Y agreg\u00f3 que se trata de \u201cuna serie de acciones que nosotros queremos llevar a cabo, a trav\u00e9s del Programa Cabildo XXI, que ha pasado desde el \u00e1mbito Legislativo, al \u00e1mbito del Poder Ejecutivo local. Con tem\u00e1ticas que nos preocupan, tanto a la comunidad educativa, como a toda la comunidad p\u00edquense en general\u201d, indic\u00f3 la jefa comunal.<\/p>\n\n\n\n<p><strong>Programa Cabildo XXI<\/strong><\/p>\n\n\n\n<p>Alonso destac\u00f3 el trabajo que ha venido desarrollando desde ese Programa, en los \u00faltimos a\u00f1os y que involucra adem\u00e1s a otras instituciones y esferas del Gobierno Provincial, como son la cooperativa Corpico y Recursos H\u00eddricos, dictando charlas de concientizaci\u00f3n sobre el cuidado del agua, en establecimientos educativos de la ciudad, de todos los niveles.<\/p>\n\n\n\n<p>&nbsp;As\u00ed mismo Fernanda se refiri\u00f3 a otros proyectos, como educaci\u00f3n vial, que tambi\u00e9n se ven\u00eda trabajando desde el Programa Cabildo XXI en las escuelas \u201cHay algunos otros proyectos que iremos construyendo juntos y viendo de que manera los llevamos a cabo\u201d, dijo Alonso.<\/p>\n\n\n\n<p><strong>Municipio, Cooperativa y Ministerio de Educaci\u00f3n<\/strong><\/p>\n\n\n\n<p>Fernanda dio a conocer adem\u00e1s, que hubo tambi\u00e9n un encuentro con personal &nbsp;de la cooperativa local Corpico, que &nbsp;se acerc\u00f3 al Municipio para hacer algunas propuestas.<\/p>\n\n\n\n<p>\u201cLa intenci\u00f3n es que haya una articulaci\u00f3n entre la cooperativa, el municipio y el Ministerio, para llevar a cabo este cronograma&nbsp; de trabajo, durante todo el ciclo lectivo\u201d, dijo Alonso.<\/p>\n\n\n\n<p>Por su parte&nbsp; el ministro de Educaci\u00f3n Pablo Maccione subray\u00f3 la importancia que tiene para el gobierno provincial nuestra ciudad: \u201cEl trabajo en General Pico va a ser constante, esta ciudad y toda la zona norte es muy especial, porque es la segunda ciudad de la provincia, pero adem\u00e1s por toda la zona de influencia que tiene. El compromiso del Ministerio y del Gobierno Provincial es estar mucho m\u00e1s cerca\u201d, advirti\u00f3 &nbsp;Maccione.&nbsp; &nbsp;<\/p>\n\n\n\n<figure class=\"wp-block-image\"><img alt=\"\"\/><\/figure>\n<div class=\"sharedaddy sd-sharing-enabled\"><div class=\"robots-nocontent sd-block sd-social sd-social-icon sd-sharing\"><h3 class=\"sd-title\">Comparte esto:<\/h3><div class=\"sd-content\"><ul><li class=\"share-twitter\"><a rel=\"nofollow noopener noreferrer\" data-shared=\"sharing-twitter-18898\" class=\"share-twitter sd-button share-icon no-text\" href=\"http:\/\/www.rtvnoticias.com.ar\/?p=18898&amp;share=twitter\" target=\"_blank\" title=\"Haz clic para compartir en Twitter\"><span><\/span><span class=\"sharing-screen-reader-text\">Haz clic para compartir en Twitter (Se abre en una ventana nueva)<\/span><\/a><\/li><li class=\"share-facebook\"><a rel=\"nofollow noopener noreferrer\" data-shared=\"sharing-facebook-18898\" class=\"share-facebook sd-button share-icon no-text\" href=\"http:\/\/www.rtvnoticias.com.ar\/?p=18898&amp;share=facebook\" target=\"_blank\" title=\"Haz clic para compartir en Facebook\"><span><\/span><span class=\"sharing-screen-reader-text\">Haz clic para compartir en Facebook (Se abre en una ventana nueva)<\/span><\/a><\/li><li class=\"share-jetpack-whatsapp\"><a rel=\"nofollow noopener noreferrer\" data-shared=\"\" class=\"share-jetpack-whatsapp sd-button share-icon no-text\" href=\"http:\/\/www.rtvnoticias.com.ar\/?p=18898&amp;share=jetpack-whatsapp\" target=\"_blank\" title=\"Haz clic para compartir en WhatsApp\"><span><\/span><span class=\"sharing-screen-reader-text\">Haz clic para compartir en WhatsApp (Se abre en una ventana nueva)<\/span><\/a><\/li><li class=\"share-telegram\"><a rel=\"nofollow noopener noreferrer\" data-shared=\"\" class=\"share-telegram sd-button share-icon no-text\" href=\"http:\/\/www.rtvnoticias.com.ar\/?p=18898&amp;share=telegram\" target=\"_blank\" title=\"Haz clic para compartir en Telegram\"><span><\/span><span class=\"sharing-screen-reader-text\">Haz clic para compartir en Telegram (Se abre en una ventana nueva)<\/span><\/a><\/li><li class=\"share-end\"><\/li><\/ul><\/div><\/div><\/div>","protected":false},"excerpt":{"rendered":"<p>El Ministro de Educaci\u00f3n de la Provincia, Pablo Maccione junto a su equipo de trabajo, visit\u00f3 la ciudad de General Pico para entrevistarse con la<\/p>\n<div class=\"sharedaddy sd-sharing-enabled\"><div class=\"robots-nocontent sd-block sd-social sd-social-icon sd-sharing\"><h3 class=\"sd-title\">Comparte esto:<\/h3><div class=\"sd-content\"><ul><li class=\"share-twitter\"><a rel=\"nofollow noopener noreferrer\" data-shared=\"sharing-twitter-18898\" class=\"share-twitter sd-button share-icon no-text\" href=\"http:\/\/www.rtvnoticias.com.ar\/?p=18898&amp;share=twitter\" target=\"_blank\" title=\"Haz clic para compartir en Twitter\"><span><\/span><span class=\"sharing-screen-reader-text\">Haz clic para compartir en Twitter (Se abre en una ventana nueva)<\/span><\/a><\/li><li class=\"share-facebook\"><a rel=\"nofollow noopener noreferrer\" data-shared=\"sharing-facebook-18898\" class=\"share-facebook sd-button share-icon no-text\" href=\"http:\/\/www.rtvnoticias.com.ar\/?p=18898&amp;share=facebook\" target=\"_blank\" title=\"Haz clic para compartir en Facebook\"><span><\/span><span class=\"sharing-screen-reader-text\">Haz clic para compartir en Facebook (Se abre en una ventana nueva)<\/span><\/a><\/li><li class=\"share-jetpack-whatsapp\"><a rel=\"nofollow noopener noreferrer\" data-shared=\"\" class=\"share-jetpack-whatsapp sd-button share-icon no-text\" href=\"http:\/\/www.rtvnoticias.com.ar\/?p=18898&amp;share=jetpack-whatsapp\" target=\"_blank\" title=\"Haz clic para compartir en WhatsApp\"><span><\/span><span class=\"sharing-screen-reader-text\">Haz clic para compartir en WhatsApp (Se abre en una ventana nueva)<\/span><\/a><\/li><li class=\"share-telegram\"><a rel=\"nofollow noopener noreferrer\" data-shared=\"\" class=\"share-telegram sd-button share-icon no-text\" href=\"http:\/\/www.rtvnoticias.com.ar\/?p=18898&amp;share=telegram\" target=\"_blank\" title=\"Haz clic para compartir en Telegram\"><span><\/span><span class=\"sharing-screen-reader-text\">Haz clic para compartir en Telegram (Se abre en una ventana nueva)<\/span><\/a><\/li><li class=\"share-end\"><\/li><\/ul><\/div><\/div><\/div>","protected":false},"author":5,"featured_media":0,"comment_status":"closed","ping_status":"closed","sticky":false,"template":"","format":"standard","meta":{"spay_email":"","jetpack_publicize_message":"","jetpack_is_tweetstorm":false,"jetpack_publicize_feature_enabled":true},"categories":[1],"tags":[],"jetpack_featured_media_url":"","jetpack_publicize_connections":[],"jetpack_sharing_enabled":true,"_links":{"self":[{"href":"http:\/\/www.rtvnoticias.com.ar\/index.php?rest_route=\/wp\/v2\/posts\/18898"}],"collection":[{"href":"http:\/\/www.rtvnoticias.com.ar\/index.php?rest_route=\/wp\/v2\/posts"}],"about":[{"href":"http:\/\/www.rtvnoticias.com.ar\/index.php?rest_route=\/wp\/v2\/types\/post"}],"author":[{"embeddable":true,"href":"http:\/\/www.rtvnoticias.com.ar\/index.php?rest_route=\/wp\/v2\/users\/5"}],"replies":[{"embeddable":true,"href":"http:\/\/www.rtvnoticias.com.ar\/index.php?rest_route=%2Fwp%2Fv2%2Fcomments&post=18898"}],"version-history":[{"count":1,"href":"http:\/\/www.rtvnoticias.com.ar\/index.php?rest_route=\/wp\/v2\/posts\/18898\/revisions"}],"predecessor-version":[{"id":18901,"href":"http:\/\/www.rtvnoticias.com.ar\/index.php?rest_route=\/wp\/v2\/posts\/18898\/revisions\/18901"}],"wp:attachment":[{"href":"http:\/\/www.rtvnoticias.com.ar\/index.php?rest_route=%2Fwp%2Fv2%2Fmedia&parent=18898"}],"wp:term":[{"taxonomy":"category","embeddable":true,"href":"http:\/\/www.rtvnoticias.com.ar\/index.php?rest_route=%2Fwp%2Fv2%2Fcategories&post=18898"},{"taxonomy":"post_tag","embeddable":true,"href":"http:\/\/www.rtvnoticias.com.ar\/index.php?rest_route=%2Fwp%2Fv2%2Ftags&post=18898"}],"curies":[{"name":"wp","href":"https:\/\/api.w.org\/{rel}","templated":true}]}}