{"id":18906,"date":"2020-03-07T00:26:46","date_gmt":"2020-03-07T03:26:46","guid":{"rendered":"http:\/\/www.rtvnoticias.com.ar\/?p=18906"},"modified":"2020-03-06T19:17:02","modified_gmt":"2020-03-06T22:17:02","slug":"convenio-para-capacitar-a-trabajadores-desocupados-y-subocupados-de-alvear","status":"publish","type":"post","link":"http:\/\/www.rtvnoticias.com.ar\/?p=18906","title":{"rendered":"Convenio para capacitar a trabajadores desocupados y subocupados de Alvear"},"content":{"rendered":"\n<p><strong><em>Se llev\u00f3 a cabo en la Subsecretaria de Empleo y Capacitaci\u00f3n Laboral, la firma del convenio marco de Cooperaci\u00f3n Mutua y Asistencia T\u00e9cnica, entre el mencionado organismo y la Municipalidad de Intendente Alvear, para llevar adelante distintas capacitaciones a trabajadores desocupados y subocupados.<\/em><\/strong><\/p>\n\n\n\n<p>La r\u00fabrica del Convenio estuvo a cargo del subsecretario de Empleo y Capacitaci\u00f3n Laboral, Daniel Decrist\u00f3fano y el jefe comunal de Intendente Alvear, Juan Cruz Barton. Dentro de los lineamientos generales del Convenio firmado, se destacan las capacitaciones destinadas a emprendedores sobre conservas dulces y saladas, seguridad e higiene en la planta de reciclado, recolectores de basura y manejo de residuos peligrosos.<\/p>\n\n\n\n<p>Ambos espacios, llevar\u00e1n a cabo actividades de cooperaci\u00f3n institucional y de asistencia t\u00e9cnica-profesional en forma mancomunada, complementaci\u00f3n y asistencia rec\u00edproca respecto a diversas \u00e1reas de educaci\u00f3n y formaci\u00f3n profesional como: desarrollar planes, proyectos y programas en \u00e1reas de mutua incumbencia; colaborar en proyectos de capacitaci\u00f3n que la contraparte tenga en ejecuci\u00f3n, intercambiando informaci\u00f3n y personal id\u00f3neo; organizar seminarios, talleres y otras acciones relativas a inter\u00e9s mutuo; desarrollar programas de formaci\u00f3n profesional y atenci\u00f3n comunitaria permitiendo satisfacer la demanda social e institucional.<\/p>\n\n\n\n<p>La Secretar\u00eda de Trabajo, Empleo y Capacitaci\u00f3n Laboral prestar\u00e1 su asistencia t\u00e9cnica \u2013 profesional &#8211; educativa especializada para desarrollar programas o cursos que se elaboren, poniendo a disposici\u00f3n su organizaci\u00f3n, estructuras inmobiliarias educativas, recursos humanos y alternativas curriculares viables y adecuables.<\/p>\n\n\n\n<p>Mientras que la Municipalidad, facilitar\u00e1 el uso de espacios inmobiliarios, bienes materiales, equipos y otros recursos posibles, motivar\u00e1 a la sociedad en general a capacitarse y&nbsp;limpiar mutuamente los espacios que compartan en los procesos de capacitaci\u00f3n.<\/p>\n<div class=\"sharedaddy sd-sharing-enabled\"><div class=\"robots-nocontent sd-block sd-social sd-social-icon sd-sharing\"><h3 class=\"sd-title\">Comparte esto:<\/h3><div class=\"sd-content\"><ul><li class=\"share-twitter\"><a rel=\"nofollow noopener noreferrer\" data-shared=\"sharing-twitter-18906\" class=\"share-twitter sd-button share-icon no-text\" href=\"http:\/\/www.rtvnoticias.com.ar\/?p=18906&amp;share=twitter\" target=\"_blank\" title=\"Haz clic para compartir en Twitter\"><span><\/span><span class=\"sharing-screen-reader-text\">Haz clic para compartir en Twitter (Se abre en una ventana nueva)<\/span><\/a><\/li><li class=\"share-facebook\"><a rel=\"nofollow noopener noreferrer\" data-shared=\"sharing-facebook-18906\" class=\"share-facebook sd-button share-icon no-text\" href=\"http:\/\/www.rtvnoticias.com.ar\/?p=18906&amp;share=facebook\" target=\"_blank\" title=\"Haz clic para compartir en Facebook\"><span><\/span><span class=\"sharing-screen-reader-text\">Haz clic para compartir en Facebook (Se abre en una ventana nueva)<\/span><\/a><\/li><li class=\"share-jetpack-whatsapp\"><a rel=\"nofollow noopener noreferrer\" data-shared=\"\" class=\"share-jetpack-whatsapp sd-button share-icon no-text\" href=\"http:\/\/www.rtvnoticias.com.ar\/?p=18906&amp;share=jetpack-whatsapp\" target=\"_blank\" title=\"Haz clic para compartir en WhatsApp\"><span><\/span><span class=\"sharing-screen-reader-text\">Haz clic para compartir en WhatsApp (Se abre en una ventana nueva)<\/span><\/a><\/li><li class=\"share-telegram\"><a rel=\"nofollow noopener noreferrer\" data-shared=\"\" class=\"share-telegram sd-button share-icon no-text\" href=\"http:\/\/www.rtvnoticias.com.ar\/?p=18906&amp;share=telegram\" target=\"_blank\" title=\"Haz clic para compartir en Telegram\"><span><\/span><span class=\"sharing-screen-reader-text\">Haz clic para compartir en Telegram (Se abre en una ventana nueva)<\/span><\/a><\/li><li class=\"share-end\"><\/li><\/ul><\/div><\/div><\/div>","protected":false},"excerpt":{"rendered":"<p>Se llev\u00f3 a cabo en la Subsecretaria de Empleo y Capacitaci\u00f3n Laboral, la firma del convenio marco de Cooperaci\u00f3n Mutua y Asistencia T\u00e9cnica, entre el<\/p>\n<div class=\"sharedaddy sd-sharing-enabled\"><div class=\"robots-nocontent sd-block sd-social sd-social-icon sd-sharing\"><h3 class=\"sd-title\">Comparte esto:<\/h3><div class=\"sd-content\"><ul><li class=\"share-twitter\"><a rel=\"nofollow noopener noreferrer\" data-shared=\"sharing-twitter-18906\" class=\"share-twitter sd-button share-icon no-text\" href=\"http:\/\/www.rtvnoticias.com.ar\/?p=18906&amp;share=twitter\" target=\"_blank\" title=\"Haz clic para compartir en Twitter\"><span><\/span><span class=\"sharing-screen-reader-text\">Haz clic para compartir en Twitter (Se abre en una ventana nueva)<\/span><\/a><\/li><li class=\"share-facebook\"><a rel=\"nofollow noopener noreferrer\" data-shared=\"sharing-facebook-18906\" class=\"share-facebook sd-button share-icon no-text\" href=\"http:\/\/www.rtvnoticias.com.ar\/?p=18906&amp;share=facebook\" target=\"_blank\" title=\"Haz clic para compartir en Facebook\"><span><\/span><span class=\"sharing-screen-reader-text\">Haz clic para compartir en Facebook (Se abre en una ventana nueva)<\/span><\/a><\/li><li class=\"share-jetpack-whatsapp\"><a rel=\"nofollow noopener noreferrer\" data-shared=\"\" class=\"share-jetpack-whatsapp sd-button share-icon no-text\" href=\"http:\/\/www.rtvnoticias.com.ar\/?p=18906&amp;share=jetpack-whatsapp\" target=\"_blank\" title=\"Haz clic para compartir en WhatsApp\"><span><\/span><span class=\"sharing-screen-reader-text\">Haz clic para compartir en WhatsApp (Se abre en una ventana nueva)<\/span><\/a><\/li><li class=\"share-telegram\"><a rel=\"nofollow noopener noreferrer\" data-shared=\"\" class=\"share-telegram sd-button share-icon no-text\" href=\"http:\/\/www.rtvnoticias.com.ar\/?p=18906&amp;share=telegram\" target=\"_blank\" title=\"Haz clic para compartir en Telegram\"><span><\/span><span class=\"sharing-screen-reader-text\">Haz clic para compartir en Telegram (Se abre en una ventana nueva)<\/span><\/a><\/li><li class=\"share-end\"><\/li><\/ul><\/div><\/div><\/div>","protected":false},"author":5,"featured_media":18907,"comment_status":"closed","ping_status":"closed","sticky":false,"template":"","format":"standard","meta":{"spay_email":"","jetpack_publicize_message":"","jetpack_is_tweetstorm":false,"jetpack_publicize_feature_enabled":true},"categories":[4],"tags":[3175],"jetpack_featured_media_url":"http:\/\/www.rtvnoticias.com.ar\/wp-content\/uploads\/2020\/03\/barton-convenio.jpg","jetpack_publicize_connections":[],"jetpack_sharing_enabled":true,"_links":{"self":[{"href":"http:\/\/www.rtvnoticias.com.ar\/index.php?rest_route=\/wp\/v2\/posts\/18906"}],"collection":[{"href":"http:\/\/www.rtvnoticias.com.ar\/index.php?rest_route=\/wp\/v2\/posts"}],"about":[{"href":"http:\/\/www.rtvnoticias.com.ar\/index.php?rest_route=\/wp\/v2\/types\/post"}],"author":[{"embeddable":true,"href":"http:\/\/www.rtvnoticias.com.ar\/index.php?rest_route=\/wp\/v2\/users\/5"}],"replies":[{"embeddable":true,"href":"http:\/\/www.rtvnoticias.com.ar\/index.php?rest_route=%2Fwp%2Fv2%2Fcomments&post=18906"}],"version-history":[{"count":1,"href":"http:\/\/www.rtvnoticias.com.ar\/index.php?rest_route=\/wp\/v2\/posts\/18906\/revisions"}],"predecessor-version":[{"id":18908,"href":"http:\/\/www.rtvnoticias.com.ar\/index.php?rest_route=\/wp\/v2\/posts\/18906\/revisions\/18908"}],"wp:featuredmedia":[{"embeddable":true,"href":"http:\/\/www.rtvnoticias.com.ar\/index.php?rest_route=\/wp\/v2\/media\/18907"}],"wp:attachment":[{"href":"http:\/\/www.rtvnoticias.com.ar\/index.php?rest_route=%2Fwp%2Fv2%2Fmedia&parent=18906"}],"wp:term":[{"taxonomy":"category","embeddable":true,"href":"http:\/\/www.rtvnoticias.com.ar\/index.php?rest_route=%2Fwp%2Fv2%2Fcategories&post=18906"},{"taxonomy":"post_tag","embeddable":true,"href":"http:\/\/www.rtvnoticias.com.ar\/index.php?rest_route=%2Fwp%2Fv2%2Ftags&post=18906"}],"curies":[{"name":"wp","href":"https:\/\/api.w.org\/{rel}","templated":true}]}}