{"id":18915,"date":"2020-03-06T20:03:02","date_gmt":"2020-03-06T23:03:02","guid":{"rendered":"http:\/\/www.rtvnoticias.com.ar\/?p=18915"},"modified":"2020-03-06T20:03:09","modified_gmt":"2020-03-06T23:03:09","slug":"la-comunidad-ranquel-participa-del-encuentro-de-patrimonio-cultural-inmaterial-en-santa-rosa","status":"publish","type":"post","link":"http:\/\/www.rtvnoticias.com.ar\/?p=18915","title":{"rendered":"La comunidad ranquel participa del Encuentro de Patrimonio Cultural Inmaterial en Santa Rosa"},"content":{"rendered":"\n<p style=\"text-align:center\"><strong>Se realiza el III Encuentro Patag\u00f3nico de Patrimonio Cultural Inmaterial junto al II Encuentro de Mujeres Tejedoras de la Patagonia.<\/strong><br><\/p>\n\n\n\n<p>En la sede del Centro Cultural Medasur de Santa Rosa, se lleva a cabo este viernes y s\u00e1bado el III Encuentro Patag\u00f3nico de Patrimonio Cultural Inmaterial que se realiza en simult\u00e1neo al II Encuentro de Mujeres Tejedoras de la Patagonia, este \u00faltimo denominado \u201cLa Trama en Com\u00fan\u201d.<\/p>\n\n\n\n<p>En el acto inaugural de ambos eventos estuvieron presentes miembros de la comunidad ranquel que, como parte de la ceremonia, realizaron una invocaci\u00f3n con saludo al sol y la presencia del conocimiento de los ancestros ranqueles para que su energ\u00eda reine en ambos encuentros.<\/p>\n\n\n\n<p>Participaron del acto la secretaria de Cultura de La Pampa, Adriana Maggio, acompa\u00f1ada del ministro de Cultura de Neuqu\u00e9n, Marcelo Colonna, los secretarios y secretarias de Cultura de las provincias de Chubut, Mat\u00edas Cutro, de R\u00edo Negro, Ariel \u00c1valos, de Santa Cruz, Oscar Canto, Luc\u00eda Rossi de Tierra del Fuego y Valeria Gonz\u00e1lez, de la Secretar\u00eda de Patrimonio Cultural del Ministerio de Cultura de Naci\u00f3n.<\/p>\n\n\n\n<p>Maggio expres\u00f3 que \u201cen estas reuniones de trabajo intentamos pasar por las cuestiones que nos diferencian e ir por lo com\u00fan. Entendemos que en la uni\u00f3n colectiva est\u00e1 la fuerza como regi\u00f3n. Nos parecemos en mucho, tenemos muchas cosas en com\u00fan y adem\u00e1s es nuestra herramienta en el concierto nacional\u201d, dijo.<\/p>\n\n\n\n<p>Por su parte, Gonz\u00e1lez manifest\u00f3 que \u201centendemos el patrimonio inmaterial como el patrimonio intangible, que no tiene que ver con los objetos sino con los cuerpos vivos: los actos perform\u00e1ticos, las festividades, las artes sonoras y las pr\u00e1cticas y saberes de nuestras riquezas artesanales\u201c, explic\u00f3 la funcionaria nacional.<\/p>\n\n\n\n<p>En la tarde de este viernes quedar\u00e1 inaugurada la muestra \u201cLa Trama en Com\u00fan\u201d, con la participaci\u00f3n de tejedoras de la Patagonia y la presencia del m\u00fasico \u201cCach\u00edn\u201d Palomeque. La exposici\u00f3n podr\u00e1 visitarse hasta el 29 de marzo en el Espacio de Arte. Adem\u00e1s, viernes y s\u00e1bado se montar\u00e1n los stand de Arte Propio con exhibici\u00f3n y venta de material bibliogr\u00e1fico y discogr\u00e1fico de autores pampeanos.<\/p>\n<div class=\"sharedaddy sd-sharing-enabled\"><div class=\"robots-nocontent sd-block sd-social sd-social-icon sd-sharing\"><h3 class=\"sd-title\">Comparte esto:<\/h3><div class=\"sd-content\"><ul><li class=\"share-twitter\"><a rel=\"nofollow noopener noreferrer\" data-shared=\"sharing-twitter-18915\" class=\"share-twitter sd-button share-icon no-text\" href=\"http:\/\/www.rtvnoticias.com.ar\/?p=18915&amp;share=twitter\" target=\"_blank\" title=\"Haz clic para compartir en Twitter\"><span><\/span><span class=\"sharing-screen-reader-text\">Haz clic para compartir en Twitter (Se abre en una ventana nueva)<\/span><\/a><\/li><li class=\"share-facebook\"><a rel=\"nofollow noopener noreferrer\" data-shared=\"sharing-facebook-18915\" class=\"share-facebook sd-button share-icon no-text\" href=\"http:\/\/www.rtvnoticias.com.ar\/?p=18915&amp;share=facebook\" target=\"_blank\" title=\"Haz clic para compartir en Facebook\"><span><\/span><span class=\"sharing-screen-reader-text\">Haz clic para compartir en Facebook (Se abre en una ventana nueva)<\/span><\/a><\/li><li class=\"share-jetpack-whatsapp\"><a rel=\"nofollow noopener noreferrer\" data-shared=\"\" class=\"share-jetpack-whatsapp sd-button share-icon no-text\" href=\"http:\/\/www.rtvnoticias.com.ar\/?p=18915&amp;share=jetpack-whatsapp\" target=\"_blank\" title=\"Haz clic para compartir en WhatsApp\"><span><\/span><span class=\"sharing-screen-reader-text\">Haz clic para compartir en WhatsApp (Se abre en una ventana nueva)<\/span><\/a><\/li><li class=\"share-telegram\"><a rel=\"nofollow noopener noreferrer\" data-shared=\"\" class=\"share-telegram sd-button share-icon no-text\" href=\"http:\/\/www.rtvnoticias.com.ar\/?p=18915&amp;share=telegram\" target=\"_blank\" title=\"Haz clic para compartir en Telegram\"><span><\/span><span class=\"sharing-screen-reader-text\">Haz clic para compartir en Telegram (Se abre en una ventana nueva)<\/span><\/a><\/li><li class=\"share-end\"><\/li><\/ul><\/div><\/div><\/div>","protected":false},"excerpt":{"rendered":"<p>Se realiza el III Encuentro Patag\u00f3nico de Patrimonio Cultural Inmaterial junto al II Encuentro de Mujeres Tejedoras de la Patagonia. En la sede del Centro<\/p>\n<div class=\"sharedaddy sd-sharing-enabled\"><div class=\"robots-nocontent sd-block sd-social sd-social-icon sd-sharing\"><h3 class=\"sd-title\">Comparte esto:<\/h3><div class=\"sd-content\"><ul><li class=\"share-twitter\"><a rel=\"nofollow noopener noreferrer\" data-shared=\"sharing-twitter-18915\" class=\"share-twitter sd-button share-icon no-text\" href=\"http:\/\/www.rtvnoticias.com.ar\/?p=18915&amp;share=twitter\" target=\"_blank\" title=\"Haz clic para compartir en Twitter\"><span><\/span><span class=\"sharing-screen-reader-text\">Haz clic para compartir en Twitter (Se abre en una ventana nueva)<\/span><\/a><\/li><li class=\"share-facebook\"><a rel=\"nofollow noopener noreferrer\" data-shared=\"sharing-facebook-18915\" class=\"share-facebook sd-button share-icon no-text\" href=\"http:\/\/www.rtvnoticias.com.ar\/?p=18915&amp;share=facebook\" target=\"_blank\" title=\"Haz clic para compartir en Facebook\"><span><\/span><span class=\"sharing-screen-reader-text\">Haz clic para compartir en Facebook (Se abre en una ventana nueva)<\/span><\/a><\/li><li class=\"share-jetpack-whatsapp\"><a rel=\"nofollow noopener noreferrer\" data-shared=\"\" class=\"share-jetpack-whatsapp sd-button share-icon no-text\" href=\"http:\/\/www.rtvnoticias.com.ar\/?p=18915&amp;share=jetpack-whatsapp\" target=\"_blank\" title=\"Haz clic para compartir en WhatsApp\"><span><\/span><span class=\"sharing-screen-reader-text\">Haz clic para compartir en WhatsApp (Se abre en una ventana nueva)<\/span><\/a><\/li><li class=\"share-telegram\"><a rel=\"nofollow noopener noreferrer\" data-shared=\"\" class=\"share-telegram sd-button share-icon no-text\" href=\"http:\/\/www.rtvnoticias.com.ar\/?p=18915&amp;share=telegram\" target=\"_blank\" title=\"Haz clic para compartir en Telegram\"><span><\/span><span class=\"sharing-screen-reader-text\">Haz clic para compartir en Telegram (Se abre en una ventana nueva)<\/span><\/a><\/li><li class=\"share-end\"><\/li><\/ul><\/div><\/div><\/div>","protected":false},"author":7,"featured_media":18916,"comment_status":"closed","ping_status":"closed","sticky":false,"template":"","format":"standard","meta":{"spay_email":"","jetpack_publicize_message":"","jetpack_is_tweetstorm":false,"jetpack_publicize_feature_enabled":true},"categories":[1],"tags":[],"jetpack_featured_media_url":"http:\/\/www.rtvnoticias.com.ar\/wp-content\/uploads\/2020\/03\/encuentro-ranquel.jpg","jetpack_publicize_connections":[],"jetpack_sharing_enabled":true,"_links":{"self":[{"href":"http:\/\/www.rtvnoticias.com.ar\/index.php?rest_route=\/wp\/v2\/posts\/18915"}],"collection":[{"href":"http:\/\/www.rtvnoticias.com.ar\/index.php?rest_route=\/wp\/v2\/posts"}],"about":[{"href":"http:\/\/www.rtvnoticias.com.ar\/index.php?rest_route=\/wp\/v2\/types\/post"}],"author":[{"embeddable":true,"href":"http:\/\/www.rtvnoticias.com.ar\/index.php?rest_route=\/wp\/v2\/users\/7"}],"replies":[{"embeddable":true,"href":"http:\/\/www.rtvnoticias.com.ar\/index.php?rest_route=%2Fwp%2Fv2%2Fcomments&post=18915"}],"version-history":[{"count":1,"href":"http:\/\/www.rtvnoticias.com.ar\/index.php?rest_route=\/wp\/v2\/posts\/18915\/revisions"}],"predecessor-version":[{"id":18917,"href":"http:\/\/www.rtvnoticias.com.ar\/index.php?rest_route=\/wp\/v2\/posts\/18915\/revisions\/18917"}],"wp:featuredmedia":[{"embeddable":true,"href":"http:\/\/www.rtvnoticias.com.ar\/index.php?rest_route=\/wp\/v2\/media\/18916"}],"wp:attachment":[{"href":"http:\/\/www.rtvnoticias.com.ar\/index.php?rest_route=%2Fwp%2Fv2%2Fmedia&parent=18915"}],"wp:term":[{"taxonomy":"category","embeddable":true,"href":"http:\/\/www.rtvnoticias.com.ar\/index.php?rest_route=%2Fwp%2Fv2%2Fcategories&post=18915"},{"taxonomy":"post_tag","embeddable":true,"href":"http:\/\/www.rtvnoticias.com.ar\/index.php?rest_route=%2Fwp%2Fv2%2Ftags&post=18915"}],"curies":[{"name":"wp","href":"https:\/\/api.w.org\/{rel}","templated":true}]}}