{"id":18918,"date":"2020-03-07T08:04:33","date_gmt":"2020-03-07T11:04:33","guid":{"rendered":"http:\/\/www.rtvnoticias.com.ar\/?p=18918"},"modified":"2020-03-06T20:08:41","modified_gmt":"2020-03-06T23:08:41","slug":"la-secretaria-de-turismo-de-la-pampa-presento-la-temporada-de-brama-2020","status":"publish","type":"post","link":"http:\/\/www.rtvnoticias.com.ar\/?p=18918","title":{"rendered":"La Secretar\u00eda de Turismo de La Pampa present\u00f3 la Temporada de Brama 2020"},"content":{"rendered":"\n<p>En una conferencia de prensa realizada en la sede del Ministerio de Turismo y Deportes de la Naci\u00f3n, en Buenos Aires, la Secretar\u00eda de Turismo de La Pampa present\u00f3 la Temporada de Brama 2020.<\/p>\n\n\n\n<p>El acto fue encabezado por la secretaria de Turismo de La Pampa, Adriana Romero, junto al secretario de Planificaci\u00f3n y Desarrollo de Turismo de la Naci\u00f3n, Sergio Castro, el subsecretario de Turismo de La Pampa, Lautaro C\u00f3rdoba, y Horacio Riesco, gu\u00eda de la Reserva Parque Luro.<\/p>\n\n\n\n<p>Romero anunci\u00f3 que \u201cestamos presentando en Buenos Aires el producto tur\u00edstico m\u00e1s emblem\u00e1tico de La Pampa y de la Reserva Parque Luro que es el avistaje de ciervos en brama. Trabajamos con el objetivo de mejorar el posicionamiento de la brama y hacer que el turista que nos visita viva una experiencia memorable\u201d, explic\u00f3.<\/p>\n\n\n\n<p>La temporada de brama transcurre cada a\u00f1o durante los meses de marzo y abril, cuando los ciervos machos se disputan las hembras en celo. Los bramidos, las corridas y enfrentamientos son un espect\u00e1culo que permite al espectador estar en contacto con la naturaleza.<\/p>\n\n\n\n<p>A lo largo de la temporada se realizan dos excursiones diarias en grupos de hasta 20 personas exclusivamente con reserva previa. La primera salida es a las 6 de la ma\u00f1ana, mientras que la segunda a las 18, y consiste en una caminata de 1,5 kil\u00f3metros a trav\u00e9s de los senderos de Parque Luro en la cual el turista puede disfrutar no s\u00f3lo del avistaje del ciervo colorado sino tambi\u00e9n del jabal\u00ed, el puma, el guanaco y m\u00e1s de 180 especies de aves que habitan la reserva.<\/p>\n\n\n\n<p>La Reserva Parque Luro ofrece, adem\u00e1s del avistaje de ciervos, otros atractivos como la visita guiada al Castillo o al Museo de Carruajes, y cuenta con servicio de alojamiento en caba\u00f1as, restaurante, proveedur\u00eda, wifi y un \u00e1rea de mesas y parrillas de uso p\u00fablico.<\/p>\n<div class=\"sharedaddy sd-sharing-enabled\"><div class=\"robots-nocontent sd-block sd-social sd-social-icon sd-sharing\"><h3 class=\"sd-title\">Comparte esto:<\/h3><div class=\"sd-content\"><ul><li class=\"share-twitter\"><a rel=\"nofollow noopener noreferrer\" data-shared=\"sharing-twitter-18918\" class=\"share-twitter sd-button share-icon no-text\" href=\"http:\/\/www.rtvnoticias.com.ar\/?p=18918&amp;share=twitter\" target=\"_blank\" title=\"Haz clic para compartir en Twitter\"><span><\/span><span class=\"sharing-screen-reader-text\">Haz clic para compartir en Twitter (Se abre en una ventana nueva)<\/span><\/a><\/li><li class=\"share-facebook\"><a rel=\"nofollow noopener noreferrer\" data-shared=\"sharing-facebook-18918\" class=\"share-facebook sd-button share-icon no-text\" href=\"http:\/\/www.rtvnoticias.com.ar\/?p=18918&amp;share=facebook\" target=\"_blank\" title=\"Haz clic para compartir en Facebook\"><span><\/span><span class=\"sharing-screen-reader-text\">Haz clic para compartir en Facebook (Se abre en una ventana nueva)<\/span><\/a><\/li><li class=\"share-jetpack-whatsapp\"><a rel=\"nofollow noopener noreferrer\" data-shared=\"\" class=\"share-jetpack-whatsapp sd-button share-icon no-text\" href=\"http:\/\/www.rtvnoticias.com.ar\/?p=18918&amp;share=jetpack-whatsapp\" target=\"_blank\" title=\"Haz clic para compartir en WhatsApp\"><span><\/span><span class=\"sharing-screen-reader-text\">Haz clic para compartir en WhatsApp (Se abre en una ventana nueva)<\/span><\/a><\/li><li class=\"share-telegram\"><a rel=\"nofollow noopener noreferrer\" data-shared=\"\" class=\"share-telegram sd-button share-icon no-text\" href=\"http:\/\/www.rtvnoticias.com.ar\/?p=18918&amp;share=telegram\" target=\"_blank\" title=\"Haz clic para compartir en Telegram\"><span><\/span><span class=\"sharing-screen-reader-text\">Haz clic para compartir en Telegram (Se abre en una ventana nueva)<\/span><\/a><\/li><li class=\"share-end\"><\/li><\/ul><\/div><\/div><\/div>","protected":false},"excerpt":{"rendered":"<p>En una conferencia de prensa realizada en la sede del Ministerio de Turismo y Deportes de la Naci\u00f3n, en Buenos Aires, la Secretar\u00eda de Turismo<\/p>\n<div class=\"sharedaddy sd-sharing-enabled\"><div class=\"robots-nocontent sd-block sd-social sd-social-icon sd-sharing\"><h3 class=\"sd-title\">Comparte esto:<\/h3><div class=\"sd-content\"><ul><li class=\"share-twitter\"><a rel=\"nofollow noopener noreferrer\" data-shared=\"sharing-twitter-18918\" class=\"share-twitter sd-button share-icon no-text\" href=\"http:\/\/www.rtvnoticias.com.ar\/?p=18918&amp;share=twitter\" target=\"_blank\" title=\"Haz clic para compartir en Twitter\"><span><\/span><span class=\"sharing-screen-reader-text\">Haz clic para compartir en Twitter (Se abre en una ventana nueva)<\/span><\/a><\/li><li class=\"share-facebook\"><a rel=\"nofollow noopener noreferrer\" data-shared=\"sharing-facebook-18918\" class=\"share-facebook sd-button share-icon no-text\" href=\"http:\/\/www.rtvnoticias.com.ar\/?p=18918&amp;share=facebook\" target=\"_blank\" title=\"Haz clic para compartir en Facebook\"><span><\/span><span class=\"sharing-screen-reader-text\">Haz clic para compartir en Facebook (Se abre en una ventana nueva)<\/span><\/a><\/li><li class=\"share-jetpack-whatsapp\"><a rel=\"nofollow noopener noreferrer\" data-shared=\"\" class=\"share-jetpack-whatsapp sd-button share-icon no-text\" href=\"http:\/\/www.rtvnoticias.com.ar\/?p=18918&amp;share=jetpack-whatsapp\" target=\"_blank\" title=\"Haz clic para compartir en WhatsApp\"><span><\/span><span class=\"sharing-screen-reader-text\">Haz clic para compartir en WhatsApp (Se abre en una ventana nueva)<\/span><\/a><\/li><li class=\"share-telegram\"><a rel=\"nofollow noopener noreferrer\" data-shared=\"\" class=\"share-telegram sd-button share-icon no-text\" href=\"http:\/\/www.rtvnoticias.com.ar\/?p=18918&amp;share=telegram\" target=\"_blank\" title=\"Haz clic para compartir en Telegram\"><span><\/span><span class=\"sharing-screen-reader-text\">Haz clic para compartir en Telegram (Se abre en una ventana nueva)<\/span><\/a><\/li><li class=\"share-end\"><\/li><\/ul><\/div><\/div><\/div>","protected":false},"author":7,"featured_media":18919,"comment_status":"closed","ping_status":"closed","sticky":false,"template":"","format":"standard","meta":{"spay_email":"","jetpack_publicize_message":"","jetpack_is_tweetstorm":false,"jetpack_publicize_feature_enabled":true},"categories":[1],"tags":[],"jetpack_featured_media_url":"http:\/\/www.rtvnoticias.com.ar\/wp-content\/uploads\/2020\/03\/brama.jpg","jetpack_publicize_connections":[],"jetpack_sharing_enabled":true,"_links":{"self":[{"href":"http:\/\/www.rtvnoticias.com.ar\/index.php?rest_route=\/wp\/v2\/posts\/18918"}],"collection":[{"href":"http:\/\/www.rtvnoticias.com.ar\/index.php?rest_route=\/wp\/v2\/posts"}],"about":[{"href":"http:\/\/www.rtvnoticias.com.ar\/index.php?rest_route=\/wp\/v2\/types\/post"}],"author":[{"embeddable":true,"href":"http:\/\/www.rtvnoticias.com.ar\/index.php?rest_route=\/wp\/v2\/users\/7"}],"replies":[{"embeddable":true,"href":"http:\/\/www.rtvnoticias.com.ar\/index.php?rest_route=%2Fwp%2Fv2%2Fcomments&post=18918"}],"version-history":[{"count":1,"href":"http:\/\/www.rtvnoticias.com.ar\/index.php?rest_route=\/wp\/v2\/posts\/18918\/revisions"}],"predecessor-version":[{"id":18920,"href":"http:\/\/www.rtvnoticias.com.ar\/index.php?rest_route=\/wp\/v2\/posts\/18918\/revisions\/18920"}],"wp:featuredmedia":[{"embeddable":true,"href":"http:\/\/www.rtvnoticias.com.ar\/index.php?rest_route=\/wp\/v2\/media\/18919"}],"wp:attachment":[{"href":"http:\/\/www.rtvnoticias.com.ar\/index.php?rest_route=%2Fwp%2Fv2%2Fmedia&parent=18918"}],"wp:term":[{"taxonomy":"category","embeddable":true,"href":"http:\/\/www.rtvnoticias.com.ar\/index.php?rest_route=%2Fwp%2Fv2%2Fcategories&post=18918"},{"taxonomy":"post_tag","embeddable":true,"href":"http:\/\/www.rtvnoticias.com.ar\/index.php?rest_route=%2Fwp%2Fv2%2Ftags&post=18918"}],"curies":[{"name":"wp","href":"https:\/\/api.w.org\/{rel}","templated":true}]}}