{"id":18921,"date":"2020-03-07T08:10:45","date_gmt":"2020-03-07T11:10:45","guid":{"rendered":"http:\/\/www.rtvnoticias.com.ar\/?p=18921"},"modified":"2020-03-06T20:15:25","modified_gmt":"2020-03-06T23:15:25","slug":"vendimia-en-casa-de-piedra","status":"publish","type":"post","link":"http:\/\/www.rtvnoticias.com.ar\/?p=18921","title":{"rendered":"Vendimia en Casa de Piedra"},"content":{"rendered":"\n<p>El gobernador Sergio Ziliotto particip\u00f3 ayer de la ya tradicional vendimia en Casa de Piedra y recorri\u00f3 potenciales espacios tur\u00edsticos, en los que se comprometi\u00f3 a generar la infraestructura necesaria que permita su r\u00e1pida puesta en valor y utilizaci\u00f3n. El objetivo central de la visita fue dar a conocer la producci\u00f3n de la regi\u00f3n, sus caracter\u00edsticas y las variedades de vinos pampeanos que se producen y comercializan.<br><\/p>\n\n\n\n<p>La secretaria de Turismo, Adriana Romero, junto al delegado Casa de Piedra, Mart\u00edn Borthiry y\u00a0 el presidente y vice del Ente Provincial del Rio Colorado, Enrique Smith y Roberto Bigorito, fueron los anfitriones de la jornada en la que estuvieron especialmente invitados representantes de las bodegas que cultivan en la zona, intendentes de la ribera del r\u00eco Colorado y emprendedores privados vinculados al turismo. Adem\u00e1s, asistieron representantes de empresas de turismo receptivo, de vinotecas, restaurantes\u00a0 de distintos lugares de La Pampa y de la C\u00e1mara de Comercio de Santa Rosa.<br><\/p>\n\n\n\n<p>En el marco de la visita el mandatario dijo que el bajo caudal que se observa en el r\u00edo Colorado, \u201cpermite seguir insistiendo en el uso eficiente del agua como principio rector de un bien tan escaso a nivel internacional\u201d, al tiempo que afirm\u00f3 \u00a0que tambi\u00e9n \u201cnos lleva a seguir reclamando nuestro derecho sobre el recurso. Tenemos que hacerlo no s\u00f3lo por una cuesti\u00f3n hist\u00f3rica, sino porque como vemos\u00a0 ac\u00e1, \u00a0el agua es el futuro de la producci\u00f3n y del desarrollo econ\u00f3mico de la provincia\u201d.<\/p>\n\n\n\n<p><strong>Vides de calidad<\/strong><br>\u201cEstamos demostrando que utilizamos el agua, que\u00a0 hacemos uso eficiente de ella y que planificamos incrementar la producci\u00f3n\u201d, sostuvo el mandatario, quien adem\u00e1s coincidi\u00f3 con distintos bodegueros que se dieron cita en la Villa en la potencialidad que tiene la regi\u00f3n y la necesidad de seguir cimentando el trabajo mancomunado entre los sectores p\u00fablico y privado para generar las condiciones que consoliden y motoricen el crecimiento en la zona.<br><\/p>\n\n\n\n<p>El mandatario subray\u00f3 como un hecho inocultable que \u201cen la provincia de La Pampa se producen vinos de calidad. Las bodegas que est\u00e1n implantando en la zona bajo riego tienen vinos de mucha calidad, que han sido premiados en el orden internacional y nosotros, como Estado, fuimos quienes asumimos el riesgo de experimentar\u201d.<br><\/p>\n\n\n\n<p>En este sentido afirm\u00f3 que no fue casual que \u201cCarlos Verna, hace m\u00e1s de 12 o 13 a\u00f1os, haya puesto en marcha la chacra experimental que nos permite demostrarle a los empresarios que se puede invertir en La Pampa y que el negocio es rentable porque la uva es de calidad\u201d.<\/p>\n\n\n\n<p><strong>Servicios para el turismo<\/strong><br>Si bien es cierto que el espejo de agua que conforma el dique Casa de Piedra se ha retirado a causa de la hist\u00f3rica crisis h\u00eddrica que atraviesa la cuenca, la decisi\u00f3n de fomentar el turismo llev\u00f3 a \u00a0que se potencien otros espacios de la zona, como por ejemplo, la costa del r\u00edo Colorado.<br><\/p>\n\n\n\n<p>Al respecto, Ziliotto sostuvo que la potencialidad tur\u00edstica de Casa de Piedra est\u00e1 demostrada, y destac\u00f3 la \u201cvisi\u00f3n\u00a0 hist\u00f3rica que tuvo el gobernador Carlos Verna en el per\u00edodo 2003-2007 creando esta villa tur\u00edstica\u201d, donde se conjugan la inmensidad de La Pampa con el vergel que genera el rio a su paso.<\/p>\n\n\n\n<p>Justamente a la vera del curso de agua es donde trabajan en forma conjunta las autoridades de la Villa y del Ente Provincial del Rio Colorado para consolidar un espacio donde poder disfrutar del agua, practicar pesca deportiva, o realizar otro tipo de actividades como cicloturismo o trekking.<br><\/p>\n\n\n\n<p>Con este objetivo se est\u00e1 acondicionando un lugar para armar un camping, adem\u00e1s de realizarse trabajos de limpieza en la costa del rio donde se generar\u00e1n los espacios que facilitar\u00e1n el acceso al curso de agua.<br><\/p>\n\n\n\n<p>\u201cLo que estamos haciendo a trav\u00e9s de obras e inversi\u00f3n p\u00fablica es tratar de darle mayor potencialidad al rio y en ese sentido avanzamos en una zona a la que queremos dotar de servicios, con la posibilidad que haya un camping permanente con energ\u00eda el\u00e9ctrica, sanitarios y proveedur\u00eda para que puedan disfrutar los pampeanos y por supuesto todos quienes visiten nuestra provincia\u201d, concluy\u00f3. <\/p>\n<div class=\"sharedaddy sd-sharing-enabled\"><div class=\"robots-nocontent sd-block sd-social sd-social-icon sd-sharing\"><h3 class=\"sd-title\">Comparte esto:<\/h3><div class=\"sd-content\"><ul><li class=\"share-twitter\"><a rel=\"nofollow noopener noreferrer\" data-shared=\"sharing-twitter-18921\" class=\"share-twitter sd-button share-icon no-text\" href=\"http:\/\/www.rtvnoticias.com.ar\/?p=18921&amp;share=twitter\" target=\"_blank\" title=\"Haz clic para compartir en Twitter\"><span><\/span><span class=\"sharing-screen-reader-text\">Haz clic para compartir en Twitter (Se abre en una ventana nueva)<\/span><\/a><\/li><li class=\"share-facebook\"><a rel=\"nofollow noopener noreferrer\" data-shared=\"sharing-facebook-18921\" class=\"share-facebook sd-button share-icon no-text\" href=\"http:\/\/www.rtvnoticias.com.ar\/?p=18921&amp;share=facebook\" target=\"_blank\" title=\"Haz clic para compartir en Facebook\"><span><\/span><span class=\"sharing-screen-reader-text\">Haz clic para compartir en Facebook (Se abre en una ventana nueva)<\/span><\/a><\/li><li class=\"share-jetpack-whatsapp\"><a rel=\"nofollow noopener noreferrer\" data-shared=\"\" class=\"share-jetpack-whatsapp sd-button share-icon no-text\" href=\"http:\/\/www.rtvnoticias.com.ar\/?p=18921&amp;share=jetpack-whatsapp\" target=\"_blank\" title=\"Haz clic para compartir en WhatsApp\"><span><\/span><span class=\"sharing-screen-reader-text\">Haz clic para compartir en WhatsApp (Se abre en una ventana nueva)<\/span><\/a><\/li><li class=\"share-telegram\"><a rel=\"nofollow noopener noreferrer\" data-shared=\"\" class=\"share-telegram sd-button share-icon no-text\" href=\"http:\/\/www.rtvnoticias.com.ar\/?p=18921&amp;share=telegram\" target=\"_blank\" title=\"Haz clic para compartir en Telegram\"><span><\/span><span class=\"sharing-screen-reader-text\">Haz clic para compartir en Telegram (Se abre en una ventana nueva)<\/span><\/a><\/li><li class=\"share-end\"><\/li><\/ul><\/div><\/div><\/div>","protected":false},"excerpt":{"rendered":"<p>El gobernador Sergio Ziliotto particip\u00f3 ayer de la ya tradicional vendimia en Casa de Piedra y recorri\u00f3 potenciales espacios tur\u00edsticos, en los que se comprometi\u00f3<\/p>\n<div class=\"sharedaddy sd-sharing-enabled\"><div class=\"robots-nocontent sd-block sd-social sd-social-icon sd-sharing\"><h3 class=\"sd-title\">Comparte esto:<\/h3><div class=\"sd-content\"><ul><li class=\"share-twitter\"><a rel=\"nofollow noopener noreferrer\" data-shared=\"sharing-twitter-18921\" class=\"share-twitter sd-button share-icon no-text\" href=\"http:\/\/www.rtvnoticias.com.ar\/?p=18921&amp;share=twitter\" target=\"_blank\" title=\"Haz clic para compartir en Twitter\"><span><\/span><span class=\"sharing-screen-reader-text\">Haz clic para compartir en Twitter (Se abre en una ventana nueva)<\/span><\/a><\/li><li class=\"share-facebook\"><a rel=\"nofollow noopener noreferrer\" data-shared=\"sharing-facebook-18921\" class=\"share-facebook sd-button share-icon no-text\" href=\"http:\/\/www.rtvnoticias.com.ar\/?p=18921&amp;share=facebook\" target=\"_blank\" title=\"Haz clic para compartir en Facebook\"><span><\/span><span class=\"sharing-screen-reader-text\">Haz clic para compartir en Facebook (Se abre en una ventana nueva)<\/span><\/a><\/li><li class=\"share-jetpack-whatsapp\"><a rel=\"nofollow noopener noreferrer\" data-shared=\"\" class=\"share-jetpack-whatsapp sd-button share-icon no-text\" href=\"http:\/\/www.rtvnoticias.com.ar\/?p=18921&amp;share=jetpack-whatsapp\" target=\"_blank\" title=\"Haz clic para compartir en WhatsApp\"><span><\/span><span class=\"sharing-screen-reader-text\">Haz clic para compartir en WhatsApp (Se abre en una ventana nueva)<\/span><\/a><\/li><li class=\"share-telegram\"><a rel=\"nofollow noopener noreferrer\" data-shared=\"\" class=\"share-telegram sd-button share-icon no-text\" href=\"http:\/\/www.rtvnoticias.com.ar\/?p=18921&amp;share=telegram\" target=\"_blank\" title=\"Haz clic para compartir en Telegram\"><span><\/span><span class=\"sharing-screen-reader-text\">Haz clic para compartir en Telegram (Se abre en una ventana nueva)<\/span><\/a><\/li><li class=\"share-end\"><\/li><\/ul><\/div><\/div><\/div>","protected":false},"author":7,"featured_media":18922,"comment_status":"closed","ping_status":"closed","sticky":false,"template":"","format":"standard","meta":{"spay_email":"","jetpack_publicize_message":"","jetpack_is_tweetstorm":false,"jetpack_publicize_feature_enabled":true},"categories":[1],"tags":[],"jetpack_featured_media_url":"http:\/\/www.rtvnoticias.com.ar\/wp-content\/uploads\/2020\/03\/vendimia.jpg","jetpack_publicize_connections":[],"jetpack_sharing_enabled":true,"_links":{"self":[{"href":"http:\/\/www.rtvnoticias.com.ar\/index.php?rest_route=\/wp\/v2\/posts\/18921"}],"collection":[{"href":"http:\/\/www.rtvnoticias.com.ar\/index.php?rest_route=\/wp\/v2\/posts"}],"about":[{"href":"http:\/\/www.rtvnoticias.com.ar\/index.php?rest_route=\/wp\/v2\/types\/post"}],"author":[{"embeddable":true,"href":"http:\/\/www.rtvnoticias.com.ar\/index.php?rest_route=\/wp\/v2\/users\/7"}],"replies":[{"embeddable":true,"href":"http:\/\/www.rtvnoticias.com.ar\/index.php?rest_route=%2Fwp%2Fv2%2Fcomments&post=18921"}],"version-history":[{"count":1,"href":"http:\/\/www.rtvnoticias.com.ar\/index.php?rest_route=\/wp\/v2\/posts\/18921\/revisions"}],"predecessor-version":[{"id":18923,"href":"http:\/\/www.rtvnoticias.com.ar\/index.php?rest_route=\/wp\/v2\/posts\/18921\/revisions\/18923"}],"wp:featuredmedia":[{"embeddable":true,"href":"http:\/\/www.rtvnoticias.com.ar\/index.php?rest_route=\/wp\/v2\/media\/18922"}],"wp:attachment":[{"href":"http:\/\/www.rtvnoticias.com.ar\/index.php?rest_route=%2Fwp%2Fv2%2Fmedia&parent=18921"}],"wp:term":[{"taxonomy":"category","embeddable":true,"href":"http:\/\/www.rtvnoticias.com.ar\/index.php?rest_route=%2Fwp%2Fv2%2Fcategories&post=18921"},{"taxonomy":"post_tag","embeddable":true,"href":"http:\/\/www.rtvnoticias.com.ar\/index.php?rest_route=%2Fwp%2Fv2%2Ftags&post=18921"}],"curies":[{"name":"wp","href":"https:\/\/api.w.org\/{rel}","templated":true}]}}