{"id":18927,"date":"2020-03-08T00:04:39","date_gmt":"2020-03-08T03:04:39","guid":{"rendered":"http:\/\/www.rtvnoticias.com.ar\/?p=18927"},"modified":"2020-03-07T19:09:21","modified_gmt":"2020-03-07T22:09:21","slug":"la-iglesia-realiza-misa-por-el-8m","status":"publish","type":"post","link":"http:\/\/www.rtvnoticias.com.ar\/?p=18927","title":{"rendered":"La Iglesia realiza misa por el 8M"},"content":{"rendered":"\n<p>En medio de la tensi\u00f3n por el inminente env\u00edo al Congreso del proyecto de ley de legalizaci\u00f3n del aborto, la Iglesia realizar\u00e1 este domingo una misa en la Bas\u00edlica de Luj\u00e1n para ratificar su rechazo a la iniciativa, en medio del D\u00eda Internacional de la Mujer y antes del paro y movilizaci\u00f3n que har\u00e1n colectivos feministas el pr\u00f3ximo lunes para reclamar que se apruebe la iniciativa sobre interrupci\u00f3n voluntaria del embarazo.<\/p>\n\n\n\n<p>La convocatoria a la actividad eclesi\u00e1stica fue realizada por la Conferencia Episcopal Argentina (CEA) \u00aben el marco de la celebraci\u00f3n del D\u00eda Internacional de la Mujer y con motivo del anunciado tratamiento legislativo del proyecto de legalizaci\u00f3n del aborto\u00bb.<\/p>\n\n\n\n<p>Bajo el lema \u00abS\u00ed a las mujeres, s\u00ed a la vida\u00bb, la misa se celebrar\u00e1 a partir de las 11 en la emblem\u00e1tica Bas\u00edlica de Luj\u00e1n con el objetivo de \u00abpedir por la protecci\u00f3n de la vida humana desde la concepci\u00f3n hasta la muerte natural\u00bb.<\/p>\n\n\n\n<p>\u00abInvitamos a todo el Pueblo de Dios y a todos los hombres y mujeres de buena voluntad a unirse en esta Plegaria com\u00fan por la vida junto a la Virgen de Luj\u00e1n, patrona del Pueblo argentino\u00bb, a\u00f1adi\u00f3 la organizaci\u00f3n eclesi\u00e1stica presidida por Oscar Ojea.<\/p>\n\n\n\n<p>Al anunciar la misa, a mediados de febrero pasado, el referente de la Iglesia hab\u00eda subrayado: \u00abLa mujer es due\u00f1a de usar su propio cuerpo, as\u00ed se nos dice constantemente a trav\u00e9s de muchos medios. Esto no es as\u00ed. Nosotros defendemos toda vida y cada vida, los derechos de todos y de cada uno\u00bb.<\/p>\n\n\n\n<p>Se trata de la primera vez que la Iglesia organiza una convocatoria que se espera masiva para un 8 de marzo.<\/p>\n\n\n\n<p>La principal movida del colectivo feminista ser\u00e1 el lunes: en el marco del Paro Nacional de Mujeres, en la Ciudad de Buenos Aires se har\u00e1 una marcha al Congreso a las 17, que concluir\u00e1 con un acto en el que uno de los principales reclamos ser\u00e1 la legalizaci\u00f3n del aborto.<\/p>\n\n\n\n<p>Las mujeres tambi\u00e9n intentar\u00e1n visibilizar la importancia de su rol en el mundo laboral, en medio de reclamos de mayor paridad en cargos de responsabilidad y en el pago de salarios.<br><\/p>\n<div class=\"sharedaddy sd-sharing-enabled\"><div class=\"robots-nocontent sd-block sd-social sd-social-icon sd-sharing\"><h3 class=\"sd-title\">Comparte esto:<\/h3><div class=\"sd-content\"><ul><li class=\"share-twitter\"><a rel=\"nofollow noopener noreferrer\" data-shared=\"sharing-twitter-18927\" class=\"share-twitter sd-button share-icon no-text\" href=\"http:\/\/www.rtvnoticias.com.ar\/?p=18927&amp;share=twitter\" target=\"_blank\" title=\"Haz clic para compartir en Twitter\"><span><\/span><span class=\"sharing-screen-reader-text\">Haz clic para compartir en Twitter (Se abre en una ventana nueva)<\/span><\/a><\/li><li class=\"share-facebook\"><a rel=\"nofollow noopener noreferrer\" data-shared=\"sharing-facebook-18927\" class=\"share-facebook sd-button share-icon no-text\" href=\"http:\/\/www.rtvnoticias.com.ar\/?p=18927&amp;share=facebook\" target=\"_blank\" title=\"Haz clic para compartir en Facebook\"><span><\/span><span class=\"sharing-screen-reader-text\">Haz clic para compartir en Facebook (Se abre en una ventana nueva)<\/span><\/a><\/li><li class=\"share-jetpack-whatsapp\"><a rel=\"nofollow noopener noreferrer\" data-shared=\"\" class=\"share-jetpack-whatsapp sd-button share-icon no-text\" href=\"http:\/\/www.rtvnoticias.com.ar\/?p=18927&amp;share=jetpack-whatsapp\" target=\"_blank\" title=\"Haz clic para compartir en WhatsApp\"><span><\/span><span class=\"sharing-screen-reader-text\">Haz clic para compartir en WhatsApp (Se abre en una ventana nueva)<\/span><\/a><\/li><li class=\"share-telegram\"><a rel=\"nofollow noopener noreferrer\" data-shared=\"\" class=\"share-telegram sd-button share-icon no-text\" href=\"http:\/\/www.rtvnoticias.com.ar\/?p=18927&amp;share=telegram\" target=\"_blank\" title=\"Haz clic para compartir en Telegram\"><span><\/span><span class=\"sharing-screen-reader-text\">Haz clic para compartir en Telegram (Se abre en una ventana nueva)<\/span><\/a><\/li><li class=\"share-end\"><\/li><\/ul><\/div><\/div><\/div>","protected":false},"excerpt":{"rendered":"<p>En medio de la tensi\u00f3n por el inminente env\u00edo al Congreso del proyecto de ley de legalizaci\u00f3n del aborto, la Iglesia realizar\u00e1 este domingo una<\/p>\n<div class=\"sharedaddy sd-sharing-enabled\"><div class=\"robots-nocontent sd-block sd-social sd-social-icon sd-sharing\"><h3 class=\"sd-title\">Comparte esto:<\/h3><div class=\"sd-content\"><ul><li class=\"share-twitter\"><a rel=\"nofollow noopener noreferrer\" data-shared=\"sharing-twitter-18927\" class=\"share-twitter sd-button share-icon no-text\" href=\"http:\/\/www.rtvnoticias.com.ar\/?p=18927&amp;share=twitter\" target=\"_blank\" title=\"Haz clic para compartir en Twitter\"><span><\/span><span class=\"sharing-screen-reader-text\">Haz clic para compartir en Twitter (Se abre en una ventana nueva)<\/span><\/a><\/li><li class=\"share-facebook\"><a rel=\"nofollow noopener noreferrer\" data-shared=\"sharing-facebook-18927\" class=\"share-facebook sd-button share-icon no-text\" href=\"http:\/\/www.rtvnoticias.com.ar\/?p=18927&amp;share=facebook\" target=\"_blank\" title=\"Haz clic para compartir en Facebook\"><span><\/span><span class=\"sharing-screen-reader-text\">Haz clic para compartir en Facebook (Se abre en una ventana nueva)<\/span><\/a><\/li><li class=\"share-jetpack-whatsapp\"><a rel=\"nofollow noopener noreferrer\" data-shared=\"\" class=\"share-jetpack-whatsapp sd-button share-icon no-text\" href=\"http:\/\/www.rtvnoticias.com.ar\/?p=18927&amp;share=jetpack-whatsapp\" target=\"_blank\" title=\"Haz clic para compartir en WhatsApp\"><span><\/span><span class=\"sharing-screen-reader-text\">Haz clic para compartir en WhatsApp (Se abre en una ventana nueva)<\/span><\/a><\/li><li class=\"share-telegram\"><a rel=\"nofollow noopener noreferrer\" data-shared=\"\" class=\"share-telegram sd-button share-icon no-text\" href=\"http:\/\/www.rtvnoticias.com.ar\/?p=18927&amp;share=telegram\" target=\"_blank\" title=\"Haz clic para compartir en Telegram\"><span><\/span><span class=\"sharing-screen-reader-text\">Haz clic para compartir en Telegram (Se abre en una ventana nueva)<\/span><\/a><\/li><li class=\"share-end\"><\/li><\/ul><\/div><\/div><\/div>","protected":false},"author":5,"featured_media":18928,"comment_status":"closed","ping_status":"closed","sticky":false,"template":"","format":"standard","meta":{"spay_email":"","jetpack_publicize_message":"","jetpack_is_tweetstorm":false,"jetpack_publicize_feature_enabled":true},"categories":[5],"tags":[3177],"jetpack_featured_media_url":"http:\/\/www.rtvnoticias.com.ar\/wp-content\/uploads\/2020\/03\/lujan-bas\u00edlica.jpg","jetpack_publicize_connections":[],"jetpack_sharing_enabled":true,"_links":{"self":[{"href":"http:\/\/www.rtvnoticias.com.ar\/index.php?rest_route=\/wp\/v2\/posts\/18927"}],"collection":[{"href":"http:\/\/www.rtvnoticias.com.ar\/index.php?rest_route=\/wp\/v2\/posts"}],"about":[{"href":"http:\/\/www.rtvnoticias.com.ar\/index.php?rest_route=\/wp\/v2\/types\/post"}],"author":[{"embeddable":true,"href":"http:\/\/www.rtvnoticias.com.ar\/index.php?rest_route=\/wp\/v2\/users\/5"}],"replies":[{"embeddable":true,"href":"http:\/\/www.rtvnoticias.com.ar\/index.php?rest_route=%2Fwp%2Fv2%2Fcomments&post=18927"}],"version-history":[{"count":1,"href":"http:\/\/www.rtvnoticias.com.ar\/index.php?rest_route=\/wp\/v2\/posts\/18927\/revisions"}],"predecessor-version":[{"id":18929,"href":"http:\/\/www.rtvnoticias.com.ar\/index.php?rest_route=\/wp\/v2\/posts\/18927\/revisions\/18929"}],"wp:featuredmedia":[{"embeddable":true,"href":"http:\/\/www.rtvnoticias.com.ar\/index.php?rest_route=\/wp\/v2\/media\/18928"}],"wp:attachment":[{"href":"http:\/\/www.rtvnoticias.com.ar\/index.php?rest_route=%2Fwp%2Fv2%2Fmedia&parent=18927"}],"wp:term":[{"taxonomy":"category","embeddable":true,"href":"http:\/\/www.rtvnoticias.com.ar\/index.php?rest_route=%2Fwp%2Fv2%2Fcategories&post=18927"},{"taxonomy":"post_tag","embeddable":true,"href":"http:\/\/www.rtvnoticias.com.ar\/index.php?rest_route=%2Fwp%2Fv2%2Ftags&post=18927"}],"curies":[{"name":"wp","href":"https:\/\/api.w.org\/{rel}","templated":true}]}}