{"id":18931,"date":"2020-03-08T00:15:09","date_gmt":"2020-03-08T03:15:09","guid":{"rendered":"http:\/\/www.rtvnoticias.com.ar\/?p=18931"},"modified":"2020-03-07T19:22:29","modified_gmt":"2020-03-07T22:22:29","slug":"alicia-mayoral-reflexiono-en-el-dia-de-la-mujer","status":"publish","type":"post","link":"http:\/\/www.rtvnoticias.com.ar\/?p=18931","title":{"rendered":"Alicia Mayoral reflexion\u00f3 en el D\u00eda de la Mujer"},"content":{"rendered":"\n<p> La diputada y Vicepresidenta Primera de la C\u00e1mara de Diputados de la provincia de La Pampa, Alicia Mayoral (FreJuPa), se refiri\u00f3 a la nueva conmemoraci\u00f3n por el D\u00eda Internacional de la Mujer y los avances que se han conseguido.<\/p>\n\n\n\n<p>\u201cEs real que son numerosos los avances que las mujeres hemos conseguido a pesar de tantas dificultades culturales, sociales, educativas, econ\u00f3micas e incluso pol\u00edticas que debimos superar\u201d, se\u00f1al\u00f3 Mayoral.<\/p>\n\n\n\n<p>Pero tambi\u00e9n indic\u00f3 que \u201c hay hechos y situaciones que nos marcan, que nos comprometen a\u00fan m\u00e1s. Basta con repasar estos primeros d\u00edas del a\u00f1o para ver los atroces femicidios que est\u00e1n ocurriendo todos los d\u00edas, el triste numero de 63 mujeres asesinadas, para convencernos que hay que continuar trabajando\u201d.<\/p>\n\n\n\n<p>\u201cHemos logrado en las luchas visibilizarnos, empoderarnos, pero no hemos podido revertir esta dif\u00edcil estad\u00edstica, es una deuda pendiente con nosotras mismas\u201d, afirm\u00f3 la legisladora justicialista.<\/p>\n\n\n\n<p>Puntualiz\u00f3 que \u201choy se considera que la mejor medida de avance, progreso y modernidad de nuestros pueblos, no se determina solo por el grado de desarrollo cient\u00edfico o tecnol\u00f3gico, sino m\u00e1s bien por la igualdad, libertad y derechos que se les reconozcan a las mujeres\u201d.<\/p>\n\n\n\n<p>&nbsp;\u201cEsta fecha&nbsp;de conmemoraci\u00f3n, que ha alcanzado una dimensi\u00f3n global al representar&nbsp;la&nbsp;lucha femenina&nbsp;por los derechos de la&nbsp;mujer&nbsp;y la&nbsp;igualdad de oportunidades&nbsp;dentro de la sociedad nos debe servir para poder dialogar, masificar lo que sentimos y vivimos las mujeres hoy d\u00eda, en una sociedad que todav\u00eda nos subordina en muchos \u00e1mbitos\u201d.<\/p>\n\n\n\n<p>\u201cFuimos internalizando esta fecha con memoria y re significaci\u00f3n, porque a pesar de que somos distintas y diversas, hemos vivenciado lo que es \u201cser mujer\u201d en sociedades machistas\u201d.<\/p>\n\n\n\n<p>\u201cPor ello insto a reflexionar sobre las posibilidades que nos da la fecha respecto a qu\u00e9 tipo de sociedad queremos ser y a la deuda con nosotras en materia de derechos\u201d.<\/p>\n\n\n\n<p>\u201cHoy recordemos a Micaela, Sof\u00eda, Sonia y a todas las que no est\u00e1n, el recuerdo es para ellas, y en ese recuerdo nuestra lucha permanente. El reconocimiento a todas las mujeres que habitan nuestra querida provincia, quienes con su trabajo y dedicaci\u00f3n aportan a la construcci\u00f3n de una sociedad cada vez m\u00e1s inclusiva\u201d, sostuvo la legisladora.<br><\/p>\n<div class=\"sharedaddy sd-sharing-enabled\"><div class=\"robots-nocontent sd-block sd-social sd-social-icon sd-sharing\"><h3 class=\"sd-title\">Comparte esto:<\/h3><div class=\"sd-content\"><ul><li class=\"share-twitter\"><a rel=\"nofollow noopener noreferrer\" data-shared=\"sharing-twitter-18931\" class=\"share-twitter sd-button share-icon no-text\" href=\"http:\/\/www.rtvnoticias.com.ar\/?p=18931&amp;share=twitter\" target=\"_blank\" title=\"Haz clic para compartir en Twitter\"><span><\/span><span class=\"sharing-screen-reader-text\">Haz clic para compartir en Twitter (Se abre en una ventana nueva)<\/span><\/a><\/li><li class=\"share-facebook\"><a rel=\"nofollow noopener noreferrer\" data-shared=\"sharing-facebook-18931\" class=\"share-facebook sd-button share-icon no-text\" href=\"http:\/\/www.rtvnoticias.com.ar\/?p=18931&amp;share=facebook\" target=\"_blank\" title=\"Haz clic para compartir en Facebook\"><span><\/span><span class=\"sharing-screen-reader-text\">Haz clic para compartir en Facebook (Se abre en una ventana nueva)<\/span><\/a><\/li><li class=\"share-jetpack-whatsapp\"><a rel=\"nofollow noopener noreferrer\" data-shared=\"\" class=\"share-jetpack-whatsapp sd-button share-icon no-text\" href=\"http:\/\/www.rtvnoticias.com.ar\/?p=18931&amp;share=jetpack-whatsapp\" target=\"_blank\" title=\"Haz clic para compartir en WhatsApp\"><span><\/span><span class=\"sharing-screen-reader-text\">Haz clic para compartir en WhatsApp (Se abre en una ventana nueva)<\/span><\/a><\/li><li class=\"share-telegram\"><a rel=\"nofollow noopener noreferrer\" data-shared=\"\" class=\"share-telegram sd-button share-icon no-text\" href=\"http:\/\/www.rtvnoticias.com.ar\/?p=18931&amp;share=telegram\" target=\"_blank\" title=\"Haz clic para compartir en Telegram\"><span><\/span><span class=\"sharing-screen-reader-text\">Haz clic para compartir en Telegram (Se abre en una ventana nueva)<\/span><\/a><\/li><li class=\"share-end\"><\/li><\/ul><\/div><\/div><\/div>","protected":false},"excerpt":{"rendered":"<p>La diputada y Vicepresidenta Primera de la C\u00e1mara de Diputados de la provincia de La Pampa, Alicia Mayoral (FreJuPa), se refiri\u00f3 a la nueva conmemoraci\u00f3n<\/p>\n<div class=\"sharedaddy sd-sharing-enabled\"><div class=\"robots-nocontent sd-block sd-social sd-social-icon sd-sharing\"><h3 class=\"sd-title\">Comparte esto:<\/h3><div class=\"sd-content\"><ul><li class=\"share-twitter\"><a rel=\"nofollow noopener noreferrer\" data-shared=\"sharing-twitter-18931\" class=\"share-twitter sd-button share-icon no-text\" href=\"http:\/\/www.rtvnoticias.com.ar\/?p=18931&amp;share=twitter\" target=\"_blank\" title=\"Haz clic para compartir en Twitter\"><span><\/span><span class=\"sharing-screen-reader-text\">Haz clic para compartir en Twitter (Se abre en una ventana nueva)<\/span><\/a><\/li><li class=\"share-facebook\"><a rel=\"nofollow noopener noreferrer\" data-shared=\"sharing-facebook-18931\" class=\"share-facebook sd-button share-icon no-text\" href=\"http:\/\/www.rtvnoticias.com.ar\/?p=18931&amp;share=facebook\" target=\"_blank\" title=\"Haz clic para compartir en Facebook\"><span><\/span><span class=\"sharing-screen-reader-text\">Haz clic para compartir en Facebook (Se abre en una ventana nueva)<\/span><\/a><\/li><li class=\"share-jetpack-whatsapp\"><a rel=\"nofollow noopener noreferrer\" data-shared=\"\" class=\"share-jetpack-whatsapp sd-button share-icon no-text\" href=\"http:\/\/www.rtvnoticias.com.ar\/?p=18931&amp;share=jetpack-whatsapp\" target=\"_blank\" title=\"Haz clic para compartir en WhatsApp\"><span><\/span><span class=\"sharing-screen-reader-text\">Haz clic para compartir en WhatsApp (Se abre en una ventana nueva)<\/span><\/a><\/li><li class=\"share-telegram\"><a rel=\"nofollow noopener noreferrer\" data-shared=\"\" class=\"share-telegram sd-button share-icon no-text\" href=\"http:\/\/www.rtvnoticias.com.ar\/?p=18931&amp;share=telegram\" target=\"_blank\" title=\"Haz clic para compartir en Telegram\"><span><\/span><span class=\"sharing-screen-reader-text\">Haz clic para compartir en Telegram (Se abre en una ventana nueva)<\/span><\/a><\/li><li class=\"share-end\"><\/li><\/ul><\/div><\/div><\/div>","protected":false},"author":5,"featured_media":18932,"comment_status":"closed","ping_status":"closed","sticky":false,"template":"","format":"standard","meta":{"spay_email":"","jetpack_publicize_message":"","jetpack_is_tweetstorm":false,"jetpack_publicize_feature_enabled":true},"categories":[3],"tags":[3178],"jetpack_featured_media_url":"http:\/\/www.rtvnoticias.com.ar\/wp-content\/uploads\/2020\/03\/mayoral-alicia.jpg","jetpack_publicize_connections":[],"jetpack_sharing_enabled":true,"_links":{"self":[{"href":"http:\/\/www.rtvnoticias.com.ar\/index.php?rest_route=\/wp\/v2\/posts\/18931"}],"collection":[{"href":"http:\/\/www.rtvnoticias.com.ar\/index.php?rest_route=\/wp\/v2\/posts"}],"about":[{"href":"http:\/\/www.rtvnoticias.com.ar\/index.php?rest_route=\/wp\/v2\/types\/post"}],"author":[{"embeddable":true,"href":"http:\/\/www.rtvnoticias.com.ar\/index.php?rest_route=\/wp\/v2\/users\/5"}],"replies":[{"embeddable":true,"href":"http:\/\/www.rtvnoticias.com.ar\/index.php?rest_route=%2Fwp%2Fv2%2Fcomments&post=18931"}],"version-history":[{"count":2,"href":"http:\/\/www.rtvnoticias.com.ar\/index.php?rest_route=\/wp\/v2\/posts\/18931\/revisions"}],"predecessor-version":[{"id":18935,"href":"http:\/\/www.rtvnoticias.com.ar\/index.php?rest_route=\/wp\/v2\/posts\/18931\/revisions\/18935"}],"wp:featuredmedia":[{"embeddable":true,"href":"http:\/\/www.rtvnoticias.com.ar\/index.php?rest_route=\/wp\/v2\/media\/18932"}],"wp:attachment":[{"href":"http:\/\/www.rtvnoticias.com.ar\/index.php?rest_route=%2Fwp%2Fv2%2Fmedia&parent=18931"}],"wp:term":[{"taxonomy":"category","embeddable":true,"href":"http:\/\/www.rtvnoticias.com.ar\/index.php?rest_route=%2Fwp%2Fv2%2Fcategories&post=18931"},{"taxonomy":"post_tag","embeddable":true,"href":"http:\/\/www.rtvnoticias.com.ar\/index.php?rest_route=%2Fwp%2Fv2%2Ftags&post=18931"}],"curies":[{"name":"wp","href":"https:\/\/api.w.org\/{rel}","templated":true}]}}