{"id":18936,"date":"2020-03-08T00:02:18","date_gmt":"2020-03-08T03:02:18","guid":{"rendered":"http:\/\/www.rtvnoticias.com.ar\/?p=18936"},"modified":"2020-03-07T19:33:59","modified_gmt":"2020-03-07T22:33:59","slug":"ley-micaela-funcionarios-municipales-se-capacitaron-en-perspectiva-de-genero","status":"publish","type":"post","link":"http:\/\/www.rtvnoticias.com.ar\/?p=18936","title":{"rendered":"Ley Micaela: Funcionarios municipales se capacitaron en perspectiva de g\u00e9nero"},"content":{"rendered":"\n<p>Se llev\u00f3 a cabo en la sala 1 de exposiciones del Centro Cultural Marac\u00f3, la introducci\u00f3n a la capacitaci\u00f3n de la Ley Micaela <em>\u201cLa perspectiva de g\u00e9nero como categor\u00eda que nos atraviesa\u201d<\/em>, adhesi\u00f3n que fue recientemente sancionada por el Concejo Deliberante local y que obliga a todos los funcionarios municipales a capacitarse en perspectiva de g\u00e9nero.<\/p>\n\n\n\n<p>La idea de este primer encuentro, seg\u00fan enfatizaron las capacitadoras del hogar de madres,&nbsp;es empezar a pesar y pensarse, en estas cuestiones que tiene que ver con el g\u00e9nero, en el marco de la ley Micaela. Se trat\u00f3 de una breve introducci\u00f3n de lo que despu\u00e9s ser\u00e1 una capacitaci\u00f3n virtual, que implica unas 8 horas de trabajo.&nbsp;&nbsp;<\/p>\n\n\n\n<p>Vale la pena destacar que esta capacitaci\u00f3n es obligatoria para todos los funcionarios y funcionarias municipales, mientras que para los empleados es opcional. \u201cLa idea es que todos podamos aprender y de construirnos y poder pensar de otra manera\u201d, dijeron.<\/p>\n\n\n\n<p>La aprobaci\u00f3n en el \u00e1mbito de la ciudad de la aplicaci\u00f3n de la Ley Micaela, hab\u00eda sido uno de los puntos que, por solicitud de la intendenta, se trat\u00f3 en sesi\u00f3n extraordinaria del Concejo Deliberante.&nbsp;&nbsp;<\/p>\n\n\n\n<p>El Concejo Sali\u00f3 del receso estival para tratar la&nbsp;adhesi\u00f3n a Ley, que de esta manera fue aprobada por unanimidad&nbsp;por todos los concejales y concejalas<\/p>\n\n\n\n<p>&nbsp;<strong>Ley 27499<\/strong><\/p>\n\n\n\n<p>La ley nacional N\u00b0 27499, m\u00e1s conocida como Ley Micaela, obliga a todas las personas que trabajan en los 3 poderes del Estado Nacional,&nbsp;a recibir capacitaciones en temas de g\u00e9nero y violencia contra las mujeres.<\/p>\n\n\n\n<p>En aquella oportunidad la intendenta y en referencia a la aprobaci\u00f3n por unanimidad de la adhesi\u00f3n a la Ley, dijo&nbsp;estar muy satisfecha con la posibilidad de poder contar ya con la ordenanza que adhiere&nbsp;&nbsp;a la ley: \u201cDebemos comprometernos, todas y todos los funcionarios, que somos parte de este Gobierno local, para que sean parte de las distintas capacitaciones con perspectivas de g\u00e9nero, que vamos a llevar adelante durante el a\u00f1o desde el Municipio\u201d, hab\u00eda expresado Alonso.<br><\/p>\n<div class=\"sharedaddy sd-sharing-enabled\"><div class=\"robots-nocontent sd-block sd-social sd-social-icon sd-sharing\"><h3 class=\"sd-title\">Comparte esto:<\/h3><div class=\"sd-content\"><ul><li class=\"share-twitter\"><a rel=\"nofollow noopener noreferrer\" data-shared=\"sharing-twitter-18936\" class=\"share-twitter sd-button share-icon no-text\" href=\"http:\/\/www.rtvnoticias.com.ar\/?p=18936&amp;share=twitter\" target=\"_blank\" title=\"Haz clic para compartir en Twitter\"><span><\/span><span class=\"sharing-screen-reader-text\">Haz clic para compartir en Twitter (Se abre en una ventana nueva)<\/span><\/a><\/li><li class=\"share-facebook\"><a rel=\"nofollow noopener noreferrer\" data-shared=\"sharing-facebook-18936\" class=\"share-facebook sd-button share-icon no-text\" href=\"http:\/\/www.rtvnoticias.com.ar\/?p=18936&amp;share=facebook\" target=\"_blank\" title=\"Haz clic para compartir en Facebook\"><span><\/span><span class=\"sharing-screen-reader-text\">Haz clic para compartir en Facebook (Se abre en una ventana nueva)<\/span><\/a><\/li><li class=\"share-jetpack-whatsapp\"><a rel=\"nofollow noopener noreferrer\" data-shared=\"\" class=\"share-jetpack-whatsapp sd-button share-icon no-text\" href=\"http:\/\/www.rtvnoticias.com.ar\/?p=18936&amp;share=jetpack-whatsapp\" target=\"_blank\" title=\"Haz clic para compartir en WhatsApp\"><span><\/span><span class=\"sharing-screen-reader-text\">Haz clic para compartir en WhatsApp (Se abre en una ventana nueva)<\/span><\/a><\/li><li class=\"share-telegram\"><a rel=\"nofollow noopener noreferrer\" data-shared=\"\" class=\"share-telegram sd-button share-icon no-text\" href=\"http:\/\/www.rtvnoticias.com.ar\/?p=18936&amp;share=telegram\" target=\"_blank\" title=\"Haz clic para compartir en Telegram\"><span><\/span><span class=\"sharing-screen-reader-text\">Haz clic para compartir en Telegram (Se abre en una ventana nueva)<\/span><\/a><\/li><li class=\"share-end\"><\/li><\/ul><\/div><\/div><\/div>","protected":false},"excerpt":{"rendered":"<p>Se llev\u00f3 a cabo en la sala 1 de exposiciones del Centro Cultural Marac\u00f3, la introducci\u00f3n a la capacitaci\u00f3n de la Ley Micaela \u201cLa perspectiva<\/p>\n<div class=\"sharedaddy sd-sharing-enabled\"><div class=\"robots-nocontent sd-block sd-social sd-social-icon sd-sharing\"><h3 class=\"sd-title\">Comparte esto:<\/h3><div class=\"sd-content\"><ul><li class=\"share-twitter\"><a rel=\"nofollow noopener noreferrer\" data-shared=\"sharing-twitter-18936\" class=\"share-twitter sd-button share-icon no-text\" href=\"http:\/\/www.rtvnoticias.com.ar\/?p=18936&amp;share=twitter\" target=\"_blank\" title=\"Haz clic para compartir en Twitter\"><span><\/span><span class=\"sharing-screen-reader-text\">Haz clic para compartir en Twitter (Se abre en una ventana nueva)<\/span><\/a><\/li><li class=\"share-facebook\"><a rel=\"nofollow noopener noreferrer\" data-shared=\"sharing-facebook-18936\" class=\"share-facebook sd-button share-icon no-text\" href=\"http:\/\/www.rtvnoticias.com.ar\/?p=18936&amp;share=facebook\" target=\"_blank\" title=\"Haz clic para compartir en Facebook\"><span><\/span><span class=\"sharing-screen-reader-text\">Haz clic para compartir en Facebook (Se abre en una ventana nueva)<\/span><\/a><\/li><li class=\"share-jetpack-whatsapp\"><a rel=\"nofollow noopener noreferrer\" data-shared=\"\" class=\"share-jetpack-whatsapp sd-button share-icon no-text\" href=\"http:\/\/www.rtvnoticias.com.ar\/?p=18936&amp;share=jetpack-whatsapp\" target=\"_blank\" title=\"Haz clic para compartir en WhatsApp\"><span><\/span><span class=\"sharing-screen-reader-text\">Haz clic para compartir en WhatsApp (Se abre en una ventana nueva)<\/span><\/a><\/li><li class=\"share-telegram\"><a rel=\"nofollow noopener noreferrer\" data-shared=\"\" class=\"share-telegram sd-button share-icon no-text\" href=\"http:\/\/www.rtvnoticias.com.ar\/?p=18936&amp;share=telegram\" target=\"_blank\" title=\"Haz clic para compartir en Telegram\"><span><\/span><span class=\"sharing-screen-reader-text\">Haz clic para compartir en Telegram (Se abre en una ventana nueva)<\/span><\/a><\/li><li class=\"share-end\"><\/li><\/ul><\/div><\/div><\/div>","protected":false},"author":5,"featured_media":18937,"comment_status":"closed","ping_status":"closed","sticky":false,"template":"","format":"standard","meta":{"spay_email":"","jetpack_publicize_message":"","jetpack_is_tweetstorm":false,"jetpack_publicize_feature_enabled":true},"categories":[3],"tags":[3179],"jetpack_featured_media_url":"http:\/\/www.rtvnoticias.com.ar\/wp-content\/uploads\/2020\/03\/capacitaci\u00f3n-micaela.png","jetpack_publicize_connections":[],"jetpack_sharing_enabled":true,"_links":{"self":[{"href":"http:\/\/www.rtvnoticias.com.ar\/index.php?rest_route=\/wp\/v2\/posts\/18936"}],"collection":[{"href":"http:\/\/www.rtvnoticias.com.ar\/index.php?rest_route=\/wp\/v2\/posts"}],"about":[{"href":"http:\/\/www.rtvnoticias.com.ar\/index.php?rest_route=\/wp\/v2\/types\/post"}],"author":[{"embeddable":true,"href":"http:\/\/www.rtvnoticias.com.ar\/index.php?rest_route=\/wp\/v2\/users\/5"}],"replies":[{"embeddable":true,"href":"http:\/\/www.rtvnoticias.com.ar\/index.php?rest_route=%2Fwp%2Fv2%2Fcomments&post=18936"}],"version-history":[{"count":1,"href":"http:\/\/www.rtvnoticias.com.ar\/index.php?rest_route=\/wp\/v2\/posts\/18936\/revisions"}],"predecessor-version":[{"id":18938,"href":"http:\/\/www.rtvnoticias.com.ar\/index.php?rest_route=\/wp\/v2\/posts\/18936\/revisions\/18938"}],"wp:featuredmedia":[{"embeddable":true,"href":"http:\/\/www.rtvnoticias.com.ar\/index.php?rest_route=\/wp\/v2\/media\/18937"}],"wp:attachment":[{"href":"http:\/\/www.rtvnoticias.com.ar\/index.php?rest_route=%2Fwp%2Fv2%2Fmedia&parent=18936"}],"wp:term":[{"taxonomy":"category","embeddable":true,"href":"http:\/\/www.rtvnoticias.com.ar\/index.php?rest_route=%2Fwp%2Fv2%2Fcategories&post=18936"},{"taxonomy":"post_tag","embeddable":true,"href":"http:\/\/www.rtvnoticias.com.ar\/index.php?rest_route=%2Fwp%2Fv2%2Ftags&post=18936"}],"curies":[{"name":"wp","href":"https:\/\/api.w.org\/{rel}","templated":true}]}}