{"id":18940,"date":"2020-03-07T19:42:20","date_gmt":"2020-03-07T22:42:20","guid":{"rendered":"http:\/\/www.rtvnoticias.com.ar\/?p=18940"},"modified":"2020-03-07T19:47:35","modified_gmt":"2020-03-07T22:47:35","slug":"correcaminata-de-la-mujer-hoy-desde-las-18-horas","status":"publish","type":"post","link":"http:\/\/www.rtvnoticias.com.ar\/?p=18940","title":{"rendered":"\u00abCorrecaminata de la Mujer\u00bb hoy desde las 18 horas"},"content":{"rendered":"\n<p>Este domingo contin\u00faan las actividades, variadas entre opciones art\u00edsticas, culturales, comerciales y tambi\u00e9n deportivas. Ayer fueron m\u00faltiples las actividades por el D\u00eda de la Mujer y que tuvieron muy buena presencia de p\u00fablico.<\/p>\n\n\n\n<p>Desde las 16:30 las y los participantes de \u201cLa Correcaminata\u201d de la Mujer podr\u00e1n retirar sus n\u00fameros y remeras para lo que ser\u00e1 la largada a las 18 horas, desde la explanada municipal.&nbsp;<\/p>\n\n\n\n<p>Tambi\u00e9n estar\u00e1 presente formando parte de la jornada la Asociaci\u00f3n de Trabajadores de la Sanidad Argentina con una carpa donde llevar\u00e1n a cabo controles b\u00e1sicos de salud a quienes concurran al evento.<\/p>\n\n\n\n<p>Paralelamente, en Plaza San Mart\u00edn, desde las 17:00, comenzar\u00e1n las exposiciones de emprendedores en una nueva Feria enmarcada en el D\u00eda Internacional de la Mujer, por lo cual las emprendedoras ser\u00e1n el eje de la jornada.<\/p>\n\n\n\n<p>La actividad comercial estar\u00e1 organizada por la Direcci\u00f3n de Nuevas Econom\u00edas dependiente de la Secretar\u00eda de Desarrollo Social del municipio, y contar\u00e1 con alrededor de cien expositores. Entre&nbsp;los rubros que tienen m\u00e1s cantidad de expositores de destacan los vinculados a la bijouterie, plantas, y textil. Tambi\u00e9n se encontrar\u00e1n emprendedores&nbsp; que hacen trabajos en madera, en porcelana, cer\u00e1mica, vitro, y otros.<\/p>\n\n\n\n<p>Alrededor de las 19 horas, en el mismo sitio, se encontrar\u00e1 ubicado el escenario principal a cargo de la Direcci\u00f3n de Educaci\u00f3n y Cultura de la Secretar\u00eda de Gobierno, que contar\u00e1 con distintas presentaciones musicales.<\/p>\n\n\n\n<p>Se presentar\u00e1n entonces: Ensayo Libertario, Nani Mazzoky, Ballet Alma de la Tierra y Paola Garc\u00eda.<\/p>\n\n\n\n<p>Por otra parte, pero en la misma explanada municipal de Avenida San Mart\u00edn entre calles 9 y 11, se llevar\u00e1 a cabo el acto conmemorativo por el D\u00eda Internacional de la Mujer Trabajadora, visibilizando un paro internacional de mujeres.&nbsp;<\/p>\n\n\n\n<p>Dicha jornada es convocada por UTELPA, MUP_FOP, ATE, CEC, SOEM, CORPICO, CCC, UPCN, SECASFPI, el Concejo Deliberante y la Municipalidad de General Pico.&nbsp;<\/p>\n\n\n\n<p>Durante el desarrollo de este acto se efectuar\u00e1 la lectura de un documento y la proyecci\u00f3n de dos cortometrajes. Tambi\u00e9n estar\u00e1n realizando sus interpretaciones musicales Las Menganas y Tamboras del Viento. Adem\u00e1s, se repartir\u00e1n pa\u00f1uelos violetas que aportar\u00e1n a una foto conjunta entre todos los presentes con motivo de sellar y visibilizar el reclamo.<\/p>\n\n\n\n<p>A su vez, desde el espacio de G\u00e9nero y Diversidad del Colegio de Psic\u00f3logas y Psic\u00f3logos de La Pampa, en este #8M D\u00eda de las Mujeres Trabajadoras, sumar\u00e1n intervenciones y consultor\u00eda de informaci\u00f3n con perspectiva de g\u00e9nero.<\/p>\n<div class=\"sharedaddy sd-sharing-enabled\"><div class=\"robots-nocontent sd-block sd-social sd-social-icon sd-sharing\"><h3 class=\"sd-title\">Comparte esto:<\/h3><div class=\"sd-content\"><ul><li class=\"share-twitter\"><a rel=\"nofollow noopener noreferrer\" data-shared=\"sharing-twitter-18940\" class=\"share-twitter sd-button share-icon no-text\" href=\"http:\/\/www.rtvnoticias.com.ar\/?p=18940&amp;share=twitter\" target=\"_blank\" title=\"Haz clic para compartir en Twitter\"><span><\/span><span class=\"sharing-screen-reader-text\">Haz clic para compartir en Twitter (Se abre en una ventana nueva)<\/span><\/a><\/li><li class=\"share-facebook\"><a rel=\"nofollow noopener noreferrer\" data-shared=\"sharing-facebook-18940\" class=\"share-facebook sd-button share-icon no-text\" href=\"http:\/\/www.rtvnoticias.com.ar\/?p=18940&amp;share=facebook\" target=\"_blank\" title=\"Haz clic para compartir en Facebook\"><span><\/span><span class=\"sharing-screen-reader-text\">Haz clic para compartir en Facebook (Se abre en una ventana nueva)<\/span><\/a><\/li><li class=\"share-jetpack-whatsapp\"><a rel=\"nofollow noopener noreferrer\" data-shared=\"\" class=\"share-jetpack-whatsapp sd-button share-icon no-text\" href=\"http:\/\/www.rtvnoticias.com.ar\/?p=18940&amp;share=jetpack-whatsapp\" target=\"_blank\" title=\"Haz clic para compartir en WhatsApp\"><span><\/span><span class=\"sharing-screen-reader-text\">Haz clic para compartir en WhatsApp (Se abre en una ventana nueva)<\/span><\/a><\/li><li class=\"share-telegram\"><a rel=\"nofollow noopener noreferrer\" data-shared=\"\" class=\"share-telegram sd-button share-icon no-text\" href=\"http:\/\/www.rtvnoticias.com.ar\/?p=18940&amp;share=telegram\" target=\"_blank\" title=\"Haz clic para compartir en Telegram\"><span><\/span><span class=\"sharing-screen-reader-text\">Haz clic para compartir en Telegram (Se abre en una ventana nueva)<\/span><\/a><\/li><li class=\"share-end\"><\/li><\/ul><\/div><\/div><\/div>","protected":false},"excerpt":{"rendered":"<p>Este domingo contin\u00faan las actividades, variadas entre opciones art\u00edsticas, culturales, comerciales y tambi\u00e9n deportivas. Ayer fueron m\u00faltiples las actividades por el D\u00eda de la Mujer<\/p>\n<div class=\"sharedaddy sd-sharing-enabled\"><div class=\"robots-nocontent sd-block sd-social sd-social-icon sd-sharing\"><h3 class=\"sd-title\">Comparte esto:<\/h3><div class=\"sd-content\"><ul><li class=\"share-twitter\"><a rel=\"nofollow noopener noreferrer\" data-shared=\"sharing-twitter-18940\" class=\"share-twitter sd-button share-icon no-text\" href=\"http:\/\/www.rtvnoticias.com.ar\/?p=18940&amp;share=twitter\" target=\"_blank\" title=\"Haz clic para compartir en Twitter\"><span><\/span><span class=\"sharing-screen-reader-text\">Haz clic para compartir en Twitter (Se abre en una ventana nueva)<\/span><\/a><\/li><li class=\"share-facebook\"><a rel=\"nofollow noopener noreferrer\" data-shared=\"sharing-facebook-18940\" class=\"share-facebook sd-button share-icon no-text\" href=\"http:\/\/www.rtvnoticias.com.ar\/?p=18940&amp;share=facebook\" target=\"_blank\" title=\"Haz clic para compartir en Facebook\"><span><\/span><span class=\"sharing-screen-reader-text\">Haz clic para compartir en Facebook (Se abre en una ventana nueva)<\/span><\/a><\/li><li class=\"share-jetpack-whatsapp\"><a rel=\"nofollow noopener noreferrer\" data-shared=\"\" class=\"share-jetpack-whatsapp sd-button share-icon no-text\" href=\"http:\/\/www.rtvnoticias.com.ar\/?p=18940&amp;share=jetpack-whatsapp\" target=\"_blank\" title=\"Haz clic para compartir en WhatsApp\"><span><\/span><span class=\"sharing-screen-reader-text\">Haz clic para compartir en WhatsApp (Se abre en una ventana nueva)<\/span><\/a><\/li><li class=\"share-telegram\"><a rel=\"nofollow noopener noreferrer\" data-shared=\"\" class=\"share-telegram sd-button share-icon no-text\" href=\"http:\/\/www.rtvnoticias.com.ar\/?p=18940&amp;share=telegram\" target=\"_blank\" title=\"Haz clic para compartir en Telegram\"><span><\/span><span class=\"sharing-screen-reader-text\">Haz clic para compartir en Telegram (Se abre en una ventana nueva)<\/span><\/a><\/li><li class=\"share-end\"><\/li><\/ul><\/div><\/div><\/div>","protected":false},"author":5,"featured_media":18941,"comment_status":"closed","ping_status":"closed","sticky":false,"template":"","format":"standard","meta":{"spay_email":"","jetpack_publicize_message":"","jetpack_is_tweetstorm":false,"jetpack_publicize_feature_enabled":true},"categories":[3],"tags":[1835],"jetpack_featured_media_url":"http:\/\/www.rtvnoticias.com.ar\/wp-content\/uploads\/2020\/03\/carrera.jpg","jetpack_publicize_connections":[],"jetpack_sharing_enabled":true,"_links":{"self":[{"href":"http:\/\/www.rtvnoticias.com.ar\/index.php?rest_route=\/wp\/v2\/posts\/18940"}],"collection":[{"href":"http:\/\/www.rtvnoticias.com.ar\/index.php?rest_route=\/wp\/v2\/posts"}],"about":[{"href":"http:\/\/www.rtvnoticias.com.ar\/index.php?rest_route=\/wp\/v2\/types\/post"}],"author":[{"embeddable":true,"href":"http:\/\/www.rtvnoticias.com.ar\/index.php?rest_route=\/wp\/v2\/users\/5"}],"replies":[{"embeddable":true,"href":"http:\/\/www.rtvnoticias.com.ar\/index.php?rest_route=%2Fwp%2Fv2%2Fcomments&post=18940"}],"version-history":[{"count":1,"href":"http:\/\/www.rtvnoticias.com.ar\/index.php?rest_route=\/wp\/v2\/posts\/18940\/revisions"}],"predecessor-version":[{"id":18942,"href":"http:\/\/www.rtvnoticias.com.ar\/index.php?rest_route=\/wp\/v2\/posts\/18940\/revisions\/18942"}],"wp:featuredmedia":[{"embeddable":true,"href":"http:\/\/www.rtvnoticias.com.ar\/index.php?rest_route=\/wp\/v2\/media\/18941"}],"wp:attachment":[{"href":"http:\/\/www.rtvnoticias.com.ar\/index.php?rest_route=%2Fwp%2Fv2%2Fmedia&parent=18940"}],"wp:term":[{"taxonomy":"category","embeddable":true,"href":"http:\/\/www.rtvnoticias.com.ar\/index.php?rest_route=%2Fwp%2Fv2%2Fcategories&post=18940"},{"taxonomy":"post_tag","embeddable":true,"href":"http:\/\/www.rtvnoticias.com.ar\/index.php?rest_route=%2Fwp%2Fv2%2Ftags&post=18940"}],"curies":[{"name":"wp","href":"https:\/\/api.w.org\/{rel}","templated":true}]}}