{"id":19346,"date":"2020-03-24T00:25:40","date_gmt":"2020-03-24T03:25:40","guid":{"rendered":"http:\/\/www.rtvnoticias.com.ar\/?p=19346"},"modified":"2020-03-23T20:33:12","modified_gmt":"2020-03-23T23:33:12","slug":"los-supermercados-desde-manana-deben-abril-al-menor-por-13-horas-para-evitar-aglomeraciones","status":"publish","type":"post","link":"http:\/\/www.rtvnoticias.com.ar\/?p=19346","title":{"rendered":"Los supermercados desde ma\u00f1ana deben abrir al menor por 13 horas para evitar aglomeraciones"},"content":{"rendered":"\n<p>El gobernador Sergio Ziliotto, dispuso adherir a trav\u00e9s de un decreto provincial,\u00a0 a la resoluci\u00f3n de la Secretaria de Comercio Interior de la Naci\u00f3n por la cual se establece que los comercios habilitados como supermercados deber\u00e1n \u201cimplementar un horario de atenci\u00f3n al p\u00fablico de al menos trece horas diarias en funci\u00f3n de los flujos de la demanda y a fin de evitar la concentraci\u00f3n de clientes\u201d.\u00a0<\/p>\n\n\n\n<p>En La Pampa\u00a0 entrar\u00e1 en vigencia\u00a0 partir de las 0 del mi\u00e9rcoles 25 del corriente mes, de modo que los comercios tengan tiempo de organizar la nueva disposici\u00f3n horaria para su puesta en marcha.<\/p>\n\n\n\n<p>La resoluci\u00f3n de ampliaci\u00f3n del horario de atenci\u00f3n de los supermercados,\u00a0 no implica la modificaci\u00f3n del r\u00e9gimen laboral que rige la actividad de los empleados de comercio, por lo que ser\u00e1n las empresas las que deber\u00e1n resolver como dan cumplimiento a la norma sin afectar los derechos de los trabajadores. <\/p>\n\n\n\n<p>Cabe destacar que la medida se enmarca en el contexto de las impulsadas por el presidente Alberto Fern\u00e1ndez con motivo de la pandemia de coronavirus, a las que La Pampa ha adherido como forma de integrarse a las medidas generales dispuestas para acotar los efectos de la pandemia\u00a0 en el territorio nacional. <\/p>\n\n\n\n<p>En su articulado establece adem\u00e1s que los comercios dispongan de personal espec\u00edficamente destinado a controlar el acceso y evitar aglomeraciones en los locales de venta en funci\u00f3n de la superficie de los mismos, con el fin de mantener una relaci\u00f3n \u00f3ptima entre espacio y asistentes.<\/p>\n\n\n\n<p>La norma tambi\u00e9n precisa que se deben se\u00f1alizar los lugares de espera, de manera que sea posible mantener una distancia de un metro y medio entre los clientes, tanto en\u00a0 l\u00edneas de caja, como en los lugares donde los consumidores deban formar fila para esperar ser atendidos. <\/p>\n\n\n\n<p>Las medidas buscan mantener abiertos los comercios habilitados la mayor cantidad de horas para que la poblaci\u00f3n pueda abastecerse, priorizando la salud de los pampeanos con criterios de responsabilidad y distanciamiento social.<br><\/p>\n<div class=\"sharedaddy sd-sharing-enabled\"><div class=\"robots-nocontent sd-block sd-social sd-social-icon sd-sharing\"><h3 class=\"sd-title\">Comparte esto:<\/h3><div class=\"sd-content\"><ul><li class=\"share-twitter\"><a rel=\"nofollow noopener noreferrer\" data-shared=\"sharing-twitter-19346\" class=\"share-twitter sd-button share-icon no-text\" href=\"http:\/\/www.rtvnoticias.com.ar\/?p=19346&amp;share=twitter\" target=\"_blank\" title=\"Haz clic para compartir en Twitter\"><span><\/span><span class=\"sharing-screen-reader-text\">Haz clic para compartir en Twitter (Se abre en una ventana nueva)<\/span><\/a><\/li><li class=\"share-facebook\"><a rel=\"nofollow noopener noreferrer\" data-shared=\"sharing-facebook-19346\" class=\"share-facebook sd-button share-icon no-text\" href=\"http:\/\/www.rtvnoticias.com.ar\/?p=19346&amp;share=facebook\" target=\"_blank\" title=\"Haz clic para compartir en Facebook\"><span><\/span><span class=\"sharing-screen-reader-text\">Haz clic para compartir en Facebook (Se abre en una ventana nueva)<\/span><\/a><\/li><li class=\"share-jetpack-whatsapp\"><a rel=\"nofollow noopener noreferrer\" data-shared=\"\" class=\"share-jetpack-whatsapp sd-button share-icon no-text\" href=\"http:\/\/www.rtvnoticias.com.ar\/?p=19346&amp;share=jetpack-whatsapp\" target=\"_blank\" title=\"Haz clic para compartir en WhatsApp\"><span><\/span><span class=\"sharing-screen-reader-text\">Haz clic para compartir en WhatsApp (Se abre en una ventana nueva)<\/span><\/a><\/li><li class=\"share-telegram\"><a rel=\"nofollow noopener noreferrer\" data-shared=\"\" class=\"share-telegram sd-button share-icon no-text\" href=\"http:\/\/www.rtvnoticias.com.ar\/?p=19346&amp;share=telegram\" target=\"_blank\" title=\"Haz clic para compartir en Telegram\"><span><\/span><span class=\"sharing-screen-reader-text\">Haz clic para compartir en Telegram (Se abre en una ventana nueva)<\/span><\/a><\/li><li class=\"share-end\"><\/li><\/ul><\/div><\/div><\/div>","protected":false},"excerpt":{"rendered":"<p>El gobernador Sergio Ziliotto, dispuso adherir a trav\u00e9s de un decreto provincial,\u00a0 a la resoluci\u00f3n de la Secretaria de Comercio Interior de la Naci\u00f3n por<\/p>\n<div class=\"sharedaddy sd-sharing-enabled\"><div class=\"robots-nocontent sd-block sd-social sd-social-icon sd-sharing\"><h3 class=\"sd-title\">Comparte esto:<\/h3><div class=\"sd-content\"><ul><li class=\"share-twitter\"><a rel=\"nofollow noopener noreferrer\" data-shared=\"sharing-twitter-19346\" class=\"share-twitter sd-button share-icon no-text\" href=\"http:\/\/www.rtvnoticias.com.ar\/?p=19346&amp;share=twitter\" target=\"_blank\" title=\"Haz clic para compartir en Twitter\"><span><\/span><span class=\"sharing-screen-reader-text\">Haz clic para compartir en Twitter (Se abre en una ventana nueva)<\/span><\/a><\/li><li class=\"share-facebook\"><a rel=\"nofollow noopener noreferrer\" data-shared=\"sharing-facebook-19346\" class=\"share-facebook sd-button share-icon no-text\" href=\"http:\/\/www.rtvnoticias.com.ar\/?p=19346&amp;share=facebook\" target=\"_blank\" title=\"Haz clic para compartir en Facebook\"><span><\/span><span class=\"sharing-screen-reader-text\">Haz clic para compartir en Facebook (Se abre en una ventana nueva)<\/span><\/a><\/li><li class=\"share-jetpack-whatsapp\"><a rel=\"nofollow noopener noreferrer\" data-shared=\"\" class=\"share-jetpack-whatsapp sd-button share-icon no-text\" href=\"http:\/\/www.rtvnoticias.com.ar\/?p=19346&amp;share=jetpack-whatsapp\" target=\"_blank\" title=\"Haz clic para compartir en WhatsApp\"><span><\/span><span class=\"sharing-screen-reader-text\">Haz clic para compartir en WhatsApp (Se abre en una ventana nueva)<\/span><\/a><\/li><li class=\"share-telegram\"><a rel=\"nofollow noopener noreferrer\" data-shared=\"\" class=\"share-telegram sd-button share-icon no-text\" href=\"http:\/\/www.rtvnoticias.com.ar\/?p=19346&amp;share=telegram\" target=\"_blank\" title=\"Haz clic para compartir en Telegram\"><span><\/span><span class=\"sharing-screen-reader-text\">Haz clic para compartir en Telegram (Se abre en una ventana nueva)<\/span><\/a><\/li><li class=\"share-end\"><\/li><\/ul><\/div><\/div><\/div>","protected":false},"author":5,"featured_media":14507,"comment_status":"closed","ping_status":"closed","sticky":false,"template":"","format":"standard","meta":{"spay_email":"","jetpack_publicize_message":"","jetpack_is_tweetstorm":false,"jetpack_publicize_feature_enabled":true},"categories":[4],"tags":[3213],"jetpack_featured_media_url":"http:\/\/www.rtvnoticias.com.ar\/wp-content\/uploads\/2019\/08\/supermercado-estanterias.jpg","jetpack_publicize_connections":[],"jetpack_sharing_enabled":true,"_links":{"self":[{"href":"http:\/\/www.rtvnoticias.com.ar\/index.php?rest_route=\/wp\/v2\/posts\/19346"}],"collection":[{"href":"http:\/\/www.rtvnoticias.com.ar\/index.php?rest_route=\/wp\/v2\/posts"}],"about":[{"href":"http:\/\/www.rtvnoticias.com.ar\/index.php?rest_route=\/wp\/v2\/types\/post"}],"author":[{"embeddable":true,"href":"http:\/\/www.rtvnoticias.com.ar\/index.php?rest_route=\/wp\/v2\/users\/5"}],"replies":[{"embeddable":true,"href":"http:\/\/www.rtvnoticias.com.ar\/index.php?rest_route=%2Fwp%2Fv2%2Fcomments&post=19346"}],"version-history":[{"count":2,"href":"http:\/\/www.rtvnoticias.com.ar\/index.php?rest_route=\/wp\/v2\/posts\/19346\/revisions"}],"predecessor-version":[{"id":19348,"href":"http:\/\/www.rtvnoticias.com.ar\/index.php?rest_route=\/wp\/v2\/posts\/19346\/revisions\/19348"}],"wp:featuredmedia":[{"embeddable":true,"href":"http:\/\/www.rtvnoticias.com.ar\/index.php?rest_route=\/wp\/v2\/media\/14507"}],"wp:attachment":[{"href":"http:\/\/www.rtvnoticias.com.ar\/index.php?rest_route=%2Fwp%2Fv2%2Fmedia&parent=19346"}],"wp:term":[{"taxonomy":"category","embeddable":true,"href":"http:\/\/www.rtvnoticias.com.ar\/index.php?rest_route=%2Fwp%2Fv2%2Fcategories&post=19346"},{"taxonomy":"post_tag","embeddable":true,"href":"http:\/\/www.rtvnoticias.com.ar\/index.php?rest_route=%2Fwp%2Fv2%2Ftags&post=19346"}],"curies":[{"name":"wp","href":"https:\/\/api.w.org\/{rel}","templated":true}]}}