{"id":19358,"date":"2020-03-24T18:12:07","date_gmt":"2020-03-24T21:12:07","guid":{"rendered":"http:\/\/www.rtvnoticias.com.ar\/?p=19358"},"modified":"2020-03-24T18:12:13","modified_gmt":"2020-03-24T21:12:13","slug":"murio-un-juez-de-chaco-por-coronavirus-y-se-convirtio-en-la-sexta-victima-fatal-en-el-pais","status":"publish","type":"post","link":"http:\/\/www.rtvnoticias.com.ar\/?p=19358","title":{"rendered":"Muri\u00f3 un juez de Chaco por coronavirus y se convirti\u00f3 en la sexta v\u00edctima fatal en el pa\u00eds"},"content":{"rendered":"\n<p style=\"text-align:center\" class=\"has-text-color has-background has-very-light-gray-color has-vivid-red-background-color\"><strong>El hombre que viv\u00eda en la provincia del noreste era abogado, ten\u00eda 53 a\u00f1os y no presentaba enfermedades previas antes del contagio.<\/strong><br><\/p>\n\n\n\n<p>Este mediod\u00eda, en el Sanatorio Femechaco de Resistencia, se confirm\u00f3 la sexta muerte por coronavirus en Argentina. Seg\u00fan confirmaron las autoridades, se trat\u00f3 de \u201cun paciente que ingres\u00f3 el s\u00e1bado 7 de marzo a las 20 horas\u201d. Se llamaba Guido Ariel Benvenutti, ten\u00eda 53 a\u00f1os y era juez en la provincia de Chaco.<\/p>\n\n\n\n<p>\u201cTuvo contagio directo con una mujer que lleg\u00f3 de Espa\u00f1a y ten\u00eda positivo para el COVID-19. Los s\u00edntomas comenzaron entre el 7 y 8 de marzo. El m\u00e9dico que lo atendi\u00f3 descart\u00f3 dengue y le aconsejaron que se internara en una cl\u00ednica. Hizo caso omiso y a las 48 horas fue a una guardia, lo volvieron a evaluar, y como no ten\u00edan cama para internarlo lo derivaron al Femechaco. Lleg\u00f3 con un cuadro t\u00f3xico de insuficiencia respiratoria\u201d, confirmaron desde el sanatorio. Entre sus s\u00edntomas primarios, comenz\u00f3 con fiebre, malestar general, cefalea, dolor abdominal e inyecci\u00f3n conjuntival.<\/p>\n\n\n\n<p>\u201cCon hondo pesar comunicamos el fallecimiento de Guido Ariel Benvenutti, ex docente de m\u00fasica de AMICI\u201d, publicaron desde Instituto Educativo Biling\u00fce Amici-UEP N\u00ba 41, en donde Benvenutti dictaba clases. Tambi\u00e9n lo hizo El C\u00edrculo Trentino de Resistencia, quien comunic\u00f3 \u201ccon mucho pesar, el fallecimiento de Guido Ariel Benvenutti, socio y colaborador incondicional con nuestra instituci\u00f3n\u201d.<\/p>\n\n\n\n<p>En un comunicado oficial, el Ministerio de Salud P\u00fablica del Chaco inform\u00f3 el deceso de Benvenutti. \u201cEl hombre, residente de la capital del Chaco, contrajo la infecci\u00f3n de una paciente que fue anteriormente confirmada con el diagn\u00f3stico de coronavirus. La persona, que no contaba antecedentes de otras comorbilidades, comenz\u00f3 el 11 de marzo con s\u00edntomas de malestar general, cefalea, dolor abdominal, fiebre alta, odinofagia (dolor de garganta). El 14 de marzo se agravaron los s\u00edntomas y comenz\u00f3 con dificultad respiratoria. Desde entonces estuvo internado y recibi\u00f3 atenci\u00f3n en la misma instituci\u00f3n hasta su fallecimiento\u201d, expresaron.<\/p>\n\n\n\n<p>En las redes, sus amigos lo recordaron por sus trabajos como juez de Paz de la Ciudad de Chorotis, en el Poder Judicial de Chaco y en el en el Ministerio de Educaci\u00f3n Cultura Ciencia y Tecnolog\u00eda. Era profesor de m\u00fasica, tocaba varios instrumentos y era tenor bar\u00edtono. \u201cIntegr\u00f3 varios grupos musicales locales fue donde compartimos viajes giras y dem\u00e1s\u201d, record\u00f3 Alejandro, amigo de Benvenutti.<\/p>\n\n\n\n<p>El fallecimiento de Benvenutti sucedi\u00f3 a la de otro paciente marplatense, quien durante la ma\u00f1ana hab\u00eda sido confirmado como la quinta v\u00edctima del COVID-19 en Argentina. Era un hombre de 71 a\u00f1os, que hab\u00eda viajado a Espa\u00f1a y estaba internado en grave estado desde hace dos semanas en la cl\u00ednica privada 25 de Mayo de Mar del Plata.<\/p>\n\n\n\n<p>Seg\u00fan el parte oficial de la cl\u00ednica, el paciente, Federico Jose Bensadon, \u201ccursaba 14\u00b0 d\u00eda de internaci\u00f3n, 12\u00b0 d\u00eda de asistencia respiratoria en Unidad de Terapia Intensiva, en contexto de distr\u00e9s respiratorio secundario a neumon\u00eda bilateral por COVID 19\u201d. Tambi\u00e9n, las autoridades sanitarias se\u00f1alaron que en las \u00faltimas horas present\u00f3 un cuadro de fiebre persistente y una falla org\u00e1nica m\u00faltiple, \u201csin respuesta a medidas terap\u00e9uticas instituidas\u201d.<\/p>\n\n\n\n<p>El 13 de marzo, C\u00e9sar Luis Cotichelli, tambi\u00e9n chaque\u00f1o e ingeniero de 61 a\u00f1os, se hab\u00eda convertido en la segunda v\u00edctima del pa\u00eds. Padre de cuatro hijos, hab\u00eda viajado por Europa -Alemania, Egipto y Turqu\u00eda- a mediados de febrero. A su vuelta, tras algunos d\u00edas sin s\u00edntomas, comenz\u00f3 a sentirse mal y fue su ex mujer quien lo llev\u00f3 al Sanatorio Femechaco, en donde permaneci\u00f3 internado hasta el mediod\u00eda de aquel viernes, cuando se confirm\u00f3 su muerte.<\/p>\n\n\n\n<p>La Argentina registr\u00f3 su primer caso positivo de coronavirus el 3 de marzo. A partir de ese momento empez\u00f3 a adoptar diversas medidas para evitar la propagaci\u00f3n del virus hasta llegar a la cuarentena total, dictada por el presidente Alberto Fern\u00e1ndez el jueves 19 de marzo. Est\u00e1n cerradas las fronteras, se suspendieron las clases y la ciudadan\u00eda s\u00f3lo puede salir de sus casas para ir a comprar comida o insumos m\u00e9dicos.<\/p>\n\n\n\n<p>De acuerdo el \u00faltimo parte del Ministerio de Salud, el total de casos confirmados en Argentina es de 301. Ayer fueron confirmados 36 nuevos casos de COVID-19: 11 en la Ciudad Aut\u00f3noma de Buenos Aires, 5 en Provincia de Buenos Aires, 13 en Santa Fe, 3 en C\u00f3rdoba y 4 en Chaco.<\/p>\n\n\n\n<p>De los 36 casos, 17 corresponden a personas con antecedente de viaje a zonas con transmisi\u00f3n comunitaria, mientras que 5 son contactos estrechos de casos confirmados, 14 se encuentran en investigaci\u00f3n para determinar el antecedente epidemiol\u00f3gico.<\/p>\n\n\n\n<p>Fuente: Infobae<\/p>\n<div class=\"sharedaddy sd-sharing-enabled\"><div class=\"robots-nocontent sd-block sd-social sd-social-icon sd-sharing\"><h3 class=\"sd-title\">Comparte esto:<\/h3><div class=\"sd-content\"><ul><li class=\"share-twitter\"><a rel=\"nofollow noopener noreferrer\" data-shared=\"sharing-twitter-19358\" class=\"share-twitter sd-button share-icon no-text\" href=\"http:\/\/www.rtvnoticias.com.ar\/?p=19358&amp;share=twitter\" target=\"_blank\" title=\"Haz clic para compartir en Twitter\"><span><\/span><span class=\"sharing-screen-reader-text\">Haz clic para compartir en Twitter (Se abre en una ventana nueva)<\/span><\/a><\/li><li class=\"share-facebook\"><a rel=\"nofollow noopener noreferrer\" data-shared=\"sharing-facebook-19358\" class=\"share-facebook sd-button share-icon no-text\" href=\"http:\/\/www.rtvnoticias.com.ar\/?p=19358&amp;share=facebook\" target=\"_blank\" title=\"Haz clic para compartir en Facebook\"><span><\/span><span class=\"sharing-screen-reader-text\">Haz clic para compartir en Facebook (Se abre en una ventana nueva)<\/span><\/a><\/li><li class=\"share-jetpack-whatsapp\"><a rel=\"nofollow noopener noreferrer\" data-shared=\"\" class=\"share-jetpack-whatsapp sd-button share-icon no-text\" href=\"http:\/\/www.rtvnoticias.com.ar\/?p=19358&amp;share=jetpack-whatsapp\" target=\"_blank\" title=\"Haz clic para compartir en WhatsApp\"><span><\/span><span class=\"sharing-screen-reader-text\">Haz clic para compartir en WhatsApp (Se abre en una ventana nueva)<\/span><\/a><\/li><li class=\"share-telegram\"><a rel=\"nofollow noopener noreferrer\" data-shared=\"\" class=\"share-telegram sd-button share-icon no-text\" href=\"http:\/\/www.rtvnoticias.com.ar\/?p=19358&amp;share=telegram\" target=\"_blank\" title=\"Haz clic para compartir en Telegram\"><span><\/span><span class=\"sharing-screen-reader-text\">Haz clic para compartir en Telegram (Se abre en una ventana nueva)<\/span><\/a><\/li><li class=\"share-end\"><\/li><\/ul><\/div><\/div><\/div>","protected":false},"excerpt":{"rendered":"<p>El hombre que viv\u00eda en la provincia del noreste era abogado, ten\u00eda 53 a\u00f1os y no presentaba enfermedades previas antes del contagio. Este mediod\u00eda, en<\/p>\n<div class=\"sharedaddy sd-sharing-enabled\"><div class=\"robots-nocontent sd-block sd-social sd-social-icon sd-sharing\"><h3 class=\"sd-title\">Comparte esto:<\/h3><div class=\"sd-content\"><ul><li class=\"share-twitter\"><a rel=\"nofollow noopener noreferrer\" data-shared=\"sharing-twitter-19358\" class=\"share-twitter sd-button share-icon no-text\" href=\"http:\/\/www.rtvnoticias.com.ar\/?p=19358&amp;share=twitter\" target=\"_blank\" title=\"Haz clic para compartir en Twitter\"><span><\/span><span class=\"sharing-screen-reader-text\">Haz clic para compartir en Twitter (Se abre en una ventana nueva)<\/span><\/a><\/li><li class=\"share-facebook\"><a rel=\"nofollow noopener noreferrer\" data-shared=\"sharing-facebook-19358\" class=\"share-facebook sd-button share-icon no-text\" href=\"http:\/\/www.rtvnoticias.com.ar\/?p=19358&amp;share=facebook\" target=\"_blank\" title=\"Haz clic para compartir en Facebook\"><span><\/span><span class=\"sharing-screen-reader-text\">Haz clic para compartir en Facebook (Se abre en una ventana nueva)<\/span><\/a><\/li><li class=\"share-jetpack-whatsapp\"><a rel=\"nofollow noopener noreferrer\" data-shared=\"\" class=\"share-jetpack-whatsapp sd-button share-icon no-text\" href=\"http:\/\/www.rtvnoticias.com.ar\/?p=19358&amp;share=jetpack-whatsapp\" target=\"_blank\" title=\"Haz clic para compartir en WhatsApp\"><span><\/span><span class=\"sharing-screen-reader-text\">Haz clic para compartir en WhatsApp (Se abre en una ventana nueva)<\/span><\/a><\/li><li class=\"share-telegram\"><a rel=\"nofollow noopener noreferrer\" data-shared=\"\" class=\"share-telegram sd-button share-icon no-text\" href=\"http:\/\/www.rtvnoticias.com.ar\/?p=19358&amp;share=telegram\" target=\"_blank\" title=\"Haz clic para compartir en Telegram\"><span><\/span><span class=\"sharing-screen-reader-text\">Haz clic para compartir en Telegram (Se abre en una ventana nueva)<\/span><\/a><\/li><li class=\"share-end\"><\/li><\/ul><\/div><\/div><\/div>","protected":false},"author":7,"featured_media":19368,"comment_status":"closed","ping_status":"closed","sticky":false,"template":"","format":"standard","meta":{"spay_email":"","jetpack_publicize_message":"","jetpack_is_tweetstorm":false,"jetpack_publicize_feature_enabled":true},"categories":[5],"tags":[],"jetpack_featured_media_url":"http:\/\/www.rtvnoticias.com.ar\/wp-content\/uploads\/2020\/03\/muerto-coronavirus.jpg","jetpack_publicize_connections":[],"jetpack_sharing_enabled":true,"_links":{"self":[{"href":"http:\/\/www.rtvnoticias.com.ar\/index.php?rest_route=\/wp\/v2\/posts\/19358"}],"collection":[{"href":"http:\/\/www.rtvnoticias.com.ar\/index.php?rest_route=\/wp\/v2\/posts"}],"about":[{"href":"http:\/\/www.rtvnoticias.com.ar\/index.php?rest_route=\/wp\/v2\/types\/post"}],"author":[{"embeddable":true,"href":"http:\/\/www.rtvnoticias.com.ar\/index.php?rest_route=\/wp\/v2\/users\/7"}],"replies":[{"embeddable":true,"href":"http:\/\/www.rtvnoticias.com.ar\/index.php?rest_route=%2Fwp%2Fv2%2Fcomments&post=19358"}],"version-history":[{"count":1,"href":"http:\/\/www.rtvnoticias.com.ar\/index.php?rest_route=\/wp\/v2\/posts\/19358\/revisions"}],"predecessor-version":[{"id":19369,"href":"http:\/\/www.rtvnoticias.com.ar\/index.php?rest_route=\/wp\/v2\/posts\/19358\/revisions\/19369"}],"wp:featuredmedia":[{"embeddable":true,"href":"http:\/\/www.rtvnoticias.com.ar\/index.php?rest_route=\/wp\/v2\/media\/19368"}],"wp:attachment":[{"href":"http:\/\/www.rtvnoticias.com.ar\/index.php?rest_route=%2Fwp%2Fv2%2Fmedia&parent=19358"}],"wp:term":[{"taxonomy":"category","embeddable":true,"href":"http:\/\/www.rtvnoticias.com.ar\/index.php?rest_route=%2Fwp%2Fv2%2Fcategories&post=19358"},{"taxonomy":"post_tag","embeddable":true,"href":"http:\/\/www.rtvnoticias.com.ar\/index.php?rest_route=%2Fwp%2Fv2%2Ftags&post=19358"}],"curies":[{"name":"wp","href":"https:\/\/api.w.org\/{rel}","templated":true}]}}