{"id":19363,"date":"2020-03-24T12:56:16","date_gmt":"2020-03-24T15:56:16","guid":{"rendered":"http:\/\/www.rtvnoticias.com.ar\/?p=19363"},"modified":"2020-03-24T12:56:41","modified_gmt":"2020-03-24T15:56:41","slug":"quinto-muerto-por-coronavirus-viajo-a-espana-y-estaba-internado-en-mar-del-plata","status":"publish","type":"post","link":"http:\/\/www.rtvnoticias.com.ar\/?p=19363","title":{"rendered":"Quinto muerto por coronavirus. Viaj\u00f3 a Espa\u00f1a y estaba internado en Mar del Plata"},"content":{"rendered":"\n<p>Un hombre de 71 a\u00f1os, que hab\u00eda viajado a Espa\u00f1a y estaba internado en grave estado desde hace dos semanas en la cl\u00ednica privada 25 de Mayo de Mar del Plata, muri\u00f3 y se convirti\u00f3 en la quinta v\u00edctima fatal por coronavirus en el pa\u00eds, seg\u00fan confirmaron a\u00a0Infobae<strong>\u00a0<\/strong>fuentes de la gobernaci\u00f3n bonaerense.<\/p>\n\n\n\n<p>El paciente hab\u00eda arribado al establecimiento el pasado 9 de marzo, directamente a su regreso de Espa\u00f1a, con una neumon\u00eda bilateral, y se activaron todos los protocolos sanitarios. Seg\u00fan el infect\u00f3logo Gonzalo Corral, uno de los especialistas que lo atendi\u00f3, ingres\u00f3 con un cuadro grave previo a la confirmaci\u00f3n del test positivo de Covid-19.<\/p>\n\n\n\n<p>Al momento de la internaci\u00f3n, la secretaria de Salud de Mar del Plata, Viviana Bernabei, dijo que el hombre hab\u00eda ingresado al pa\u00eds por el aeropuerto internacional de Ezeiza, procedente de Espa\u00f1a, con una sintomatolog\u00eda compatible con el Covid-19 en el avi\u00f3n, y se dirigi\u00f3 de manera directa a la cl\u00ednica 25 de Mayo en un micro, por lo que las autoridades debieron identificar y ubicar a los dem\u00e1s pasajeros que compartieron el viaje con \u00e9l en el avi\u00f3n y en el vech\u00edculo que lo traslad\u00f3 hacia Mar del Plata.<\/p>\n\n\n\n<p>La funcionaria explic\u00f3, en ese momento, que un amigo del paciente lo fue a buscar a la terminal de la empresa Manuel Tienda Le\u00f3n y directamente lo llev\u00f3 a la cl\u00ednica, por lo que en ning\u00fan momento estuvo en su casa.<\/p>\n\n\n\n<p>Los m\u00e9dicos del centro le tomaron las muestras el mi\u00e9rcoles 11 de marzo y las enviaron a Buenos Aires. Tras ser analizadas en el Instituto Malbr\u00e1n, se confirm\u00f3 que su caso era positivo. De esta manera, se convert\u00eda en el primer infectado que ten\u00eda la ciudad balnearia.<\/p>\n<div class=\"sharedaddy sd-sharing-enabled\"><div class=\"robots-nocontent sd-block sd-social sd-social-icon sd-sharing\"><h3 class=\"sd-title\">Comparte esto:<\/h3><div class=\"sd-content\"><ul><li class=\"share-twitter\"><a rel=\"nofollow noopener noreferrer\" data-shared=\"sharing-twitter-19363\" class=\"share-twitter sd-button share-icon no-text\" href=\"http:\/\/www.rtvnoticias.com.ar\/?p=19363&amp;share=twitter\" target=\"_blank\" title=\"Haz clic para compartir en Twitter\"><span><\/span><span class=\"sharing-screen-reader-text\">Haz clic para compartir en Twitter (Se abre en una ventana nueva)<\/span><\/a><\/li><li class=\"share-facebook\"><a rel=\"nofollow noopener noreferrer\" data-shared=\"sharing-facebook-19363\" class=\"share-facebook sd-button share-icon no-text\" href=\"http:\/\/www.rtvnoticias.com.ar\/?p=19363&amp;share=facebook\" target=\"_blank\" title=\"Haz clic para compartir en Facebook\"><span><\/span><span class=\"sharing-screen-reader-text\">Haz clic para compartir en Facebook (Se abre en una ventana nueva)<\/span><\/a><\/li><li class=\"share-jetpack-whatsapp\"><a rel=\"nofollow noopener noreferrer\" data-shared=\"\" class=\"share-jetpack-whatsapp sd-button share-icon no-text\" href=\"http:\/\/www.rtvnoticias.com.ar\/?p=19363&amp;share=jetpack-whatsapp\" target=\"_blank\" title=\"Haz clic para compartir en WhatsApp\"><span><\/span><span class=\"sharing-screen-reader-text\">Haz clic para compartir en WhatsApp (Se abre en una ventana nueva)<\/span><\/a><\/li><li class=\"share-telegram\"><a rel=\"nofollow noopener noreferrer\" data-shared=\"\" class=\"share-telegram sd-button share-icon no-text\" href=\"http:\/\/www.rtvnoticias.com.ar\/?p=19363&amp;share=telegram\" target=\"_blank\" title=\"Haz clic para compartir en Telegram\"><span><\/span><span class=\"sharing-screen-reader-text\">Haz clic para compartir en Telegram (Se abre en una ventana nueva)<\/span><\/a><\/li><li class=\"share-end\"><\/li><\/ul><\/div><\/div><\/div>","protected":false},"excerpt":{"rendered":"<p>Un hombre de 71 a\u00f1os, que hab\u00eda viajado a Espa\u00f1a y estaba internado en grave estado desde hace dos semanas en la cl\u00ednica privada 25<\/p>\n<div class=\"sharedaddy sd-sharing-enabled\"><div class=\"robots-nocontent sd-block sd-social sd-social-icon sd-sharing\"><h3 class=\"sd-title\">Comparte esto:<\/h3><div class=\"sd-content\"><ul><li class=\"share-twitter\"><a rel=\"nofollow noopener noreferrer\" data-shared=\"sharing-twitter-19363\" class=\"share-twitter sd-button share-icon no-text\" href=\"http:\/\/www.rtvnoticias.com.ar\/?p=19363&amp;share=twitter\" target=\"_blank\" title=\"Haz clic para compartir en Twitter\"><span><\/span><span class=\"sharing-screen-reader-text\">Haz clic para compartir en Twitter (Se abre en una ventana nueva)<\/span><\/a><\/li><li class=\"share-facebook\"><a rel=\"nofollow noopener noreferrer\" data-shared=\"sharing-facebook-19363\" class=\"share-facebook sd-button share-icon no-text\" href=\"http:\/\/www.rtvnoticias.com.ar\/?p=19363&amp;share=facebook\" target=\"_blank\" title=\"Haz clic para compartir en Facebook\"><span><\/span><span class=\"sharing-screen-reader-text\">Haz clic para compartir en Facebook (Se abre en una ventana nueva)<\/span><\/a><\/li><li class=\"share-jetpack-whatsapp\"><a rel=\"nofollow noopener noreferrer\" data-shared=\"\" class=\"share-jetpack-whatsapp sd-button share-icon no-text\" href=\"http:\/\/www.rtvnoticias.com.ar\/?p=19363&amp;share=jetpack-whatsapp\" target=\"_blank\" title=\"Haz clic para compartir en WhatsApp\"><span><\/span><span class=\"sharing-screen-reader-text\">Haz clic para compartir en WhatsApp (Se abre en una ventana nueva)<\/span><\/a><\/li><li class=\"share-telegram\"><a rel=\"nofollow noopener noreferrer\" data-shared=\"\" class=\"share-telegram sd-button share-icon no-text\" href=\"http:\/\/www.rtvnoticias.com.ar\/?p=19363&amp;share=telegram\" target=\"_blank\" title=\"Haz clic para compartir en Telegram\"><span><\/span><span class=\"sharing-screen-reader-text\">Haz clic para compartir en Telegram (Se abre en una ventana nueva)<\/span><\/a><\/li><li class=\"share-end\"><\/li><\/ul><\/div><\/div><\/div>","protected":false},"author":5,"featured_media":0,"comment_status":"closed","ping_status":"closed","sticky":false,"template":"","format":"standard","meta":{"spay_email":"","jetpack_publicize_message":"","jetpack_is_tweetstorm":false,"jetpack_publicize_feature_enabled":true},"categories":[1],"tags":[],"jetpack_featured_media_url":"","jetpack_publicize_connections":[],"jetpack_sharing_enabled":true,"_links":{"self":[{"href":"http:\/\/www.rtvnoticias.com.ar\/index.php?rest_route=\/wp\/v2\/posts\/19363"}],"collection":[{"href":"http:\/\/www.rtvnoticias.com.ar\/index.php?rest_route=\/wp\/v2\/posts"}],"about":[{"href":"http:\/\/www.rtvnoticias.com.ar\/index.php?rest_route=\/wp\/v2\/types\/post"}],"author":[{"embeddable":true,"href":"http:\/\/www.rtvnoticias.com.ar\/index.php?rest_route=\/wp\/v2\/users\/5"}],"replies":[{"embeddable":true,"href":"http:\/\/www.rtvnoticias.com.ar\/index.php?rest_route=%2Fwp%2Fv2%2Fcomments&post=19363"}],"version-history":[{"count":1,"href":"http:\/\/www.rtvnoticias.com.ar\/index.php?rest_route=\/wp\/v2\/posts\/19363\/revisions"}],"predecessor-version":[{"id":19364,"href":"http:\/\/www.rtvnoticias.com.ar\/index.php?rest_route=\/wp\/v2\/posts\/19363\/revisions\/19364"}],"wp:attachment":[{"href":"http:\/\/www.rtvnoticias.com.ar\/index.php?rest_route=%2Fwp%2Fv2%2Fmedia&parent=19363"}],"wp:term":[{"taxonomy":"category","embeddable":true,"href":"http:\/\/www.rtvnoticias.com.ar\/index.php?rest_route=%2Fwp%2Fv2%2Fcategories&post=19363"},{"taxonomy":"post_tag","embeddable":true,"href":"http:\/\/www.rtvnoticias.com.ar\/index.php?rest_route=%2Fwp%2Fv2%2Ftags&post=19363"}],"curies":[{"name":"wp","href":"https:\/\/api.w.org\/{rel}","templated":true}]}}