{"id":19687,"date":"2020-04-06T20:56:46","date_gmt":"2020-04-06T23:56:46","guid":{"rendered":"http:\/\/www.rtvnoticias.com.ar\/?p=19687"},"modified":"2020-04-06T20:57:55","modified_gmt":"2020-04-06T23:57:55","slug":"creditos-a-tasa-cero-y-un-plazo-de-12-meses-para-quienes-abonan-salarios-en-el-banco-de-la-pampa","status":"publish","type":"post","link":"http:\/\/www.rtvnoticias.com.ar\/?p=19687","title":{"rendered":"Cr\u00e9ditos a tasa cero y un plazo de 12 meses para quienes abonan salarios en el Banco de La Pampa"},"content":{"rendered":"\n<p>El gobernador Sergio Ziliotto anunci\u00f3 que las peque\u00f1as y medianas empresas de La Pampa, que pagan sus salarios a trav\u00e9s del Banco de La Pampa, podr\u00e1n disponer de un cr\u00e9dito a tasa cero, a 12 meses y con tres de gracia, por el monto total de los salarios que mensualmente abona a su personal. La l\u00ednea de cr\u00e9dito anunciada es de unos mil millones de pesos.<\/p>\n\n\n\n<p>En el marco de las medidas para paliar los efectos econ\u00f3micos de la pandemia de coronavirus, el gobernador Sergio Ziliotto hizo estos anuncios en una rueda de prensa en la tarde de este lunes.<\/p>\n\n\n\n<p>\u201cQueremos garantizar la sustentabilidad del comercio, pero tambi\u00e9n garantizar que el empleado cobre\u201d, asegur\u00f3 el primer mandatario, qui\u00e9n estuvo acompa\u00f1ado por el ministro de Hacienda de la provincia Ernesto Franco y el presidente del Directorio del  Banco de La Pampa Alexis Iviglia.<\/p>\n\n\n\n<p>Pidi\u00f3 que<strong>\u00a0<\/strong>los bancos privados nacionales se sumen a entregar cr\u00e9ditos a tasa cero, ya que asegur\u00f3 que \u00abdemasiadas ganancias tuvieron hasta el a\u00f1o pasado, cuando la timba financiera era moneda corriente\u00bb.<\/p>\n\n\n\n<p>Se\u00f1al\u00f3 que el Banco de La Pampa \u00abno se esconde como lo hizo la mayor\u00eda del sistema financiero\u00bb e inst\u00f3 a que la banca privada se sume a acompa\u00f1ar la decisi\u00f3n de la entidad provincial.<\/p>\n\n\n\n<p> DETALLES DE LA OPERATORIA<\/p>\n\n\n\n<p>El presidente del Banco de La Pampa, Alexis Iviglia,\u00a0 dijo que en cuanto se abran las puertas de la entidad, posiblemente el 13 de abril pr\u00f3ximo, se pondr\u00e1 a disposici\u00f3n de los clientes la l\u00ednea de cr\u00e9dito.<\/p>\n\n\n\n<p>Se\u00f1al\u00f3 que la misma ser\u00e1 a \u00abdoce meses de plazo, con tres de gracia y a tasa cero. El monto para cada empresa depender\u00e1 de la n\u00f3mina que trabaja con el Banco y no solo incluye los salarios brutos de los trabajadores sino tambi\u00e9n las contribuciones patronales\u00bb.<\/p>\n\n\n\n<p>Indic\u00f3 que \u201cuna vez que pase esta situaci\u00f3n\u00a0 provocada por el coronavirus y a pedido del gobernador, estamos pensando otras acciones que nos permitir\u00e1n contribuir a la reactivaci\u00f3n del comercio en la Provincia\u00bb.<br><br><\/p>\n\n\n\n<p><\/p>\n\n\n\n<hr class=\"wp-block-separator\"\/>\n\n\n\n<p><\/p>\n<div class=\"sharedaddy sd-sharing-enabled\"><div class=\"robots-nocontent sd-block sd-social sd-social-icon sd-sharing\"><h3 class=\"sd-title\">Comparte esto:<\/h3><div class=\"sd-content\"><ul><li class=\"share-twitter\"><a rel=\"nofollow noopener noreferrer\" data-shared=\"sharing-twitter-19687\" class=\"share-twitter sd-button share-icon no-text\" href=\"http:\/\/www.rtvnoticias.com.ar\/?p=19687&amp;share=twitter\" target=\"_blank\" title=\"Haz clic para compartir en Twitter\"><span><\/span><span class=\"sharing-screen-reader-text\">Haz clic para compartir en Twitter (Se abre en una ventana nueva)<\/span><\/a><\/li><li class=\"share-facebook\"><a rel=\"nofollow noopener noreferrer\" data-shared=\"sharing-facebook-19687\" class=\"share-facebook sd-button share-icon no-text\" href=\"http:\/\/www.rtvnoticias.com.ar\/?p=19687&amp;share=facebook\" target=\"_blank\" title=\"Haz clic para compartir en Facebook\"><span><\/span><span class=\"sharing-screen-reader-text\">Haz clic para compartir en Facebook (Se abre en una ventana nueva)<\/span><\/a><\/li><li class=\"share-jetpack-whatsapp\"><a rel=\"nofollow noopener noreferrer\" data-shared=\"\" class=\"share-jetpack-whatsapp sd-button share-icon no-text\" href=\"http:\/\/www.rtvnoticias.com.ar\/?p=19687&amp;share=jetpack-whatsapp\" target=\"_blank\" title=\"Haz clic para compartir en WhatsApp\"><span><\/span><span class=\"sharing-screen-reader-text\">Haz clic para compartir en WhatsApp (Se abre en una ventana nueva)<\/span><\/a><\/li><li class=\"share-telegram\"><a rel=\"nofollow noopener noreferrer\" data-shared=\"\" class=\"share-telegram sd-button share-icon no-text\" href=\"http:\/\/www.rtvnoticias.com.ar\/?p=19687&amp;share=telegram\" target=\"_blank\" title=\"Haz clic para compartir en Telegram\"><span><\/span><span class=\"sharing-screen-reader-text\">Haz clic para compartir en Telegram (Se abre en una ventana nueva)<\/span><\/a><\/li><li class=\"share-end\"><\/li><\/ul><\/div><\/div><\/div>","protected":false},"excerpt":{"rendered":"<p>El gobernador Sergio Ziliotto anunci\u00f3 que las peque\u00f1as y medianas empresas de La Pampa, que pagan sus salarios a trav\u00e9s del Banco de La Pampa,<\/p>\n<div class=\"sharedaddy sd-sharing-enabled\"><div class=\"robots-nocontent sd-block sd-social sd-social-icon sd-sharing\"><h3 class=\"sd-title\">Comparte esto:<\/h3><div class=\"sd-content\"><ul><li class=\"share-twitter\"><a rel=\"nofollow noopener noreferrer\" data-shared=\"sharing-twitter-19687\" class=\"share-twitter sd-button share-icon no-text\" href=\"http:\/\/www.rtvnoticias.com.ar\/?p=19687&amp;share=twitter\" target=\"_blank\" title=\"Haz clic para compartir en Twitter\"><span><\/span><span class=\"sharing-screen-reader-text\">Haz clic para compartir en Twitter (Se abre en una ventana nueva)<\/span><\/a><\/li><li class=\"share-facebook\"><a rel=\"nofollow noopener noreferrer\" data-shared=\"sharing-facebook-19687\" class=\"share-facebook sd-button share-icon no-text\" href=\"http:\/\/www.rtvnoticias.com.ar\/?p=19687&amp;share=facebook\" target=\"_blank\" title=\"Haz clic para compartir en Facebook\"><span><\/span><span class=\"sharing-screen-reader-text\">Haz clic para compartir en Facebook (Se abre en una ventana nueva)<\/span><\/a><\/li><li class=\"share-jetpack-whatsapp\"><a rel=\"nofollow noopener noreferrer\" data-shared=\"\" class=\"share-jetpack-whatsapp sd-button share-icon no-text\" href=\"http:\/\/www.rtvnoticias.com.ar\/?p=19687&amp;share=jetpack-whatsapp\" target=\"_blank\" title=\"Haz clic para compartir en WhatsApp\"><span><\/span><span class=\"sharing-screen-reader-text\">Haz clic para compartir en WhatsApp (Se abre en una ventana nueva)<\/span><\/a><\/li><li class=\"share-telegram\"><a rel=\"nofollow noopener noreferrer\" data-shared=\"\" class=\"share-telegram sd-button share-icon no-text\" href=\"http:\/\/www.rtvnoticias.com.ar\/?p=19687&amp;share=telegram\" target=\"_blank\" title=\"Haz clic para compartir en Telegram\"><span><\/span><span class=\"sharing-screen-reader-text\">Haz clic para compartir en Telegram (Se abre en una ventana nueva)<\/span><\/a><\/li><li class=\"share-end\"><\/li><\/ul><\/div><\/div><\/div>","protected":false},"author":5,"featured_media":19688,"comment_status":"closed","ping_status":"closed","sticky":false,"template":"","format":"standard","meta":{"spay_email":"","jetpack_publicize_message":"","jetpack_is_tweetstorm":false,"jetpack_publicize_feature_enabled":true},"categories":[4],"tags":[2672],"jetpack_featured_media_url":"http:\/\/www.rtvnoticias.com.ar\/wp-content\/uploads\/2020\/04\/ziliotto-franco-iviglia.jpg","jetpack_publicize_connections":[],"jetpack_sharing_enabled":true,"_links":{"self":[{"href":"http:\/\/www.rtvnoticias.com.ar\/index.php?rest_route=\/wp\/v2\/posts\/19687"}],"collection":[{"href":"http:\/\/www.rtvnoticias.com.ar\/index.php?rest_route=\/wp\/v2\/posts"}],"about":[{"href":"http:\/\/www.rtvnoticias.com.ar\/index.php?rest_route=\/wp\/v2\/types\/post"}],"author":[{"embeddable":true,"href":"http:\/\/www.rtvnoticias.com.ar\/index.php?rest_route=\/wp\/v2\/users\/5"}],"replies":[{"embeddable":true,"href":"http:\/\/www.rtvnoticias.com.ar\/index.php?rest_route=%2Fwp%2Fv2%2Fcomments&post=19687"}],"version-history":[{"count":2,"href":"http:\/\/www.rtvnoticias.com.ar\/index.php?rest_route=\/wp\/v2\/posts\/19687\/revisions"}],"predecessor-version":[{"id":19690,"href":"http:\/\/www.rtvnoticias.com.ar\/index.php?rest_route=\/wp\/v2\/posts\/19687\/revisions\/19690"}],"wp:featuredmedia":[{"embeddable":true,"href":"http:\/\/www.rtvnoticias.com.ar\/index.php?rest_route=\/wp\/v2\/media\/19688"}],"wp:attachment":[{"href":"http:\/\/www.rtvnoticias.com.ar\/index.php?rest_route=%2Fwp%2Fv2%2Fmedia&parent=19687"}],"wp:term":[{"taxonomy":"category","embeddable":true,"href":"http:\/\/www.rtvnoticias.com.ar\/index.php?rest_route=%2Fwp%2Fv2%2Fcategories&post=19687"},{"taxonomy":"post_tag","embeddable":true,"href":"http:\/\/www.rtvnoticias.com.ar\/index.php?rest_route=%2Fwp%2Fv2%2Ftags&post=19687"}],"curies":[{"name":"wp","href":"https:\/\/api.w.org\/{rel}","templated":true}]}}