{"id":20511,"date":"2020-04-24T00:11:30","date_gmt":"2020-04-24T03:11:30","guid":{"rendered":"http:\/\/www.rtvnoticias.com.ar\/?p=20511"},"modified":"2020-04-23T17:15:02","modified_gmt":"2020-04-23T20:15:02","slug":"vamos-a-proteger-nuestra-policia-separando-a-los-que-cometan-abusos-afirmo-el-ministro-horacio-di-napoli","status":"publish","type":"post","link":"http:\/\/www.rtvnoticias.com.ar\/?p=20511","title":{"rendered":"\u201cVamos a proteger nuestra Polic\u00eda separando a los que cometan abusos\u201d, afirm\u00f3 el ministro Horacio di N\u00e1poli"},"content":{"rendered":"\n<p><strong><em>El titular de la cartera de Seguridad, Horacio di N\u00e1poli detall\u00f3 que en el lapso de un mes se controlaron 150 mil personas, 120 mil veh\u00edculos, se iniciaron 6.826 causas judiciales y se recibieron 10 denuncias contra funcionarios policiales, dos de las cuales ya fueron archivadas judicialmente. &nbsp;Aclar\u00f3 que la mayor\u00eda de las denuncias por abusos policiales \u201cfueron iniciadas de oficio por el Ministerio P\u00fablico Fiscal\u201d y detall\u00f3 que \u201cen toda la Provincia se investigan ocho\u201d.<\/em><\/strong><\/p>\n\n\n\n<p>En la misma l\u00ednea que el gobernador Sergio Ziliotto, el ministro dijo \u201cno nos va a temblar la mano para sacar a los malos polic\u00edas de la fuerza y resguardar a los buenos polic\u00edas\u201d y afirm\u00f3 que se actuar\u00e1 \u201cinflexiblemente\u201d cuando se compruebe cualquier tipo de exceso.&nbsp;  <\/p>\n\n\n\n<p>De esta forma puso en valor el accionar de la Polic\u00eda provincial que despleg\u00f3 2.400 efectivos en el territorio para hacer cumplir la cuarentena dispuesta por decreto del Gobierno Nacional, al que adhiri\u00f3 la provincia de La Pampa.<\/p>\n\n\n\n<p>El aislamiento social, preventivo y obligatorio se dispuso el 19 de marzo, despu\u00e9s que la Organizaci\u00f3n Mundial de la Salud declarara el brote del nuevo coronavirus como una pandemia.<\/p>\n\n\n\n<p>\u201cDesde esa fecha hasta hoy \u2013precis\u00f3 el ministro- controlamos 150 mil personas, 120 mil veh\u00edculos, se iniciaron 6.826 causas judiciales y recibimos diez denuncias contra el accionar policial, dos de las cuales ya fueron archivadas judicialmente\u201d.<\/p>\n\n\n\n<p>A\u00f1adi\u00f3 que desde la cartera a su cargo \u201cse solicitaron informes a la Polic\u00eda sobre lo acontecido y se arbitraron los mecanismos para llevar adelante la investigaci\u00f3n judicial que determinar\u00e1 la responsabilidad penal de los acusados\u201d.<\/p>\n\n\n\n<p>Asimismo puntualiz\u00f3 que la Jefatura de la Polic\u00eda envi\u00f3 a la Fiscal\u00eda de Investigaciones Administrativas el expediente sobre las actuaciones que derivaron en la denuncia, para que desde ese organismo se investigue el desempe\u00f1o de los polic\u00edas y se determine si incurrieron o no en faltas administrativas o disciplinarias, seg\u00fan las previsiones legales vigentes.<\/p>\n\n\n\n<p>\u201cEn este tipo de procesos \u2013 agreg\u00f3- interviene adem\u00e1s la Secretaria de Derechos Humanos, desde donde nos cursaron diez notas dirigidas al Ministerio de Seguridad para que informemos sobre las denuncias receptadas en el organismo o difundidas por medios period\u00edsticos o redes sociales\u201d.<\/p>\n\n\n\n<p>El ministro valor\u00f3 el accionar institucional de la fuerza y precis\u00f3 que si bien la formaci\u00f3n policial incluye una materia espec\u00edfica sobre Derechos Humanos, \u201cdesde el Gobierno provincial hemos dise\u00f1ado un programa de fortalecimiento de la actuaci\u00f3n policial basada en el respeto a los Derechos Humanos, la equidad y la diversidad\u201d.<\/p>\n\n\n\n<p>Finalmente record\u00f3 que en el mes de abril, se emiti\u00f3 un memor\u00e1ndum \u201cen relaci\u00f3n a la posible identificaci\u00f3n de quien se encuentre en infracci\u00f3n a la norma\u201d en que se ordenaba que \u201cdebe primar el buen trato y el respeto y que en todos los casos, se deben respetar los protocolos de actuaci\u00f3n que regulan el uso racional de la fuerza\u201d.<br><\/p>\n<div class=\"sharedaddy sd-sharing-enabled\"><div class=\"robots-nocontent sd-block sd-social sd-social-icon sd-sharing\"><h3 class=\"sd-title\">Comparte esto:<\/h3><div class=\"sd-content\"><ul><li class=\"share-twitter\"><a rel=\"nofollow noopener noreferrer\" data-shared=\"sharing-twitter-20511\" class=\"share-twitter sd-button share-icon no-text\" href=\"http:\/\/www.rtvnoticias.com.ar\/?p=20511&amp;share=twitter\" target=\"_blank\" title=\"Haz clic para compartir en Twitter\"><span><\/span><span class=\"sharing-screen-reader-text\">Haz clic para compartir en Twitter (Se abre en una ventana nueva)<\/span><\/a><\/li><li class=\"share-facebook\"><a rel=\"nofollow noopener noreferrer\" data-shared=\"sharing-facebook-20511\" class=\"share-facebook sd-button share-icon no-text\" href=\"http:\/\/www.rtvnoticias.com.ar\/?p=20511&amp;share=facebook\" target=\"_blank\" title=\"Haz clic para compartir en Facebook\"><span><\/span><span class=\"sharing-screen-reader-text\">Haz clic para compartir en Facebook (Se abre en una ventana nueva)<\/span><\/a><\/li><li class=\"share-jetpack-whatsapp\"><a rel=\"nofollow noopener noreferrer\" data-shared=\"\" class=\"share-jetpack-whatsapp sd-button share-icon no-text\" href=\"http:\/\/www.rtvnoticias.com.ar\/?p=20511&amp;share=jetpack-whatsapp\" target=\"_blank\" title=\"Haz clic para compartir en WhatsApp\"><span><\/span><span class=\"sharing-screen-reader-text\">Haz clic para compartir en WhatsApp (Se abre en una ventana nueva)<\/span><\/a><\/li><li class=\"share-telegram\"><a rel=\"nofollow noopener noreferrer\" data-shared=\"\" class=\"share-telegram sd-button share-icon no-text\" href=\"http:\/\/www.rtvnoticias.com.ar\/?p=20511&amp;share=telegram\" target=\"_blank\" title=\"Haz clic para compartir en Telegram\"><span><\/span><span class=\"sharing-screen-reader-text\">Haz clic para compartir en Telegram (Se abre en una ventana nueva)<\/span><\/a><\/li><li class=\"share-end\"><\/li><\/ul><\/div><\/div><\/div>","protected":false},"excerpt":{"rendered":"<p>El titular de la cartera de Seguridad, Horacio di N\u00e1poli detall\u00f3 que en el lapso de un mes se controlaron 150 mil personas, 120 mil<\/p>\n<div class=\"sharedaddy sd-sharing-enabled\"><div class=\"robots-nocontent sd-block sd-social sd-social-icon sd-sharing\"><h3 class=\"sd-title\">Comparte esto:<\/h3><div class=\"sd-content\"><ul><li class=\"share-twitter\"><a rel=\"nofollow noopener noreferrer\" data-shared=\"sharing-twitter-20511\" class=\"share-twitter sd-button share-icon no-text\" href=\"http:\/\/www.rtvnoticias.com.ar\/?p=20511&amp;share=twitter\" target=\"_blank\" title=\"Haz clic para compartir en Twitter\"><span><\/span><span class=\"sharing-screen-reader-text\">Haz clic para compartir en Twitter (Se abre en una ventana nueva)<\/span><\/a><\/li><li class=\"share-facebook\"><a rel=\"nofollow noopener noreferrer\" data-shared=\"sharing-facebook-20511\" class=\"share-facebook sd-button share-icon no-text\" href=\"http:\/\/www.rtvnoticias.com.ar\/?p=20511&amp;share=facebook\" target=\"_blank\" title=\"Haz clic para compartir en Facebook\"><span><\/span><span class=\"sharing-screen-reader-text\">Haz clic para compartir en Facebook (Se abre en una ventana nueva)<\/span><\/a><\/li><li class=\"share-jetpack-whatsapp\"><a rel=\"nofollow noopener noreferrer\" data-shared=\"\" class=\"share-jetpack-whatsapp sd-button share-icon no-text\" href=\"http:\/\/www.rtvnoticias.com.ar\/?p=20511&amp;share=jetpack-whatsapp\" target=\"_blank\" title=\"Haz clic para compartir en WhatsApp\"><span><\/span><span class=\"sharing-screen-reader-text\">Haz clic para compartir en WhatsApp (Se abre en una ventana nueva)<\/span><\/a><\/li><li class=\"share-telegram\"><a rel=\"nofollow noopener noreferrer\" data-shared=\"\" class=\"share-telegram sd-button share-icon no-text\" href=\"http:\/\/www.rtvnoticias.com.ar\/?p=20511&amp;share=telegram\" target=\"_blank\" title=\"Haz clic para compartir en Telegram\"><span><\/span><span class=\"sharing-screen-reader-text\">Haz clic para compartir en Telegram (Se abre en una ventana nueva)<\/span><\/a><\/li><li class=\"share-end\"><\/li><\/ul><\/div><\/div><\/div>","protected":false},"author":5,"featured_media":20512,"comment_status":"closed","ping_status":"closed","sticky":false,"template":"","format":"standard","meta":{"spay_email":"","jetpack_publicize_message":"","jetpack_is_tweetstorm":false,"jetpack_publicize_feature_enabled":true},"categories":[1],"tags":[],"jetpack_featured_media_url":"http:\/\/www.rtvnoticias.com.ar\/wp-content\/uploads\/2020\/04\/dinapoli-ministro.jpg","jetpack_publicize_connections":[],"jetpack_sharing_enabled":true,"_links":{"self":[{"href":"http:\/\/www.rtvnoticias.com.ar\/index.php?rest_route=\/wp\/v2\/posts\/20511"}],"collection":[{"href":"http:\/\/www.rtvnoticias.com.ar\/index.php?rest_route=\/wp\/v2\/posts"}],"about":[{"href":"http:\/\/www.rtvnoticias.com.ar\/index.php?rest_route=\/wp\/v2\/types\/post"}],"author":[{"embeddable":true,"href":"http:\/\/www.rtvnoticias.com.ar\/index.php?rest_route=\/wp\/v2\/users\/5"}],"replies":[{"embeddable":true,"href":"http:\/\/www.rtvnoticias.com.ar\/index.php?rest_route=%2Fwp%2Fv2%2Fcomments&post=20511"}],"version-history":[{"count":1,"href":"http:\/\/www.rtvnoticias.com.ar\/index.php?rest_route=\/wp\/v2\/posts\/20511\/revisions"}],"predecessor-version":[{"id":20513,"href":"http:\/\/www.rtvnoticias.com.ar\/index.php?rest_route=\/wp\/v2\/posts\/20511\/revisions\/20513"}],"wp:featuredmedia":[{"embeddable":true,"href":"http:\/\/www.rtvnoticias.com.ar\/index.php?rest_route=\/wp\/v2\/media\/20512"}],"wp:attachment":[{"href":"http:\/\/www.rtvnoticias.com.ar\/index.php?rest_route=%2Fwp%2Fv2%2Fmedia&parent=20511"}],"wp:term":[{"taxonomy":"category","embeddable":true,"href":"http:\/\/www.rtvnoticias.com.ar\/index.php?rest_route=%2Fwp%2Fv2%2Fcategories&post=20511"},{"taxonomy":"post_tag","embeddable":true,"href":"http:\/\/www.rtvnoticias.com.ar\/index.php?rest_route=%2Fwp%2Fv2%2Ftags&post=20511"}],"curies":[{"name":"wp","href":"https:\/\/api.w.org\/{rel}","templated":true}]}}