{"id":20518,"date":"2020-04-24T00:18:20","date_gmt":"2020-04-24T03:18:20","guid":{"rendered":"http:\/\/www.rtvnoticias.com.ar\/?p=20518"},"modified":"2020-04-23T20:53:42","modified_gmt":"2020-04-23T23:53:42","slug":"la-pampa-implementara-cuarentena-comunitaria-en-algunos-pueblos","status":"publish","type":"post","link":"http:\/\/www.rtvnoticias.com.ar\/?p=20518","title":{"rendered":"La Pampa implementar\u00e1 \u00abcuarentena comunitaria\u00bb en algunos pueblos"},"content":{"rendered":"\n<p>El comit\u00e9 de crisis continu\u00f3 analizando como debe avanzar la provincia en la ampliaci\u00f3n de la cuarentena controlada, \u00a0siempre teniendo como prioridad \u00a0la salud de los pampeanos. Asimismo se inici\u00f3 el an\u00e1lisis de factibilidad de instrumentar la modalidad de \u201ccuarentenas comunitarias\u201d por localidad, teniendo en cuenta la cantidad de poblaci\u00f3n de cada una de ellas. <\/p>\n\n\n\n<p>\u00a0La reuni\u00f3n fue encabezada por el gobernador Sergio Ziliotto y estuvieron presentes el vicegobernador y presidente de la C\u00e1mara de Diputados, \u00a0Mariano Fern\u00e1ndez;\u00a0 \u00a0\u00a0el presidente del Superior Tribunal de Justicia, Jos\u00e9 Sappa; los presidentes de los cuatro bloques que componen la Legislatura y funcionarios del\u00a0 Poder Ejecutivo.<\/p>\n\n\n\n<p>El mandatario comenz\u00f3 el encuentro agradeciendo a los diputados provinciales la aprobaci\u00f3n por unanimidad el paquete de medidas girado por el Poder Ejecutivo Provincial, en el marco de la emergencia sanitaria.<br>Comparti\u00f3 con los presentes la \u00faltima informaci\u00f3n emanada de epidemiolog\u00eda que consigna que en La Pampa se hicieron 101 testeos, 96 descartados, cinco confirmados y cinco recuperados.<\/p>\n\n\n\n<p>Luego comenz\u00f3 un interesante intercambio de opiniones respecto de c\u00f3mo se incorporan actividades econ\u00f3micas a la cuarentena controlada. En este sentido se mencion\u00f3 la posibilidad de habilitar el trabajo de sectores profesionales y se lleg\u00f3 al entendimiento que \u201cser\u00e1 una decisi\u00f3n que se tomar\u00e1 en su debido momento\u201d, priorizando la salud p\u00fablica.<\/p>\n\n\n\n<p>En este sentido se inform\u00f3 que se ha solicitado a los diferentes sectores que presenten protocolos que garanticen su control y funcionamiento, basados en las normativas excepcionales que salud p\u00fablica a dispuesto como consecuencia de la pandemia de COVID-19.<\/p>\n\n\n\n<p>GERIATRICOS<\/p>\n\n\n\n<p>El tema de los geri\u00e1tricos y su manejo no estuvo ausente. A instancias de gobernador, los ministros de Salud y de Desarrollo Social informaron cual es la situaci\u00f3n en La Pampa y cu\u00e1les son los protocolos activos para el funcionamiento de las instituciones que los albergan.\u00a0<\/p>\n\n\n\n<p> Precisaron que en La Pampa hay alrededor de mil adultos mayores en las instituciones habilitadas para tal fin, dentro de las cuales se deben cumplir medidas de profilaxis y los protocolos elaborados para su funcionamiento.<\/p>\n\n\n\n<p>Finalmente hubo coincidencia de los miembros del comit\u00e9 en \u00a0que la pandemia plantea un escenario din\u00e1mico que requiere \u00a0ser \u201cdecididamente responsables\u201d en todas las decisiones que se adopten, \u00a0porque lo que se pone en juego en cada una de ellas es\u00a0 la vida de los pampeanos.<br><\/p>\n<div class=\"sharedaddy sd-sharing-enabled\"><div class=\"robots-nocontent sd-block sd-social sd-social-icon sd-sharing\"><h3 class=\"sd-title\">Comparte esto:<\/h3><div class=\"sd-content\"><ul><li class=\"share-twitter\"><a rel=\"nofollow noopener noreferrer\" data-shared=\"sharing-twitter-20518\" class=\"share-twitter sd-button share-icon no-text\" href=\"http:\/\/www.rtvnoticias.com.ar\/?p=20518&amp;share=twitter\" target=\"_blank\" title=\"Haz clic para compartir en Twitter\"><span><\/span><span class=\"sharing-screen-reader-text\">Haz clic para compartir en Twitter (Se abre en una ventana nueva)<\/span><\/a><\/li><li class=\"share-facebook\"><a rel=\"nofollow noopener noreferrer\" data-shared=\"sharing-facebook-20518\" class=\"share-facebook sd-button share-icon no-text\" href=\"http:\/\/www.rtvnoticias.com.ar\/?p=20518&amp;share=facebook\" target=\"_blank\" title=\"Haz clic para compartir en Facebook\"><span><\/span><span class=\"sharing-screen-reader-text\">Haz clic para compartir en Facebook (Se abre en una ventana nueva)<\/span><\/a><\/li><li class=\"share-jetpack-whatsapp\"><a rel=\"nofollow noopener noreferrer\" data-shared=\"\" class=\"share-jetpack-whatsapp sd-button share-icon no-text\" href=\"http:\/\/www.rtvnoticias.com.ar\/?p=20518&amp;share=jetpack-whatsapp\" target=\"_blank\" title=\"Haz clic para compartir en WhatsApp\"><span><\/span><span class=\"sharing-screen-reader-text\">Haz clic para compartir en WhatsApp (Se abre en una ventana nueva)<\/span><\/a><\/li><li class=\"share-telegram\"><a rel=\"nofollow noopener noreferrer\" data-shared=\"\" class=\"share-telegram sd-button share-icon no-text\" href=\"http:\/\/www.rtvnoticias.com.ar\/?p=20518&amp;share=telegram\" target=\"_blank\" title=\"Haz clic para compartir en Telegram\"><span><\/span><span class=\"sharing-screen-reader-text\">Haz clic para compartir en Telegram (Se abre en una ventana nueva)<\/span><\/a><\/li><li class=\"share-end\"><\/li><\/ul><\/div><\/div><\/div>","protected":false},"excerpt":{"rendered":"<p>El comit\u00e9 de crisis continu\u00f3 analizando como debe avanzar la provincia en la ampliaci\u00f3n de la cuarentena controlada, \u00a0siempre teniendo como prioridad \u00a0la salud de<\/p>\n<div class=\"sharedaddy sd-sharing-enabled\"><div class=\"robots-nocontent sd-block sd-social sd-social-icon sd-sharing\"><h3 class=\"sd-title\">Comparte esto:<\/h3><div class=\"sd-content\"><ul><li class=\"share-twitter\"><a rel=\"nofollow noopener noreferrer\" data-shared=\"sharing-twitter-20518\" class=\"share-twitter sd-button share-icon no-text\" href=\"http:\/\/www.rtvnoticias.com.ar\/?p=20518&amp;share=twitter\" target=\"_blank\" title=\"Haz clic para compartir en Twitter\"><span><\/span><span class=\"sharing-screen-reader-text\">Haz clic para compartir en Twitter (Se abre en una ventana nueva)<\/span><\/a><\/li><li class=\"share-facebook\"><a rel=\"nofollow noopener noreferrer\" data-shared=\"sharing-facebook-20518\" class=\"share-facebook sd-button share-icon no-text\" href=\"http:\/\/www.rtvnoticias.com.ar\/?p=20518&amp;share=facebook\" target=\"_blank\" title=\"Haz clic para compartir en Facebook\"><span><\/span><span class=\"sharing-screen-reader-text\">Haz clic para compartir en Facebook (Se abre en una ventana nueva)<\/span><\/a><\/li><li class=\"share-jetpack-whatsapp\"><a rel=\"nofollow noopener noreferrer\" data-shared=\"\" class=\"share-jetpack-whatsapp sd-button share-icon no-text\" href=\"http:\/\/www.rtvnoticias.com.ar\/?p=20518&amp;share=jetpack-whatsapp\" target=\"_blank\" title=\"Haz clic para compartir en WhatsApp\"><span><\/span><span class=\"sharing-screen-reader-text\">Haz clic para compartir en WhatsApp (Se abre en una ventana nueva)<\/span><\/a><\/li><li class=\"share-telegram\"><a rel=\"nofollow noopener noreferrer\" data-shared=\"\" class=\"share-telegram sd-button share-icon no-text\" href=\"http:\/\/www.rtvnoticias.com.ar\/?p=20518&amp;share=telegram\" target=\"_blank\" title=\"Haz clic para compartir en Telegram\"><span><\/span><span class=\"sharing-screen-reader-text\">Haz clic para compartir en Telegram (Se abre en una ventana nueva)<\/span><\/a><\/li><li class=\"share-end\"><\/li><\/ul><\/div><\/div><\/div>","protected":false},"author":5,"featured_media":20519,"comment_status":"closed","ping_status":"closed","sticky":false,"template":"","format":"standard","meta":{"spay_email":"","jetpack_publicize_message":"","jetpack_is_tweetstorm":false,"jetpack_publicize_feature_enabled":true},"categories":[4],"tags":[3247],"jetpack_featured_media_url":"http:\/\/www.rtvnoticias.com.ar\/wp-content\/uploads\/2020\/04\/comit\u00e9-crisis.jpg","jetpack_publicize_connections":[],"jetpack_sharing_enabled":true,"_links":{"self":[{"href":"http:\/\/www.rtvnoticias.com.ar\/index.php?rest_route=\/wp\/v2\/posts\/20518"}],"collection":[{"href":"http:\/\/www.rtvnoticias.com.ar\/index.php?rest_route=\/wp\/v2\/posts"}],"about":[{"href":"http:\/\/www.rtvnoticias.com.ar\/index.php?rest_route=\/wp\/v2\/types\/post"}],"author":[{"embeddable":true,"href":"http:\/\/www.rtvnoticias.com.ar\/index.php?rest_route=\/wp\/v2\/users\/5"}],"replies":[{"embeddable":true,"href":"http:\/\/www.rtvnoticias.com.ar\/index.php?rest_route=%2Fwp%2Fv2%2Fcomments&post=20518"}],"version-history":[{"count":1,"href":"http:\/\/www.rtvnoticias.com.ar\/index.php?rest_route=\/wp\/v2\/posts\/20518\/revisions"}],"predecessor-version":[{"id":20520,"href":"http:\/\/www.rtvnoticias.com.ar\/index.php?rest_route=\/wp\/v2\/posts\/20518\/revisions\/20520"}],"wp:featuredmedia":[{"embeddable":true,"href":"http:\/\/www.rtvnoticias.com.ar\/index.php?rest_route=\/wp\/v2\/media\/20519"}],"wp:attachment":[{"href":"http:\/\/www.rtvnoticias.com.ar\/index.php?rest_route=%2Fwp%2Fv2%2Fmedia&parent=20518"}],"wp:term":[{"taxonomy":"category","embeddable":true,"href":"http:\/\/www.rtvnoticias.com.ar\/index.php?rest_route=%2Fwp%2Fv2%2Fcategories&post=20518"},{"taxonomy":"post_tag","embeddable":true,"href":"http:\/\/www.rtvnoticias.com.ar\/index.php?rest_route=%2Fwp%2Fv2%2Ftags&post=20518"}],"curies":[{"name":"wp","href":"https:\/\/api.w.org\/{rel}","templated":true}]}}