{"id":20563,"date":"2020-04-25T21:52:26","date_gmt":"2020-04-26T00:52:26","guid":{"rendered":"http:\/\/www.rtvnoticias.com.ar\/?p=20563"},"modified":"2020-04-25T22:05:30","modified_gmt":"2020-04-26T01:05:30","slug":"fernandez-anuncio-prorroga-de-la-cuarentena-hasta-el-10-de-mayo-propuso-algunas-flexibilizaciones","status":"publish","type":"post","link":"http:\/\/www.rtvnoticias.com.ar\/?p=20563","title":{"rendered":"Fern\u00e1ndez anunci\u00f3 pr\u00f3rroga de la cuarentena hasta el 10 de mayo. Propuso algunas flexibilizaciones"},"content":{"rendered":"\n<p>El presidente Alberto Fern\u00e1ndez anunci\u00f3 desde la Residencia de Olivos la extensi\u00f3n de la cuarentena \u201cadministrada\u201d hasta el pr\u00f3ximo\u00a010 de mayo inclusive, mientras se analiza \u201cexceptuar nuevas actividades regionales\u201d. Adem\u00e1s,\u00a0el Presidente confirm\u00f3 que a partir del lunes se podr\u00e1n realizar salidas breves de hasta una hora y en un radio de 500 metros.<\/p>\n\n\n\n<figure class=\"wp-block-embed-youtube wp-block-embed is-type-video is-provider-youtube wp-embed-aspect-16-9 wp-has-aspect-ratio\"><div class=\"wp-block-embed__wrapper\">\n<iframe loading=\"lazy\" title=\"Aislamiento Social, Preventivo y Obligatorio - Anuncio del presidente Alberto Fern\u00e1ndez\" width=\"640\" height=\"360\" src=\"https:\/\/www.youtube.com\/embed\/atZnEeF7Pjw?feature=oembed\" frameborder=\"0\" allow=\"accelerometer; autoplay; clipboard-write; encrypted-media; gyroscope; picture-in-picture; web-share\" referrerpolicy=\"strict-origin-when-cross-origin\" allowfullscreen><\/iframe>\n<\/div><\/figure>\n\n\n\n<p>En un mensaje grabado, el mandatario anunci\u00f3 que en todos los aglomerados urbanos de m\u00e1s de 500 mil habitantes continuar\u00e1n con el aislamiento tal como fue hasta ahora, mientras que donde vivan menos de 500 mil habitantes podr\u00edan quedar exceptuados en caso de que cumplan con 5 requisitos:<\/p>\n\n\n\n<p><strong>1) Tiempo de duplicaci\u00f3n de casos confirmados inferior a quince d\u00edas,<\/strong><\/p>\n\n\n\n<p><strong>2) Sistema de salud con capacidad adecuada para dar respuesta,<\/strong><\/p>\n\n\n\n<p><strong>3) Evaluaci\u00f3n positiva de las autoridades sanitarias respecto al riesgo socio-sanitario en relaci\u00f3n con la densidad poblacional,<\/strong><\/p>\n\n\n\n<p><strong>4) El porcentaje de la poblaci\u00f3n exceptuada de las medidas de aislamiento no podr\u00e1 superar el 50% de la poblaci\u00f3n total del departamento o partido,<\/strong><\/p>\n\n\n\n<p><strong>5) La zona geogr\u00e1fica no podr\u00e1 estar definida como \u201ccon transmisi\u00f3n local o por conglomerado\u201d por la autoridad sanitaria nacional.<\/strong><\/p>\n\n\n\n<p><strong>\u201cSi alguno de estos indicadores no se cumple, el departamento o partido no podr\u00e1 avanzar con la excepciones\u201d, aclar\u00f3 el primer mandatario.<\/strong><\/p>\n\n\n\n<figure class=\"wp-block-image\"><a href=\"https:\/\/twitter.com\/intent\/tweet?text=Coronavirus%20en%20Argentina:%20Alberto%20Fern%C3%A1ndez%20anunci%C3%B3%20la%20pr%C3%B3rroga%20de%20la%20cuarentena%20hasta%20el%2010%20de%20mayo%20pero%20flexibilizan%20las%20salidas%20de%20los%20hogares&amp;url=https:\/\/www.infobae.com\/politica\/2020\/04\/26\/coronavirus-en-argentina-alberto-fernandez-anuncio-la-prorroga-de-la-cuarentena-hasta-el-10-de-mayo-pero-flexibilizan-las-salidas-de-los-hogares\/%235Y4GML4VWVC2RGRUCC5WXXMQTM\" target=\"_blank\" rel=\"noreferrer noopener\"><img decoding=\"async\" src=\"https:\/\/www.infobae.com\/new-resizer\/GJCECdSfDuhOSLrlu1qYf6VFXBw=\/750x0\/filters:quality(100)\/arc-anglerfish-arc2-prod-infobae.s3.amazonaws.com\/public\/5Y4GML4VWVC2RGRUCC5WXXMQTM.jpeg\" alt=\"\"\/><\/a><\/figure>\n\n\n\n<p>En tanto, Fern\u00e1ndez detall\u00f3 que\u00a0todas las personas podr\u00e1n realizar salidas breves (caminatas de m\u00e1ximo 1 hora), a no m\u00e1s de 500 metros de su domicilio, sin utilizar transporte p\u00fablico y cumpliendo con las recomendaciones de distanciamiento e higiene.<\/p>\n\n\n\n<p>Tras haber recibido los informes del Comit\u00e9 de Expertos y de haber analizado la situaci\u00f3n con los gobernadores, fuentes del Poder Ejecutivo ratificaron que\u00a0\u201cva a ser muy duro\u201d con el control del cumplimiento del aislamiento social, ya que \u201cno va a poner en riesgo lo que se consigui\u00f3 hasta ahora, que es uno de los poquitos \u00e9xitos que hay en el mundo\u201d.<\/p>\n\n\n\n<p>\u201cNo va a regalar el esfuerzo econ\u00f3mico y social que se hizo con la cuarentena. Se va a abrir por territorio, por lo cual la responsabilidad sanitaria es compartida\u201d, se\u00f1alaron a Noticias Argentinas dirigentes cercanos al Presidente.<\/p>\n\n\n\n<p>Fuente: infobae<\/p>\n<div class=\"sharedaddy sd-sharing-enabled\"><div class=\"robots-nocontent sd-block sd-social sd-social-icon sd-sharing\"><h3 class=\"sd-title\">Comparte esto:<\/h3><div class=\"sd-content\"><ul><li class=\"share-twitter\"><a rel=\"nofollow noopener noreferrer\" data-shared=\"sharing-twitter-20563\" class=\"share-twitter sd-button share-icon no-text\" href=\"http:\/\/www.rtvnoticias.com.ar\/?p=20563&amp;share=twitter\" target=\"_blank\" title=\"Haz clic para compartir en Twitter\"><span><\/span><span class=\"sharing-screen-reader-text\">Haz clic para compartir en Twitter (Se abre en una ventana nueva)<\/span><\/a><\/li><li class=\"share-facebook\"><a rel=\"nofollow noopener noreferrer\" data-shared=\"sharing-facebook-20563\" class=\"share-facebook sd-button share-icon no-text\" href=\"http:\/\/www.rtvnoticias.com.ar\/?p=20563&amp;share=facebook\" target=\"_blank\" title=\"Haz clic para compartir en Facebook\"><span><\/span><span class=\"sharing-screen-reader-text\">Haz clic para compartir en Facebook (Se abre en una ventana nueva)<\/span><\/a><\/li><li class=\"share-jetpack-whatsapp\"><a rel=\"nofollow noopener noreferrer\" data-shared=\"\" class=\"share-jetpack-whatsapp sd-button share-icon no-text\" href=\"http:\/\/www.rtvnoticias.com.ar\/?p=20563&amp;share=jetpack-whatsapp\" target=\"_blank\" title=\"Haz clic para compartir en WhatsApp\"><span><\/span><span class=\"sharing-screen-reader-text\">Haz clic para compartir en WhatsApp (Se abre en una ventana nueva)<\/span><\/a><\/li><li class=\"share-telegram\"><a rel=\"nofollow noopener noreferrer\" data-shared=\"\" class=\"share-telegram sd-button share-icon no-text\" href=\"http:\/\/www.rtvnoticias.com.ar\/?p=20563&amp;share=telegram\" target=\"_blank\" title=\"Haz clic para compartir en Telegram\"><span><\/span><span class=\"sharing-screen-reader-text\">Haz clic para compartir en Telegram (Se abre en una ventana nueva)<\/span><\/a><\/li><li class=\"share-end\"><\/li><\/ul><\/div><\/div><\/div>","protected":false},"excerpt":{"rendered":"<p>El presidente Alberto Fern\u00e1ndez anunci\u00f3 desde la Residencia de Olivos la extensi\u00f3n de la cuarentena \u201cadministrada\u201d hasta el pr\u00f3ximo\u00a010 de mayo inclusive, mientras se analiza<\/p>\n<div class=\"sharedaddy sd-sharing-enabled\"><div class=\"robots-nocontent sd-block sd-social sd-social-icon sd-sharing\"><h3 class=\"sd-title\">Comparte esto:<\/h3><div class=\"sd-content\"><ul><li class=\"share-twitter\"><a rel=\"nofollow noopener noreferrer\" data-shared=\"sharing-twitter-20563\" class=\"share-twitter sd-button share-icon no-text\" href=\"http:\/\/www.rtvnoticias.com.ar\/?p=20563&amp;share=twitter\" target=\"_blank\" title=\"Haz clic para compartir en Twitter\"><span><\/span><span class=\"sharing-screen-reader-text\">Haz clic para compartir en Twitter (Se abre en una ventana nueva)<\/span><\/a><\/li><li class=\"share-facebook\"><a rel=\"nofollow noopener noreferrer\" data-shared=\"sharing-facebook-20563\" class=\"share-facebook sd-button share-icon no-text\" href=\"http:\/\/www.rtvnoticias.com.ar\/?p=20563&amp;share=facebook\" target=\"_blank\" title=\"Haz clic para compartir en Facebook\"><span><\/span><span class=\"sharing-screen-reader-text\">Haz clic para compartir en Facebook (Se abre en una ventana nueva)<\/span><\/a><\/li><li class=\"share-jetpack-whatsapp\"><a rel=\"nofollow noopener noreferrer\" data-shared=\"\" class=\"share-jetpack-whatsapp sd-button share-icon no-text\" href=\"http:\/\/www.rtvnoticias.com.ar\/?p=20563&amp;share=jetpack-whatsapp\" target=\"_blank\" title=\"Haz clic para compartir en WhatsApp\"><span><\/span><span class=\"sharing-screen-reader-text\">Haz clic para compartir en WhatsApp (Se abre en una ventana nueva)<\/span><\/a><\/li><li class=\"share-telegram\"><a rel=\"nofollow noopener noreferrer\" data-shared=\"\" class=\"share-telegram sd-button share-icon no-text\" href=\"http:\/\/www.rtvnoticias.com.ar\/?p=20563&amp;share=telegram\" target=\"_blank\" title=\"Haz clic para compartir en Telegram\"><span><\/span><span class=\"sharing-screen-reader-text\">Haz clic para compartir en Telegram (Se abre en una ventana nueva)<\/span><\/a><\/li><li class=\"share-end\"><\/li><\/ul><\/div><\/div><\/div>","protected":false},"author":5,"featured_media":20565,"comment_status":"closed","ping_status":"closed","sticky":false,"template":"","format":"standard","meta":{"spay_email":"","jetpack_publicize_message":"","jetpack_is_tweetstorm":false,"jetpack_publicize_feature_enabled":true},"categories":[5],"tags":[3250],"jetpack_featured_media_url":"http:\/\/www.rtvnoticias.com.ar\/wp-content\/uploads\/2020\/04\/fern\u00e1ndez-cuarentena-2.jpg","jetpack_publicize_connections":[],"jetpack_sharing_enabled":true,"_links":{"self":[{"href":"http:\/\/www.rtvnoticias.com.ar\/index.php?rest_route=\/wp\/v2\/posts\/20563"}],"collection":[{"href":"http:\/\/www.rtvnoticias.com.ar\/index.php?rest_route=\/wp\/v2\/posts"}],"about":[{"href":"http:\/\/www.rtvnoticias.com.ar\/index.php?rest_route=\/wp\/v2\/types\/post"}],"author":[{"embeddable":true,"href":"http:\/\/www.rtvnoticias.com.ar\/index.php?rest_route=\/wp\/v2\/users\/5"}],"replies":[{"embeddable":true,"href":"http:\/\/www.rtvnoticias.com.ar\/index.php?rest_route=%2Fwp%2Fv2%2Fcomments&post=20563"}],"version-history":[{"count":2,"href":"http:\/\/www.rtvnoticias.com.ar\/index.php?rest_route=\/wp\/v2\/posts\/20563\/revisions"}],"predecessor-version":[{"id":20569,"href":"http:\/\/www.rtvnoticias.com.ar\/index.php?rest_route=\/wp\/v2\/posts\/20563\/revisions\/20569"}],"wp:featuredmedia":[{"embeddable":true,"href":"http:\/\/www.rtvnoticias.com.ar\/index.php?rest_route=\/wp\/v2\/media\/20565"}],"wp:attachment":[{"href":"http:\/\/www.rtvnoticias.com.ar\/index.php?rest_route=%2Fwp%2Fv2%2Fmedia&parent=20563"}],"wp:term":[{"taxonomy":"category","embeddable":true,"href":"http:\/\/www.rtvnoticias.com.ar\/index.php?rest_route=%2Fwp%2Fv2%2Fcategories&post=20563"},{"taxonomy":"post_tag","embeddable":true,"href":"http:\/\/www.rtvnoticias.com.ar\/index.php?rest_route=%2Fwp%2Fv2%2Ftags&post=20563"}],"curies":[{"name":"wp","href":"https:\/\/api.w.org\/{rel}","templated":true}]}}