{"id":20575,"date":"2020-04-27T00:26:38","date_gmt":"2020-04-27T03:26:38","guid":{"rendered":"http:\/\/www.rtvnoticias.com.ar\/?p=20575"},"modified":"2020-04-27T00:26:43","modified_gmt":"2020-04-27T03:26:43","slug":"la-pampa-seguira-administrando-la-cuarentena-como-hasta-ahora","status":"publish","type":"post","link":"http:\/\/www.rtvnoticias.com.ar\/?p=20575","title":{"rendered":"La Pampa seguir\u00e1 administrando la cuarentena como hasta ahora"},"content":{"rendered":"\n<p>El Gobierno provincial trabajar\u00e1 en base al DNU recientemente emitido por presidencia para sumar actividades econ\u00f3micas a la cuarentena controlada. Tambi\u00e9n se har\u00e1 un \u201can\u00e1lisis profundo y responsable\u201d sobre la posibilidad de sumar actividades recreativas, siempre bajo la premisa que \u00e9stas no resulten imprescindibles y no puedan ser un factor de riesgo para la salud.  <\/p>\n\n\n\n<p>La decisi\u00f3n del gobernador Sergio Ziliotto es acompa\u00f1ar las disposiciones adoptadas a nivel nacional, anteponiendo la salud de los pampeanos y teniendo en cuenta las particularidades del esquema de funcionamiento social en cada una de las localidades de la Provincia.<br><\/p>\n\n\n\n<p>En este sentido el mandatario sostiene la idea de ir incorporando progresivamente actividades econ\u00f3micas a las excepciones a la cuarentena por la COVID-19, tomando como base  el Decreto de Necesidad y Urgencia de presidencia.<br><\/p>\n\n\n\n<p>El distanciamiento social complementado con un correcto lavado e higiene de manos, y la utilizaci\u00f3n de alcohol en gel y alcohol al 70 % siguen constituyendo la principal, por no decir la \u00fanica, medida de protecci\u00f3n ante la pandemia.<br><\/p>\n\n\n\n<p>Bajo el cumplimiento irrestricto de estos par\u00e1metros, el Gobierno de La Pampa sumar\u00e1 en forma progresiva distintas actividades econ\u00f3micas y recreativas, aunque \u00e9stas \u00faltimas ser\u00e1n las que requerir\u00e1n de an\u00e1lisis m\u00e1s exhaustivos, habida cuenta que su incorporaci\u00f3n resulta intrascendente comparada con el da\u00f1o que ocasionar\u00eda una eventual diseminaci\u00f3n del virus.<br><\/p>\n\n\n\n<p>Toda actividad sumada a la cuarentena controlada ser\u00e1 motivo de un profundo estudio en el marco del Comit\u00e9 de Crisis, repitiendo las metodolog\u00edas hasta el momento aplicadas y, fundamentalmente, avanzando en la medida en que cada una de ellas cuente con su correspondiente protocolo sanitario de acci\u00f3n  y control.<br><\/p>\n\n\n\n<p>Finalmente, el gobernador ratific\u00f3 que \u201cno se tomar\u00e1 ninguna decisi\u00f3n que ponga en riesgo el enorme esfuerzo que han hecho los pampeanos\u201d y subray\u00f3 que \u201cla premisa, por sobre cualquier otra cosa, sigue siendo la salud y bajo esa premisa inalterable seguiremos avanzando\u201d.<\/p>\n<div class=\"sharedaddy sd-sharing-enabled\"><div class=\"robots-nocontent sd-block sd-social sd-social-icon sd-sharing\"><h3 class=\"sd-title\">Comparte esto:<\/h3><div class=\"sd-content\"><ul><li class=\"share-twitter\"><a rel=\"nofollow noopener noreferrer\" data-shared=\"sharing-twitter-20575\" class=\"share-twitter sd-button share-icon no-text\" href=\"http:\/\/www.rtvnoticias.com.ar\/?p=20575&amp;share=twitter\" target=\"_blank\" title=\"Haz clic para compartir en Twitter\"><span><\/span><span class=\"sharing-screen-reader-text\">Haz clic para compartir en Twitter (Se abre en una ventana nueva)<\/span><\/a><\/li><li class=\"share-facebook\"><a rel=\"nofollow noopener noreferrer\" data-shared=\"sharing-facebook-20575\" class=\"share-facebook sd-button share-icon no-text\" href=\"http:\/\/www.rtvnoticias.com.ar\/?p=20575&amp;share=facebook\" target=\"_blank\" title=\"Haz clic para compartir en Facebook\"><span><\/span><span class=\"sharing-screen-reader-text\">Haz clic para compartir en Facebook (Se abre en una ventana nueva)<\/span><\/a><\/li><li class=\"share-jetpack-whatsapp\"><a rel=\"nofollow noopener noreferrer\" data-shared=\"\" class=\"share-jetpack-whatsapp sd-button share-icon no-text\" href=\"http:\/\/www.rtvnoticias.com.ar\/?p=20575&amp;share=jetpack-whatsapp\" target=\"_blank\" title=\"Haz clic para compartir en WhatsApp\"><span><\/span><span class=\"sharing-screen-reader-text\">Haz clic para compartir en WhatsApp (Se abre en una ventana nueva)<\/span><\/a><\/li><li class=\"share-telegram\"><a rel=\"nofollow noopener noreferrer\" data-shared=\"\" class=\"share-telegram sd-button share-icon no-text\" href=\"http:\/\/www.rtvnoticias.com.ar\/?p=20575&amp;share=telegram\" target=\"_blank\" title=\"Haz clic para compartir en Telegram\"><span><\/span><span class=\"sharing-screen-reader-text\">Haz clic para compartir en Telegram (Se abre en una ventana nueva)<\/span><\/a><\/li><li class=\"share-end\"><\/li><\/ul><\/div><\/div><\/div>","protected":false},"excerpt":{"rendered":"<p>El Gobierno provincial trabajar\u00e1 en base al DNU recientemente emitido por presidencia para sumar actividades econ\u00f3micas a la cuarentena controlada. Tambi\u00e9n se har\u00e1 un \u201can\u00e1lisis<\/p>\n<div class=\"sharedaddy sd-sharing-enabled\"><div class=\"robots-nocontent sd-block sd-social sd-social-icon sd-sharing\"><h3 class=\"sd-title\">Comparte esto:<\/h3><div class=\"sd-content\"><ul><li class=\"share-twitter\"><a rel=\"nofollow noopener noreferrer\" data-shared=\"sharing-twitter-20575\" class=\"share-twitter sd-button share-icon no-text\" href=\"http:\/\/www.rtvnoticias.com.ar\/?p=20575&amp;share=twitter\" target=\"_blank\" title=\"Haz clic para compartir en Twitter\"><span><\/span><span class=\"sharing-screen-reader-text\">Haz clic para compartir en Twitter (Se abre en una ventana nueva)<\/span><\/a><\/li><li class=\"share-facebook\"><a rel=\"nofollow noopener noreferrer\" data-shared=\"sharing-facebook-20575\" class=\"share-facebook sd-button share-icon no-text\" href=\"http:\/\/www.rtvnoticias.com.ar\/?p=20575&amp;share=facebook\" target=\"_blank\" title=\"Haz clic para compartir en Facebook\"><span><\/span><span class=\"sharing-screen-reader-text\">Haz clic para compartir en Facebook (Se abre en una ventana nueva)<\/span><\/a><\/li><li class=\"share-jetpack-whatsapp\"><a rel=\"nofollow noopener noreferrer\" data-shared=\"\" class=\"share-jetpack-whatsapp sd-button share-icon no-text\" href=\"http:\/\/www.rtvnoticias.com.ar\/?p=20575&amp;share=jetpack-whatsapp\" target=\"_blank\" title=\"Haz clic para compartir en WhatsApp\"><span><\/span><span class=\"sharing-screen-reader-text\">Haz clic para compartir en WhatsApp (Se abre en una ventana nueva)<\/span><\/a><\/li><li class=\"share-telegram\"><a rel=\"nofollow noopener noreferrer\" data-shared=\"\" class=\"share-telegram sd-button share-icon no-text\" href=\"http:\/\/www.rtvnoticias.com.ar\/?p=20575&amp;share=telegram\" target=\"_blank\" title=\"Haz clic para compartir en Telegram\"><span><\/span><span class=\"sharing-screen-reader-text\">Haz clic para compartir en Telegram (Se abre en una ventana nueva)<\/span><\/a><\/li><li class=\"share-end\"><\/li><\/ul><\/div><\/div><\/div>","protected":false},"author":7,"featured_media":0,"comment_status":"closed","ping_status":"closed","sticky":false,"template":"","format":"standard","meta":{"spay_email":"","jetpack_publicize_message":"","jetpack_is_tweetstorm":false,"jetpack_publicize_feature_enabled":true},"categories":[1],"tags":[],"jetpack_featured_media_url":"","jetpack_publicize_connections":[],"jetpack_sharing_enabled":true,"_links":{"self":[{"href":"http:\/\/www.rtvnoticias.com.ar\/index.php?rest_route=\/wp\/v2\/posts\/20575"}],"collection":[{"href":"http:\/\/www.rtvnoticias.com.ar\/index.php?rest_route=\/wp\/v2\/posts"}],"about":[{"href":"http:\/\/www.rtvnoticias.com.ar\/index.php?rest_route=\/wp\/v2\/types\/post"}],"author":[{"embeddable":true,"href":"http:\/\/www.rtvnoticias.com.ar\/index.php?rest_route=\/wp\/v2\/users\/7"}],"replies":[{"embeddable":true,"href":"http:\/\/www.rtvnoticias.com.ar\/index.php?rest_route=%2Fwp%2Fv2%2Fcomments&post=20575"}],"version-history":[{"count":1,"href":"http:\/\/www.rtvnoticias.com.ar\/index.php?rest_route=\/wp\/v2\/posts\/20575\/revisions"}],"predecessor-version":[{"id":20576,"href":"http:\/\/www.rtvnoticias.com.ar\/index.php?rest_route=\/wp\/v2\/posts\/20575\/revisions\/20576"}],"wp:attachment":[{"href":"http:\/\/www.rtvnoticias.com.ar\/index.php?rest_route=%2Fwp%2Fv2%2Fmedia&parent=20575"}],"wp:term":[{"taxonomy":"category","embeddable":true,"href":"http:\/\/www.rtvnoticias.com.ar\/index.php?rest_route=%2Fwp%2Fv2%2Fcategories&post=20575"},{"taxonomy":"post_tag","embeddable":true,"href":"http:\/\/www.rtvnoticias.com.ar\/index.php?rest_route=%2Fwp%2Fv2%2Ftags&post=20575"}],"curies":[{"name":"wp","href":"https:\/\/api.w.org\/{rel}","templated":true}]}}