{"id":20585,"date":"2020-04-27T01:14:46","date_gmt":"2020-04-27T04:14:46","guid":{"rendered":"http:\/\/www.rtvnoticias.com.ar\/?p=20585"},"modified":"2020-04-27T01:14:50","modified_gmt":"2020-04-27T04:14:50","slug":"alonso-se-reunio-con-el-sector-de-la-construccion","status":"publish","type":"post","link":"http:\/\/www.rtvnoticias.com.ar\/?p=20585","title":{"rendered":"Alonso se reuni\u00f3 con el sector de la construcci\u00f3n"},"content":{"rendered":"\n<p>La intendenta, Fernanda Alonso, se reuni\u00f3 con el secretario general de UOCRA, Roberto Robledo, el secretario de Trabajo, Marcelo Pedehonta\u00e1, referentes del Consejo Profesional de Ingenieros y T\u00e9cnicos de La Pampa,  del Colegio de Arquitectos, de la C\u00e1mara de la Construcci\u00f3n y el  director de Relaciones Laborales, David Div\u00e1n. <\/p>\n\n\n\n<p>La reuni\u00f3n tuvo por objetivo organizar la puesta en marcha del sector de la construcci\u00f3n, despu\u00e9s de que Naci\u00f3n decidi\u00f3 habilitar en varias provincias las obras de construcci\u00f3n privadas a partir del lunes. La medida fue oficializada este viernes en el Bolet\u00ed\u00adn Oficial, la obra privada queda autorizada en nueve provincias, dos m\u00e1s de las que hab\u00ed\u00adan trascendido en un primer momento. A la lista se sumaron La Pampa y Jujuy, tras una gesti\u00f3n que realizaron este jueves los gobernadores Sergio Ziliotto y Gerardo Morales.<\/p>\n\n\n\n<p>\u201cEn funci\u00f3n de este nuevo decreto provincial que habilita al funcionamiento  de la obra privada y que ven\u00edamos trabajando dentro del \u00e1mbito municipal, hoy acordamos la modalidad de trabajo a futuro  para la implementaci\u00f3n de esta nueva disposici\u00f3n y la posibilidad de acompa\u00f1ar a este sector de la sociedad para que pueda retomar su tarea y su espacio de trabajo. Nos ocupa cuidarles la salud y acompa\u00f1arlos para que sepan cu\u00e1les son los recaudos que tienen que tomar y cu\u00e1les son las responsabilidades que tienen que asumir para poder funcionar\u201d, dijo  Alonso.<\/p>\n\n\n\n<p>\u201cEs importante que cada uno haga el permiso de circulaci\u00f3n nacional y local  y conozca el marco normativo, el horario destinado para el funcionamiento de la obra privada es de 9 a 17 horas, as\u00ed lo prev\u00e9 el decreto\u201d, destac\u00f3 la intendenta. <\/p>\n\n\n\n<p>Por su parte,  el secretario de Trabajo, Marcelo Pedehonta\u00e1, agreg\u00f3 que \u201c\u00e9ste fue uno de los sectores m\u00e1s golpeados y sin embargo no tuvimos mayores inconvenientes para que entiendan que primero est\u00e1 la salud, hoy  podemos ir administrando la salida de estos trabajadores y venimos a reglamentar la circulaci\u00f3n\u201d. <\/p>\n\n\n\n<p>\u201cTenemos que ver como entre todos armamos un esquema que nos permita tener controlada la circulaci\u00f3n, la disposici\u00f3n del Municipio de General Pico ha sido espectacular, tuvimos una reuni\u00f3n muy interesante donde Fernanda hab\u00eda convocado a los distintos sectores, venimos teniendo el acompa\u00f1amiento de la C\u00e1mara, de la UOCRA, tenemos armada una red de contenci\u00f3n para que el trabajador entienda tambi\u00e9n que tiene que poner mucho de s\u00ed con la responsabilidad, y el vecino de la ciudad que quiere hacer un pilar o un arreglo tambi\u00e9n tiene que entender que lo tiene que hacer bajo cierta responsabilidad social\u201d, sostuvo. <\/p>\n\n\n\n<p>Pedehonta\u00e1 destac\u00f3 tambi\u00e9n que es muy importante hacerlo de manera gradual \u201cpara que no salgamos todos a agolparnos el lunes, y dejemos en claro que la continuidad del contralor de la obra en General Pico sigue siendo el Municipio, esto es a los fines de la posibilidad de transitar, aquellas empresas privadas que est\u00e1n organizadas, tienen que llenar una planilla en el Colegio y en la C\u00e1mara de Construcci\u00f3n, y aquel trabajador que no est\u00e9 en estas empresas sino que hace obras por d\u00eda, tendr\u00e1 que ir a la UOCRA y pedir ah\u00ed el certificado para luego ir a la Secretar\u00eda de Trabajo, a la delegaci\u00f3n de Relaciones Laborales para que se le expida\u201d.  <\/p>\n\n\n\n<p>Roberto Robledo agreg\u00f3 que \u201ces mucha la cantidad de gente que recupera su trabajo, la alba\u00f1iler\u00eda, la construcci\u00f3n es un rubro dinamizador de muchos otros sectores, la carpinter\u00eda, la metalmec\u00e1nica, las personas que colocan aberturas, se abre la venta de revestimientos y esto genera un dinamismo econ\u00f3mico, pero bueno, ac\u00e1 nos debemos cuidar entre todos y tener la responsabilidad cada uno de saber que somos responsables de nuestra salud, la de nuestra familia y de la comunidad, y si esto falla, el gobernador y el presidente est\u00e1n en condiciones de volver a foja cero\u201d. <\/p>\n<div class=\"sharedaddy sd-sharing-enabled\"><div class=\"robots-nocontent sd-block sd-social sd-social-icon sd-sharing\"><h3 class=\"sd-title\">Comparte esto:<\/h3><div class=\"sd-content\"><ul><li class=\"share-twitter\"><a rel=\"nofollow noopener noreferrer\" data-shared=\"sharing-twitter-20585\" class=\"share-twitter sd-button share-icon no-text\" href=\"http:\/\/www.rtvnoticias.com.ar\/?p=20585&amp;share=twitter\" target=\"_blank\" title=\"Haz clic para compartir en Twitter\"><span><\/span><span class=\"sharing-screen-reader-text\">Haz clic para compartir en Twitter (Se abre en una ventana nueva)<\/span><\/a><\/li><li class=\"share-facebook\"><a rel=\"nofollow noopener noreferrer\" data-shared=\"sharing-facebook-20585\" class=\"share-facebook sd-button share-icon no-text\" href=\"http:\/\/www.rtvnoticias.com.ar\/?p=20585&amp;share=facebook\" target=\"_blank\" title=\"Haz clic para compartir en Facebook\"><span><\/span><span class=\"sharing-screen-reader-text\">Haz clic para compartir en Facebook (Se abre en una ventana nueva)<\/span><\/a><\/li><li class=\"share-jetpack-whatsapp\"><a rel=\"nofollow noopener noreferrer\" data-shared=\"\" class=\"share-jetpack-whatsapp sd-button share-icon no-text\" href=\"http:\/\/www.rtvnoticias.com.ar\/?p=20585&amp;share=jetpack-whatsapp\" target=\"_blank\" title=\"Haz clic para compartir en WhatsApp\"><span><\/span><span class=\"sharing-screen-reader-text\">Haz clic para compartir en WhatsApp (Se abre en una ventana nueva)<\/span><\/a><\/li><li class=\"share-telegram\"><a rel=\"nofollow noopener noreferrer\" data-shared=\"\" class=\"share-telegram sd-button share-icon no-text\" href=\"http:\/\/www.rtvnoticias.com.ar\/?p=20585&amp;share=telegram\" target=\"_blank\" title=\"Haz clic para compartir en Telegram\"><span><\/span><span class=\"sharing-screen-reader-text\">Haz clic para compartir en Telegram (Se abre en una ventana nueva)<\/span><\/a><\/li><li class=\"share-end\"><\/li><\/ul><\/div><\/div><\/div>","protected":false},"excerpt":{"rendered":"<p>La intendenta, Fernanda Alonso, se reuni\u00f3 con el secretario general de UOCRA, Roberto Robledo, el secretario de Trabajo, Marcelo Pedehonta\u00e1, referentes del Consejo Profesional de<\/p>\n<div class=\"sharedaddy sd-sharing-enabled\"><div class=\"robots-nocontent sd-block sd-social sd-social-icon sd-sharing\"><h3 class=\"sd-title\">Comparte esto:<\/h3><div class=\"sd-content\"><ul><li class=\"share-twitter\"><a rel=\"nofollow noopener noreferrer\" data-shared=\"sharing-twitter-20585\" class=\"share-twitter sd-button share-icon no-text\" href=\"http:\/\/www.rtvnoticias.com.ar\/?p=20585&amp;share=twitter\" target=\"_blank\" title=\"Haz clic para compartir en Twitter\"><span><\/span><span class=\"sharing-screen-reader-text\">Haz clic para compartir en Twitter (Se abre en una ventana nueva)<\/span><\/a><\/li><li class=\"share-facebook\"><a rel=\"nofollow noopener noreferrer\" data-shared=\"sharing-facebook-20585\" class=\"share-facebook sd-button share-icon no-text\" href=\"http:\/\/www.rtvnoticias.com.ar\/?p=20585&amp;share=facebook\" target=\"_blank\" title=\"Haz clic para compartir en Facebook\"><span><\/span><span class=\"sharing-screen-reader-text\">Haz clic para compartir en Facebook (Se abre en una ventana nueva)<\/span><\/a><\/li><li class=\"share-jetpack-whatsapp\"><a rel=\"nofollow noopener noreferrer\" data-shared=\"\" class=\"share-jetpack-whatsapp sd-button share-icon no-text\" href=\"http:\/\/www.rtvnoticias.com.ar\/?p=20585&amp;share=jetpack-whatsapp\" target=\"_blank\" title=\"Haz clic para compartir en WhatsApp\"><span><\/span><span class=\"sharing-screen-reader-text\">Haz clic para compartir en WhatsApp (Se abre en una ventana nueva)<\/span><\/a><\/li><li class=\"share-telegram\"><a rel=\"nofollow noopener noreferrer\" data-shared=\"\" class=\"share-telegram sd-button share-icon no-text\" href=\"http:\/\/www.rtvnoticias.com.ar\/?p=20585&amp;share=telegram\" target=\"_blank\" title=\"Haz clic para compartir en Telegram\"><span><\/span><span class=\"sharing-screen-reader-text\">Haz clic para compartir en Telegram (Se abre en una ventana nueva)<\/span><\/a><\/li><li class=\"share-end\"><\/li><\/ul><\/div><\/div><\/div>","protected":false},"author":7,"featured_media":20586,"comment_status":"closed","ping_status":"closed","sticky":false,"template":"","format":"standard","meta":{"spay_email":"","jetpack_publicize_message":"","jetpack_is_tweetstorm":false,"jetpack_publicize_feature_enabled":true},"categories":[3],"tags":[462,3252],"jetpack_featured_media_url":"http:\/\/www.rtvnoticias.com.ar\/wp-content\/uploads\/2020\/04\/alonso-uocra.jpg","jetpack_publicize_connections":[],"jetpack_sharing_enabled":true,"_links":{"self":[{"href":"http:\/\/www.rtvnoticias.com.ar\/index.php?rest_route=\/wp\/v2\/posts\/20585"}],"collection":[{"href":"http:\/\/www.rtvnoticias.com.ar\/index.php?rest_route=\/wp\/v2\/posts"}],"about":[{"href":"http:\/\/www.rtvnoticias.com.ar\/index.php?rest_route=\/wp\/v2\/types\/post"}],"author":[{"embeddable":true,"href":"http:\/\/www.rtvnoticias.com.ar\/index.php?rest_route=\/wp\/v2\/users\/7"}],"replies":[{"embeddable":true,"href":"http:\/\/www.rtvnoticias.com.ar\/index.php?rest_route=%2Fwp%2Fv2%2Fcomments&post=20585"}],"version-history":[{"count":1,"href":"http:\/\/www.rtvnoticias.com.ar\/index.php?rest_route=\/wp\/v2\/posts\/20585\/revisions"}],"predecessor-version":[{"id":20587,"href":"http:\/\/www.rtvnoticias.com.ar\/index.php?rest_route=\/wp\/v2\/posts\/20585\/revisions\/20587"}],"wp:featuredmedia":[{"embeddable":true,"href":"http:\/\/www.rtvnoticias.com.ar\/index.php?rest_route=\/wp\/v2\/media\/20586"}],"wp:attachment":[{"href":"http:\/\/www.rtvnoticias.com.ar\/index.php?rest_route=%2Fwp%2Fv2%2Fmedia&parent=20585"}],"wp:term":[{"taxonomy":"category","embeddable":true,"href":"http:\/\/www.rtvnoticias.com.ar\/index.php?rest_route=%2Fwp%2Fv2%2Fcategories&post=20585"},{"taxonomy":"post_tag","embeddable":true,"href":"http:\/\/www.rtvnoticias.com.ar\/index.php?rest_route=%2Fwp%2Fv2%2Ftags&post=20585"}],"curies":[{"name":"wp","href":"https:\/\/api.w.org\/{rel}","templated":true}]}}