{"id":20588,"date":"2020-04-25T01:16:26","date_gmt":"2020-04-25T04:16:26","guid":{"rendered":"http:\/\/www.rtvnoticias.com.ar\/?p=20588"},"modified":"2020-04-27T01:19:59","modified_gmt":"2020-04-27T04:19:59","slug":"general-pico-participa-del-city-nature-challenge-2020","status":"publish","type":"post","link":"http:\/\/www.rtvnoticias.com.ar\/?p=20588","title":{"rendered":"General Pico participa del City Nature Challenge 2020"},"content":{"rendered":"\n<p>El Museo de Historia Natural de la Provincia impulsa esta actividad global en La Pampa, bajo el lema #NaturalezaEnCasa. Las actividades se realizar\u00e1n entre el 24 abril y el 3 de mayo de 2020 en dos etapas: 24 al 27 de abril&nbsp; para tomar fotos y 28 de abril&nbsp; al 3 de marzo para identificar organismos.<\/p>\n\n\n\n<p>El objetivo es capturar, a trav\u00e9s de im\u00e1genes, el mayor n\u00famero de observaciones de la naturaleza posibles en el interior de las viviendas o en los patios de sus casas, respetando las restricciones de circulaci\u00f3n en estos tiempos de aislamiento social, preventivo y obligatorio por la pandemia de coronavirus<\/p>\n\n\n\n<p>Se participa a trav\u00e9s de ArgentiNat (<a href=\"http:\/\/www.argentinat.org\/\" target=\"_blank\" rel=\"noreferrer noopener\">www.argentinat.org<\/a>), una plataforma naturalista de la red de iNaturalist, de acceso libre y f\u00e1cil de usar. Para m\u00e1s detalles se recomienda visitar la siguiente web <a href=\"http:\/\/www.cncargentina.com.ar\/\" target=\"_blank\" rel=\"noreferrer noopener\">www.cncargentina.com.ar<\/a>&nbsp;&nbsp;<\/p>\n\n\n\n<p>Al respecto, la encargada del \u00e1rea Municipal de Turismo, Margarita Cervio,&nbsp; expres\u00f3 que: \u201cEn el primer d\u00eda de competencia en la ciudad de General Pico se registraron m\u00e1s de 200 especies y esperamos que m\u00e1s piquenses se sumen a esta iniciativa ya que se sorprender\u00e1n al notar la gran variedad de especies que habitan en sus hogares y jardines\u201d.&nbsp;<\/p>\n\n\n\n<p>\u201cDesde el&nbsp; inicio de la cuarentena estamos recibiendo en facebook de turismo fotos de aves que descubren en los jardines y es la primera vez que notan su presencia, as\u00ed que esperamos que este tiempo de observaci\u00f3n y escucha en el hogar,&nbsp; sumado esta competencia,&nbsp; sea el principio de una larga lista de observaciones y registros que nos ayuden a conocer la biodiversidad de nuestra localidad\u201d, agreg\u00f3 con entusiasmo.<\/p>\n\n\n\n<p>A su vez, Cervio explic\u00f3 que \u201cla aplicaci\u00f3n a la que se deben subir las fotos es muy f\u00e1cil de utilizar y r\u00e1pida permitiendo que con s\u00f3lo subir la foto un grupo de expertos y dem\u00e1s participantes puedan ayudar a quienes no sepan el nombre de lo que est\u00e1n viendo, es una actividad que los mantendr\u00e1 entretenidos y les aseguro que se sorprender\u00e1n; solo en un rosal fueron fotografiados hoy m\u00e1s de 10 insectos que pasan desapercibidos a la mirada en el diario vivir\u201d.<\/p>\n\n\n\n<p>Es de destacar que la aplicaci\u00f3n&nbsp; ya sea desde el celular o desde la computadora puede ser utilizada el resto del a\u00f1o.<\/p>\n\n\n\n<p>En los siguientes links se acceden a los sitios donde se deben subir las fotos que se tomen desde el 24 al 27 de abril:<\/p>\n\n\n\n<p>Dorila y General Pico: <a href=\"https:\/\/www.argentinat.org\/projects\/city-nature-challenge-2020-dorila-general-pico-yalrededores\" target=\"_blank\" rel=\"noreferrer noopener\">https:\/\/www.argentinat.org\/projects\/city-nature-challenge-2020-dorila-general-pico-yalrededores<\/a><br><\/p>\n<div class=\"sharedaddy sd-sharing-enabled\"><div class=\"robots-nocontent sd-block sd-social sd-social-icon sd-sharing\"><h3 class=\"sd-title\">Comparte esto:<\/h3><div class=\"sd-content\"><ul><li class=\"share-twitter\"><a rel=\"nofollow noopener noreferrer\" data-shared=\"sharing-twitter-20588\" class=\"share-twitter sd-button share-icon no-text\" href=\"http:\/\/www.rtvnoticias.com.ar\/?p=20588&amp;share=twitter\" target=\"_blank\" title=\"Haz clic para compartir en Twitter\"><span><\/span><span class=\"sharing-screen-reader-text\">Haz clic para compartir en Twitter (Se abre en una ventana nueva)<\/span><\/a><\/li><li class=\"share-facebook\"><a rel=\"nofollow noopener noreferrer\" data-shared=\"sharing-facebook-20588\" class=\"share-facebook sd-button share-icon no-text\" href=\"http:\/\/www.rtvnoticias.com.ar\/?p=20588&amp;share=facebook\" target=\"_blank\" title=\"Haz clic para compartir en Facebook\"><span><\/span><span class=\"sharing-screen-reader-text\">Haz clic para compartir en Facebook (Se abre en una ventana nueva)<\/span><\/a><\/li><li class=\"share-jetpack-whatsapp\"><a rel=\"nofollow noopener noreferrer\" data-shared=\"\" class=\"share-jetpack-whatsapp sd-button share-icon no-text\" href=\"http:\/\/www.rtvnoticias.com.ar\/?p=20588&amp;share=jetpack-whatsapp\" target=\"_blank\" title=\"Haz clic para compartir en WhatsApp\"><span><\/span><span class=\"sharing-screen-reader-text\">Haz clic para compartir en WhatsApp (Se abre en una ventana nueva)<\/span><\/a><\/li><li class=\"share-telegram\"><a rel=\"nofollow noopener noreferrer\" data-shared=\"\" class=\"share-telegram sd-button share-icon no-text\" href=\"http:\/\/www.rtvnoticias.com.ar\/?p=20588&amp;share=telegram\" target=\"_blank\" title=\"Haz clic para compartir en Telegram\"><span><\/span><span class=\"sharing-screen-reader-text\">Haz clic para compartir en Telegram (Se abre en una ventana nueva)<\/span><\/a><\/li><li class=\"share-end\"><\/li><\/ul><\/div><\/div><\/div>","protected":false},"excerpt":{"rendered":"<p>El Museo de Historia Natural de la Provincia impulsa esta actividad global en La Pampa, bajo el lema #NaturalezaEnCasa. Las actividades se realizar\u00e1n entre el<\/p>\n<div class=\"sharedaddy sd-sharing-enabled\"><div class=\"robots-nocontent sd-block sd-social sd-social-icon sd-sharing\"><h3 class=\"sd-title\">Comparte esto:<\/h3><div class=\"sd-content\"><ul><li class=\"share-twitter\"><a rel=\"nofollow noopener noreferrer\" data-shared=\"sharing-twitter-20588\" class=\"share-twitter sd-button share-icon no-text\" href=\"http:\/\/www.rtvnoticias.com.ar\/?p=20588&amp;share=twitter\" target=\"_blank\" title=\"Haz clic para compartir en Twitter\"><span><\/span><span class=\"sharing-screen-reader-text\">Haz clic para compartir en Twitter (Se abre en una ventana nueva)<\/span><\/a><\/li><li class=\"share-facebook\"><a rel=\"nofollow noopener noreferrer\" data-shared=\"sharing-facebook-20588\" class=\"share-facebook sd-button share-icon no-text\" href=\"http:\/\/www.rtvnoticias.com.ar\/?p=20588&amp;share=facebook\" target=\"_blank\" title=\"Haz clic para compartir en Facebook\"><span><\/span><span class=\"sharing-screen-reader-text\">Haz clic para compartir en Facebook (Se abre en una ventana nueva)<\/span><\/a><\/li><li class=\"share-jetpack-whatsapp\"><a rel=\"nofollow noopener noreferrer\" data-shared=\"\" class=\"share-jetpack-whatsapp sd-button share-icon no-text\" href=\"http:\/\/www.rtvnoticias.com.ar\/?p=20588&amp;share=jetpack-whatsapp\" target=\"_blank\" title=\"Haz clic para compartir en WhatsApp\"><span><\/span><span class=\"sharing-screen-reader-text\">Haz clic para compartir en WhatsApp (Se abre en una ventana nueva)<\/span><\/a><\/li><li class=\"share-telegram\"><a rel=\"nofollow noopener noreferrer\" data-shared=\"\" class=\"share-telegram sd-button share-icon no-text\" href=\"http:\/\/www.rtvnoticias.com.ar\/?p=20588&amp;share=telegram\" target=\"_blank\" title=\"Haz clic para compartir en Telegram\"><span><\/span><span class=\"sharing-screen-reader-text\">Haz clic para compartir en Telegram (Se abre en una ventana nueva)<\/span><\/a><\/li><li class=\"share-end\"><\/li><\/ul><\/div><\/div><\/div>","protected":false},"author":7,"featured_media":0,"comment_status":"closed","ping_status":"closed","sticky":false,"template":"","format":"standard","meta":{"spay_email":"","jetpack_publicize_message":"","jetpack_is_tweetstorm":false,"jetpack_publicize_feature_enabled":true},"categories":[1],"tags":[],"jetpack_featured_media_url":"","jetpack_publicize_connections":[],"jetpack_sharing_enabled":true,"_links":{"self":[{"href":"http:\/\/www.rtvnoticias.com.ar\/index.php?rest_route=\/wp\/v2\/posts\/20588"}],"collection":[{"href":"http:\/\/www.rtvnoticias.com.ar\/index.php?rest_route=\/wp\/v2\/posts"}],"about":[{"href":"http:\/\/www.rtvnoticias.com.ar\/index.php?rest_route=\/wp\/v2\/types\/post"}],"author":[{"embeddable":true,"href":"http:\/\/www.rtvnoticias.com.ar\/index.php?rest_route=\/wp\/v2\/users\/7"}],"replies":[{"embeddable":true,"href":"http:\/\/www.rtvnoticias.com.ar\/index.php?rest_route=%2Fwp%2Fv2%2Fcomments&post=20588"}],"version-history":[{"count":1,"href":"http:\/\/www.rtvnoticias.com.ar\/index.php?rest_route=\/wp\/v2\/posts\/20588\/revisions"}],"predecessor-version":[{"id":20589,"href":"http:\/\/www.rtvnoticias.com.ar\/index.php?rest_route=\/wp\/v2\/posts\/20588\/revisions\/20589"}],"wp:attachment":[{"href":"http:\/\/www.rtvnoticias.com.ar\/index.php?rest_route=%2Fwp%2Fv2%2Fmedia&parent=20588"}],"wp:term":[{"taxonomy":"category","embeddable":true,"href":"http:\/\/www.rtvnoticias.com.ar\/index.php?rest_route=%2Fwp%2Fv2%2Fcategories&post=20588"},{"taxonomy":"post_tag","embeddable":true,"href":"http:\/\/www.rtvnoticias.com.ar\/index.php?rest_route=%2Fwp%2Fv2%2Ftags&post=20588"}],"curies":[{"name":"wp","href":"https:\/\/api.w.org\/{rel}","templated":true}]}}