{"id":20590,"date":"2020-04-27T06:23:59","date_gmt":"2020-04-27T09:23:59","guid":{"rendered":"http:\/\/www.rtvnoticias.com.ar\/?p=20590"},"modified":"2020-04-27T01:29:08","modified_gmt":"2020-04-27T04:29:08","slug":"no-habra-vuelos-internos-en-el-pais-hasta-por-lo-menos-septiembre","status":"publish","type":"post","link":"http:\/\/www.rtvnoticias.com.ar\/?p=20590","title":{"rendered":"No habr\u00e1 vuelos internos en el pa\u00eds hasta por lo menos septiembre"},"content":{"rendered":"\n<p style=\"text-align:center\"><strong>La medida ser\u00e1 publicada en el Bolet\u00edn Oficial en el marco de las restricciones por la pandemia.<\/strong><br><\/p>\n\n\n\n<p>Argentina mantendr\u00e1 todos los vuelos en su territorio cancelados hasta septiembre, seg\u00fan adelantaron fuentes del gobierno, medida que ser\u00e1 publicada en breve en el Bolet\u00edn Oficial, en el el marco de las restricciones por la pandemia<\/p>\n\n\n\n<p>La crisis por el Covid-19 llev\u00f3 a que se disponga el cierre de las fronteras terrestres y de los aeropuertos, salvo para vuelos de repatriaci\u00f3n. La norma que se elabor\u00f3 en la Administraci\u00f3n Nacional de Aviaci\u00f3n Civil (ANAC) expone que la medida est\u00e1 en l\u00ednea con \u201cla salida ordenada de la emergencia generada por el nuevo coronavirus Covid-19\u201d.<\/p>\n\n\n\n<p>Tambi\u00e9n sostiene que reci\u00e9n para esa fecha se autoriza la comercializaci\u00f3n de billetes de pasajes a\u00e9reos.<\/p>\n\n\n\n<p>Las aerol\u00edneas que operan servicios de transporte a\u00e9reo de pasajeros desde, hacia o dentro del territorio nacional podr\u00e1n reprogramar sus operaciones regulares o solicitar autorizaciones para operaciones no regulares a partir del 1 de septiembre y no antes<\/p>\n\n\n\n<p>Fuentes del gobierno dijeron al diario La Naci\u00f3n que \u201cla medida se revisar\u00e1 cada dos semanas, como la cuarentena\u201d. Se intenta \u201cevitar la venta de pasajes a\u00e9reos hasta tanto se reanuden los vuelos\u201d, insistieron los informantes<\/p>\n\n\n\n<p>Paola Tamburelli, al frente de la ANSAC, explic\u00f3 que la decisi\u00f3n busca proteger a pasajeros varados que han comprado ya cuatro pasajes por empresas que venden sin autorizaci\u00f3n oficial<\/p>\n\n\n\n<p>Pero en medio de la pandemia, el gobierno tambi\u00e9n se apresta a dar un duro golpe a las empresas a\u00e9reas de bajo costo, un sistema fuertemente impulsada por la anterior administraci\u00f3n del presidente Mauricio Macri.<\/p>\n\n\n\n<p>Algunas denuncias period\u00edsticas, incluso, acusaron a Macri de tener intereses comerciales de su familia depositados en algunas de las compa\u00f1\u00edas que se crearon para ese sector<\/p>\n\n\n\n<p>En contraste con la de Macri, la administraci\u00f3n del actual presidente Alberto Fern\u00e1ndez, busca potenciar a la l\u00ednea de bandera Aerol\u00edneas Argentinas.<\/p>\n\n\n\n<p>Un aeropuerto habilitado por Macri, El Palomar, en la periferia de la capital argentina ser\u00eda cerrado en breve. Es una estaci\u00f3n cabecera para las Low Cost.<\/p>\n\n\n\n<p>El Gobierno considera que la experiencia de El Palomar est\u00e1 agotada y que el modelo \u201clow cost\u201d deber\u00e1 sobrevivir, si puede, sin una estaci\u00f3n de cercan\u00eda con la Ciudad de Buenos Aires. Expertos del sector sostiene, que para las empresas a\u00e9reas de bajo costo la mudanza forzada de estaci\u00f3n a\u00e9rea, sumada a las p\u00e9rdidas que les genera el coronavirus, puede ser un golpe letal para al sector.<\/p>\n<div class=\"sharedaddy sd-sharing-enabled\"><div class=\"robots-nocontent sd-block sd-social sd-social-icon sd-sharing\"><h3 class=\"sd-title\">Comparte esto:<\/h3><div class=\"sd-content\"><ul><li class=\"share-twitter\"><a rel=\"nofollow noopener noreferrer\" data-shared=\"sharing-twitter-20590\" class=\"share-twitter sd-button share-icon no-text\" href=\"http:\/\/www.rtvnoticias.com.ar\/?p=20590&amp;share=twitter\" target=\"_blank\" title=\"Haz clic para compartir en Twitter\"><span><\/span><span class=\"sharing-screen-reader-text\">Haz clic para compartir en Twitter (Se abre en una ventana nueva)<\/span><\/a><\/li><li class=\"share-facebook\"><a rel=\"nofollow noopener noreferrer\" data-shared=\"sharing-facebook-20590\" class=\"share-facebook sd-button share-icon no-text\" href=\"http:\/\/www.rtvnoticias.com.ar\/?p=20590&amp;share=facebook\" target=\"_blank\" title=\"Haz clic para compartir en Facebook\"><span><\/span><span class=\"sharing-screen-reader-text\">Haz clic para compartir en Facebook (Se abre en una ventana nueva)<\/span><\/a><\/li><li class=\"share-jetpack-whatsapp\"><a rel=\"nofollow noopener noreferrer\" data-shared=\"\" class=\"share-jetpack-whatsapp sd-button share-icon no-text\" href=\"http:\/\/www.rtvnoticias.com.ar\/?p=20590&amp;share=jetpack-whatsapp\" target=\"_blank\" title=\"Haz clic para compartir en WhatsApp\"><span><\/span><span class=\"sharing-screen-reader-text\">Haz clic para compartir en WhatsApp (Se abre en una ventana nueva)<\/span><\/a><\/li><li class=\"share-telegram\"><a rel=\"nofollow noopener noreferrer\" data-shared=\"\" class=\"share-telegram sd-button share-icon no-text\" href=\"http:\/\/www.rtvnoticias.com.ar\/?p=20590&amp;share=telegram\" target=\"_blank\" title=\"Haz clic para compartir en Telegram\"><span><\/span><span class=\"sharing-screen-reader-text\">Haz clic para compartir en Telegram (Se abre en una ventana nueva)<\/span><\/a><\/li><li class=\"share-end\"><\/li><\/ul><\/div><\/div><\/div>","protected":false},"excerpt":{"rendered":"<p>La medida ser\u00e1 publicada en el Bolet\u00edn Oficial en el marco de las restricciones por la pandemia. Argentina mantendr\u00e1 todos los vuelos en su territorio<\/p>\n<div class=\"sharedaddy sd-sharing-enabled\"><div class=\"robots-nocontent sd-block sd-social sd-social-icon sd-sharing\"><h3 class=\"sd-title\">Comparte esto:<\/h3><div class=\"sd-content\"><ul><li class=\"share-twitter\"><a rel=\"nofollow noopener noreferrer\" data-shared=\"sharing-twitter-20590\" class=\"share-twitter sd-button share-icon no-text\" href=\"http:\/\/www.rtvnoticias.com.ar\/?p=20590&amp;share=twitter\" target=\"_blank\" title=\"Haz clic para compartir en Twitter\"><span><\/span><span class=\"sharing-screen-reader-text\">Haz clic para compartir en Twitter (Se abre en una ventana nueva)<\/span><\/a><\/li><li class=\"share-facebook\"><a rel=\"nofollow noopener noreferrer\" data-shared=\"sharing-facebook-20590\" class=\"share-facebook sd-button share-icon no-text\" href=\"http:\/\/www.rtvnoticias.com.ar\/?p=20590&amp;share=facebook\" target=\"_blank\" title=\"Haz clic para compartir en Facebook\"><span><\/span><span class=\"sharing-screen-reader-text\">Haz clic para compartir en Facebook (Se abre en una ventana nueva)<\/span><\/a><\/li><li class=\"share-jetpack-whatsapp\"><a rel=\"nofollow noopener noreferrer\" data-shared=\"\" class=\"share-jetpack-whatsapp sd-button share-icon no-text\" href=\"http:\/\/www.rtvnoticias.com.ar\/?p=20590&amp;share=jetpack-whatsapp\" target=\"_blank\" title=\"Haz clic para compartir en WhatsApp\"><span><\/span><span class=\"sharing-screen-reader-text\">Haz clic para compartir en WhatsApp (Se abre en una ventana nueva)<\/span><\/a><\/li><li class=\"share-telegram\"><a rel=\"nofollow noopener noreferrer\" data-shared=\"\" class=\"share-telegram sd-button share-icon no-text\" href=\"http:\/\/www.rtvnoticias.com.ar\/?p=20590&amp;share=telegram\" target=\"_blank\" title=\"Haz clic para compartir en Telegram\"><span><\/span><span class=\"sharing-screen-reader-text\">Haz clic para compartir en Telegram (Se abre en una ventana nueva)<\/span><\/a><\/li><li class=\"share-end\"><\/li><\/ul><\/div><\/div><\/div>","protected":false},"author":7,"featured_media":20591,"comment_status":"closed","ping_status":"closed","sticky":false,"template":"","format":"standard","meta":{"spay_email":"","jetpack_publicize_message":"","jetpack_is_tweetstorm":false,"jetpack_publicize_feature_enabled":true},"categories":[3],"tags":[],"jetpack_featured_media_url":"http:\/\/www.rtvnoticias.com.ar\/wp-content\/uploads\/2020\/04\/aerolineas-arg.jpg","jetpack_publicize_connections":[],"jetpack_sharing_enabled":true,"_links":{"self":[{"href":"http:\/\/www.rtvnoticias.com.ar\/index.php?rest_route=\/wp\/v2\/posts\/20590"}],"collection":[{"href":"http:\/\/www.rtvnoticias.com.ar\/index.php?rest_route=\/wp\/v2\/posts"}],"about":[{"href":"http:\/\/www.rtvnoticias.com.ar\/index.php?rest_route=\/wp\/v2\/types\/post"}],"author":[{"embeddable":true,"href":"http:\/\/www.rtvnoticias.com.ar\/index.php?rest_route=\/wp\/v2\/users\/7"}],"replies":[{"embeddable":true,"href":"http:\/\/www.rtvnoticias.com.ar\/index.php?rest_route=%2Fwp%2Fv2%2Fcomments&post=20590"}],"version-history":[{"count":1,"href":"http:\/\/www.rtvnoticias.com.ar\/index.php?rest_route=\/wp\/v2\/posts\/20590\/revisions"}],"predecessor-version":[{"id":20592,"href":"http:\/\/www.rtvnoticias.com.ar\/index.php?rest_route=\/wp\/v2\/posts\/20590\/revisions\/20592"}],"wp:featuredmedia":[{"embeddable":true,"href":"http:\/\/www.rtvnoticias.com.ar\/index.php?rest_route=\/wp\/v2\/media\/20591"}],"wp:attachment":[{"href":"http:\/\/www.rtvnoticias.com.ar\/index.php?rest_route=%2Fwp%2Fv2%2Fmedia&parent=20590"}],"wp:term":[{"taxonomy":"category","embeddable":true,"href":"http:\/\/www.rtvnoticias.com.ar\/index.php?rest_route=%2Fwp%2Fv2%2Fcategories&post=20590"},{"taxonomy":"post_tag","embeddable":true,"href":"http:\/\/www.rtvnoticias.com.ar\/index.php?rest_route=%2Fwp%2Fv2%2Ftags&post=20590"}],"curies":[{"name":"wp","href":"https:\/\/api.w.org\/{rel}","templated":true}]}}