{"id":20595,"date":"2020-04-27T12:19:37","date_gmt":"2020-04-27T15:19:37","guid":{"rendered":"http:\/\/www.rtvnoticias.com.ar\/?p=20595"},"modified":"2020-04-27T12:19:40","modified_gmt":"2020-04-27T15:19:40","slug":"comunidad-organizada-propone-estrategias-hacia-una-cuarentena-focalizada","status":"publish","type":"post","link":"http:\/\/www.rtvnoticias.com.ar\/?p=20595","title":{"rendered":"Comunidad Organizada propone estrategias hacia una cuarentena focalizada"},"content":{"rendered":"\n<p>Los diputados provinciales de Comunidad Organizada, Sandra Fonseca y  Juan Pedro Brindesi, propusieron durante la sesi\u00f3n especial realizada el pasado jueves 23 de abril, estrategias que viabilicen un pasaje organizado de la cuarentena social preventiva y obligatoria hacia una  administrada y focalizada.<\/p>\n\n\n\n<p>En ese orden Fonseca expres\u00f3 que \u201cdesde nuestro bloque continuamos acompa\u00f1ando la pol\u00edtica sanitaria tan necesaria en estos tiempos. Quisiera destacar la participaci\u00f3n ciudadana frente al aislamiento social que impacta en todas las din\u00e1micas familiares, familias en la que esa din\u00e1mica se torna positiva y se potencia en sus actitudes , pero tambi\u00e9n puntualizar los casos existentes de conflicto intrafamiliar, entre ellos la violencia de g\u00e9nero donde el Estado debe intervenir y mejorar su abordaje desde un enfoque integral y multisectorial\u201d.<\/p>\n\n\n\n<p>Por tal motivo, propuso \u201cno s\u00f3lo convocar en una red a todas las instituciones del Estado, sino tambi\u00e9n a las instituciones privadas, a las organizaciones, al voluntariado social, a los representantes de los colegios profesionales, como son el de Psic\u00f3logos, el de Trabajadores Sociales, ya no para hablar de los intereses de los cuerpos colegiados, sino para realizar aportes desde sus saberes en momentos de esta crisis humanitaria que atravesamos\u201d.<\/p>\n\n\n\n<p>\u201cDesde Comunidad Organizada seguiremos acompa\u00f1ando, pero con observaciones, con puntualizaciones concretas; el gobernador nos ha convocado a los distintos presidentes de bloque al Comit\u00e9 de Crisis, como tambi\u00e9n nos ha adelantado los proyectos en tratamiento; all\u00ed he tenido la posibilidad de alcanzarle una serie de relevamientos, necesidades, propuestas y estrategias que viabilicen un pasaje organizado de la cuarentena social preventiva y obligatoria hacia una cuarentena administrada y focalizada, con importante mensaje de la necesidad de la continuidad del apoyo responsable de los ciudadanos pampeanos\u201d, indic\u00f3 Fonseca.<\/p>\n\n\n\n<p>En tanto, a su turno el diputado Juan Pedro Brindesi, manifest\u00f3 que \u201ces importante que se tomen medidas econ\u00f3micas para los diversos sectores socio-econ\u00f3micos de la provincia. Destacamos el apoyo que brindar\u00e1 el Banco de La Pampa a trav\u00e9s de los pr\u00e9stamos a tasa cero, pero a la vez solicitamos que la cuarentena administrada incluya a esas personas contribuyentes que van a ser asistidas por dicho Banco. Se les debe permitir trabajar, caso contrario la pandemia sanitaria que vivimos nos llevar\u00e1 luego a una pandemia econ\u00f3mica\u201d.<\/p>\n\n\n\n<p>En ese sentido, Brindesi avizor\u00f3 que \u201csi no se comienza a abrir administradamente cada uno de los sectores con los mayores recaudos, con m\u00e1s las medidas sanitarias que se est\u00e1n tomando, algunas empresas no van a poder pagar los sueldos, ya que siete de cada diez empresas est\u00e1n teniendo ingresos cero durante este mes\u201d.<\/p>\n\n\n\n<p>\u201cLa ley que impide los despidos no se cumplir\u00e1, quedar\u00e1 obsoleta ya que las empresas directamente quebrar\u00e1n; en la localidad de General Pico actualmente hay alrededor de quinientas suspensiones, hay empresas que han suspendido hasta ciento cincuenta obreros\u201d, advirti\u00f3 el legislador .<\/p>\n\n\n\n<p>\u201cEl Banco Central se tendr\u00eda que hacer cargo de estas situaciones, pero hasta tanto eso no suceda es el Estado provincial quien deber\u00e1 hacerlo ya que no se puede esperar m\u00e1s tiempo\u201d, concluy\u00f3 el legislador.<\/p>\n<div class=\"sharedaddy sd-sharing-enabled\"><div class=\"robots-nocontent sd-block sd-social sd-social-icon sd-sharing\"><h3 class=\"sd-title\">Comparte esto:<\/h3><div class=\"sd-content\"><ul><li class=\"share-twitter\"><a rel=\"nofollow noopener noreferrer\" data-shared=\"sharing-twitter-20595\" class=\"share-twitter sd-button share-icon no-text\" href=\"http:\/\/www.rtvnoticias.com.ar\/?p=20595&amp;share=twitter\" target=\"_blank\" title=\"Haz clic para compartir en Twitter\"><span><\/span><span class=\"sharing-screen-reader-text\">Haz clic para compartir en Twitter (Se abre en una ventana nueva)<\/span><\/a><\/li><li class=\"share-facebook\"><a rel=\"nofollow noopener noreferrer\" data-shared=\"sharing-facebook-20595\" class=\"share-facebook sd-button share-icon no-text\" href=\"http:\/\/www.rtvnoticias.com.ar\/?p=20595&amp;share=facebook\" target=\"_blank\" title=\"Haz clic para compartir en Facebook\"><span><\/span><span class=\"sharing-screen-reader-text\">Haz clic para compartir en Facebook (Se abre en una ventana nueva)<\/span><\/a><\/li><li class=\"share-jetpack-whatsapp\"><a rel=\"nofollow noopener noreferrer\" data-shared=\"\" class=\"share-jetpack-whatsapp sd-button share-icon no-text\" href=\"http:\/\/www.rtvnoticias.com.ar\/?p=20595&amp;share=jetpack-whatsapp\" target=\"_blank\" title=\"Haz clic para compartir en WhatsApp\"><span><\/span><span class=\"sharing-screen-reader-text\">Haz clic para compartir en WhatsApp (Se abre en una ventana nueva)<\/span><\/a><\/li><li class=\"share-telegram\"><a rel=\"nofollow noopener noreferrer\" data-shared=\"\" class=\"share-telegram sd-button share-icon no-text\" href=\"http:\/\/www.rtvnoticias.com.ar\/?p=20595&amp;share=telegram\" target=\"_blank\" title=\"Haz clic para compartir en Telegram\"><span><\/span><span class=\"sharing-screen-reader-text\">Haz clic para compartir en Telegram (Se abre en una ventana nueva)<\/span><\/a><\/li><li class=\"share-end\"><\/li><\/ul><\/div><\/div><\/div>","protected":false},"excerpt":{"rendered":"<p>Los diputados provinciales de Comunidad Organizada, Sandra Fonseca y Juan Pedro Brindesi, propusieron durante la sesi\u00f3n especial realizada el pasado jueves 23 de abril, estrategias<\/p>\n<div class=\"sharedaddy sd-sharing-enabled\"><div class=\"robots-nocontent sd-block sd-social sd-social-icon sd-sharing\"><h3 class=\"sd-title\">Comparte esto:<\/h3><div class=\"sd-content\"><ul><li class=\"share-twitter\"><a rel=\"nofollow noopener noreferrer\" data-shared=\"sharing-twitter-20595\" class=\"share-twitter sd-button share-icon no-text\" href=\"http:\/\/www.rtvnoticias.com.ar\/?p=20595&amp;share=twitter\" target=\"_blank\" title=\"Haz clic para compartir en Twitter\"><span><\/span><span class=\"sharing-screen-reader-text\">Haz clic para compartir en Twitter (Se abre en una ventana nueva)<\/span><\/a><\/li><li class=\"share-facebook\"><a rel=\"nofollow noopener noreferrer\" data-shared=\"sharing-facebook-20595\" class=\"share-facebook sd-button share-icon no-text\" href=\"http:\/\/www.rtvnoticias.com.ar\/?p=20595&amp;share=facebook\" target=\"_blank\" title=\"Haz clic para compartir en Facebook\"><span><\/span><span class=\"sharing-screen-reader-text\">Haz clic para compartir en Facebook (Se abre en una ventana nueva)<\/span><\/a><\/li><li class=\"share-jetpack-whatsapp\"><a rel=\"nofollow noopener noreferrer\" data-shared=\"\" class=\"share-jetpack-whatsapp sd-button share-icon no-text\" href=\"http:\/\/www.rtvnoticias.com.ar\/?p=20595&amp;share=jetpack-whatsapp\" target=\"_blank\" title=\"Haz clic para compartir en WhatsApp\"><span><\/span><span class=\"sharing-screen-reader-text\">Haz clic para compartir en WhatsApp (Se abre en una ventana nueva)<\/span><\/a><\/li><li class=\"share-telegram\"><a rel=\"nofollow noopener noreferrer\" data-shared=\"\" class=\"share-telegram sd-button share-icon no-text\" href=\"http:\/\/www.rtvnoticias.com.ar\/?p=20595&amp;share=telegram\" target=\"_blank\" title=\"Haz clic para compartir en Telegram\"><span><\/span><span class=\"sharing-screen-reader-text\">Haz clic para compartir en Telegram (Se abre en una ventana nueva)<\/span><\/a><\/li><li class=\"share-end\"><\/li><\/ul><\/div><\/div><\/div>","protected":false},"author":7,"featured_media":20596,"comment_status":"closed","ping_status":"closed","sticky":false,"template":"","format":"standard","meta":{"spay_email":"","jetpack_publicize_message":"","jetpack_is_tweetstorm":false,"jetpack_publicize_feature_enabled":true},"categories":[4],"tags":[],"jetpack_featured_media_url":"http:\/\/www.rtvnoticias.com.ar\/wp-content\/uploads\/2020\/04\/fonseca-brindesi.jpg","jetpack_publicize_connections":[],"jetpack_sharing_enabled":true,"_links":{"self":[{"href":"http:\/\/www.rtvnoticias.com.ar\/index.php?rest_route=\/wp\/v2\/posts\/20595"}],"collection":[{"href":"http:\/\/www.rtvnoticias.com.ar\/index.php?rest_route=\/wp\/v2\/posts"}],"about":[{"href":"http:\/\/www.rtvnoticias.com.ar\/index.php?rest_route=\/wp\/v2\/types\/post"}],"author":[{"embeddable":true,"href":"http:\/\/www.rtvnoticias.com.ar\/index.php?rest_route=\/wp\/v2\/users\/7"}],"replies":[{"embeddable":true,"href":"http:\/\/www.rtvnoticias.com.ar\/index.php?rest_route=%2Fwp%2Fv2%2Fcomments&post=20595"}],"version-history":[{"count":1,"href":"http:\/\/www.rtvnoticias.com.ar\/index.php?rest_route=\/wp\/v2\/posts\/20595\/revisions"}],"predecessor-version":[{"id":20597,"href":"http:\/\/www.rtvnoticias.com.ar\/index.php?rest_route=\/wp\/v2\/posts\/20595\/revisions\/20597"}],"wp:featuredmedia":[{"embeddable":true,"href":"http:\/\/www.rtvnoticias.com.ar\/index.php?rest_route=\/wp\/v2\/media\/20596"}],"wp:attachment":[{"href":"http:\/\/www.rtvnoticias.com.ar\/index.php?rest_route=%2Fwp%2Fv2%2Fmedia&parent=20595"}],"wp:term":[{"taxonomy":"category","embeddable":true,"href":"http:\/\/www.rtvnoticias.com.ar\/index.php?rest_route=%2Fwp%2Fv2%2Fcategories&post=20595"},{"taxonomy":"post_tag","embeddable":true,"href":"http:\/\/www.rtvnoticias.com.ar\/index.php?rest_route=%2Fwp%2Fv2%2Ftags&post=20595"}],"curies":[{"name":"wp","href":"https:\/\/api.w.org\/{rel}","templated":true}]}}