{"id":20603,"date":"2020-04-28T00:05:22","date_gmt":"2020-04-28T03:05:22","guid":{"rendered":"http:\/\/www.rtvnoticias.com.ar\/?p=20603"},"modified":"2020-04-27T20:12:33","modified_gmt":"2020-04-27T23:12:33","slug":"ziliotto-adelanto-mas-de-490-millones-para-que-intendentes-paguen-salarios-y-el-iss-jubilaciones","status":"publish","type":"post","link":"http:\/\/www.rtvnoticias.com.ar\/?p=20603","title":{"rendered":"Ziliotto adelant\u00f3 m\u00e1s de 490 millones para que intendentes paguen salarios y el ISS jubilaciones"},"content":{"rendered":"\n<p>El Poder Ejecutivo Provincial mediante el dictado del decreto correspondiente decidi\u00f3, ante la solicitud de varios municipios, adelantar la suma de $ 246 millones a cuenta de la coparticipaci\u00f3n municipal futura a fin de solventar los pagos de sueldos y contribuciones patronales de empleados municipales correspondientes al mes de abril de 2020. Tambi\u00e9n adelant\u00f3 244,6 millones de pesos al ISS para el pago de jubilaciones.<\/p>\n\n\n\n<p>\n\nLa medida se tom\u00f3 en virtud de la ca\u00edda de la recaudaci\u00f3n, que&nbsp;afecta&nbsp;no s\u00f3lo a las finanzas nacionales y provinciales respectivamente, sino tambi\u00e9n a las arcas municipales y tambi\u00e9n al Instituto de Seguridad Social en su Sistema Previsional, ya que parte de la recaudaci\u00f3n nacional se destina al financiamiento de los tres sistemas jubilatorios que administra.\n\n<\/p>\n\n\n\n<p>Se hizo notar que los anticipos solicitados fueron disminuidos&nbsp;por el impacto en la coparticipaci\u00f3n de los Aportes del Tesoro Nacional, entre todos los municipios, recibidos por la Provincia hasta la fecha.&nbsp;Asimismo, tambi\u00e9n mediante el decreto respectivo, autoriz\u00f3 y la Tesorer\u00eda General de la Provincia transfiri\u00f3 la suma de $ 244.6 millones al Instituto de Seguridad Social (ISS), para hacer frente al pago de los haberes de los jubilados, retirados y pensionados del mes de abril de 2020, que fue acreditado a los beneficiarios el d\u00eda 23 del corriente.<\/p>\n\n\n\n<p>Se seguir\u00e1 con la debida atenci\u00f3n la evoluci\u00f3n de los recursos y su impacto en la coparticipaci\u00f3n municipal, para seguir adoptando medidas para con los municipios en el marco de las posibilidades del Tesoro provincial, priorizando el pago de sueldos y contribuciones patronales.<\/p>\n\n\n\n<p><strong>COBRO DE ESTATALES<\/strong><\/p>\n\n\n\n<p>Se trata de la Liquidaci\u00f3n General del mes de abril. Desde Contadur\u00eda General de la Provincia se inform\u00f3 que el pr\u00f3ximo 30 de abril de 2020 estar\u00e1n acreditados en las respectivas cajas de ahorro, los haberes correspondientes a la Liquidaci\u00f3n General del corriente mes.<\/p>\n<div class=\"sharedaddy sd-sharing-enabled\"><div class=\"robots-nocontent sd-block sd-social sd-social-icon sd-sharing\"><h3 class=\"sd-title\">Comparte esto:<\/h3><div class=\"sd-content\"><ul><li class=\"share-twitter\"><a rel=\"nofollow noopener noreferrer\" data-shared=\"sharing-twitter-20603\" class=\"share-twitter sd-button share-icon no-text\" href=\"http:\/\/www.rtvnoticias.com.ar\/?p=20603&amp;share=twitter\" target=\"_blank\" title=\"Haz clic para compartir en Twitter\"><span><\/span><span class=\"sharing-screen-reader-text\">Haz clic para compartir en Twitter (Se abre en una ventana nueva)<\/span><\/a><\/li><li class=\"share-facebook\"><a rel=\"nofollow noopener noreferrer\" data-shared=\"sharing-facebook-20603\" class=\"share-facebook sd-button share-icon no-text\" href=\"http:\/\/www.rtvnoticias.com.ar\/?p=20603&amp;share=facebook\" target=\"_blank\" title=\"Haz clic para compartir en Facebook\"><span><\/span><span class=\"sharing-screen-reader-text\">Haz clic para compartir en Facebook (Se abre en una ventana nueva)<\/span><\/a><\/li><li class=\"share-jetpack-whatsapp\"><a rel=\"nofollow noopener noreferrer\" data-shared=\"\" class=\"share-jetpack-whatsapp sd-button share-icon no-text\" href=\"http:\/\/www.rtvnoticias.com.ar\/?p=20603&amp;share=jetpack-whatsapp\" target=\"_blank\" title=\"Haz clic para compartir en WhatsApp\"><span><\/span><span class=\"sharing-screen-reader-text\">Haz clic para compartir en WhatsApp (Se abre en una ventana nueva)<\/span><\/a><\/li><li class=\"share-telegram\"><a rel=\"nofollow noopener noreferrer\" data-shared=\"\" class=\"share-telegram sd-button share-icon no-text\" href=\"http:\/\/www.rtvnoticias.com.ar\/?p=20603&amp;share=telegram\" target=\"_blank\" title=\"Haz clic para compartir en Telegram\"><span><\/span><span class=\"sharing-screen-reader-text\">Haz clic para compartir en Telegram (Se abre en una ventana nueva)<\/span><\/a><\/li><li class=\"share-end\"><\/li><\/ul><\/div><\/div><\/div>","protected":false},"excerpt":{"rendered":"<p>El Poder Ejecutivo Provincial mediante el dictado del decreto correspondiente decidi\u00f3, ante la solicitud de varios municipios, adelantar la suma de $ 246 millones a<\/p>\n<div class=\"sharedaddy sd-sharing-enabled\"><div class=\"robots-nocontent sd-block sd-social sd-social-icon sd-sharing\"><h3 class=\"sd-title\">Comparte esto:<\/h3><div class=\"sd-content\"><ul><li class=\"share-twitter\"><a rel=\"nofollow noopener noreferrer\" data-shared=\"sharing-twitter-20603\" class=\"share-twitter sd-button share-icon no-text\" href=\"http:\/\/www.rtvnoticias.com.ar\/?p=20603&amp;share=twitter\" target=\"_blank\" title=\"Haz clic para compartir en Twitter\"><span><\/span><span class=\"sharing-screen-reader-text\">Haz clic para compartir en Twitter (Se abre en una ventana nueva)<\/span><\/a><\/li><li class=\"share-facebook\"><a rel=\"nofollow noopener noreferrer\" data-shared=\"sharing-facebook-20603\" class=\"share-facebook sd-button share-icon no-text\" href=\"http:\/\/www.rtvnoticias.com.ar\/?p=20603&amp;share=facebook\" target=\"_blank\" title=\"Haz clic para compartir en Facebook\"><span><\/span><span class=\"sharing-screen-reader-text\">Haz clic para compartir en Facebook (Se abre en una ventana nueva)<\/span><\/a><\/li><li class=\"share-jetpack-whatsapp\"><a rel=\"nofollow noopener noreferrer\" data-shared=\"\" class=\"share-jetpack-whatsapp sd-button share-icon no-text\" href=\"http:\/\/www.rtvnoticias.com.ar\/?p=20603&amp;share=jetpack-whatsapp\" target=\"_blank\" title=\"Haz clic para compartir en WhatsApp\"><span><\/span><span class=\"sharing-screen-reader-text\">Haz clic para compartir en WhatsApp (Se abre en una ventana nueva)<\/span><\/a><\/li><li class=\"share-telegram\"><a rel=\"nofollow noopener noreferrer\" data-shared=\"\" class=\"share-telegram sd-button share-icon no-text\" href=\"http:\/\/www.rtvnoticias.com.ar\/?p=20603&amp;share=telegram\" target=\"_blank\" title=\"Haz clic para compartir en Telegram\"><span><\/span><span class=\"sharing-screen-reader-text\">Haz clic para compartir en Telegram (Se abre en una ventana nueva)<\/span><\/a><\/li><li class=\"share-end\"><\/li><\/ul><\/div><\/div><\/div>","protected":false},"author":5,"featured_media":20604,"comment_status":"closed","ping_status":"closed","sticky":false,"template":"","format":"standard","meta":{"spay_email":"","jetpack_publicize_message":"","jetpack_is_tweetstorm":false,"jetpack_publicize_feature_enabled":true},"categories":[4],"tags":[3253],"jetpack_featured_media_url":"http:\/\/www.rtvnoticias.com.ar\/wp-content\/uploads\/2020\/04\/cajero-sueldo.jpg","jetpack_publicize_connections":[],"jetpack_sharing_enabled":true,"_links":{"self":[{"href":"http:\/\/www.rtvnoticias.com.ar\/index.php?rest_route=\/wp\/v2\/posts\/20603"}],"collection":[{"href":"http:\/\/www.rtvnoticias.com.ar\/index.php?rest_route=\/wp\/v2\/posts"}],"about":[{"href":"http:\/\/www.rtvnoticias.com.ar\/index.php?rest_route=\/wp\/v2\/types\/post"}],"author":[{"embeddable":true,"href":"http:\/\/www.rtvnoticias.com.ar\/index.php?rest_route=\/wp\/v2\/users\/5"}],"replies":[{"embeddable":true,"href":"http:\/\/www.rtvnoticias.com.ar\/index.php?rest_route=%2Fwp%2Fv2%2Fcomments&post=20603"}],"version-history":[{"count":1,"href":"http:\/\/www.rtvnoticias.com.ar\/index.php?rest_route=\/wp\/v2\/posts\/20603\/revisions"}],"predecessor-version":[{"id":20605,"href":"http:\/\/www.rtvnoticias.com.ar\/index.php?rest_route=\/wp\/v2\/posts\/20603\/revisions\/20605"}],"wp:featuredmedia":[{"embeddable":true,"href":"http:\/\/www.rtvnoticias.com.ar\/index.php?rest_route=\/wp\/v2\/media\/20604"}],"wp:attachment":[{"href":"http:\/\/www.rtvnoticias.com.ar\/index.php?rest_route=%2Fwp%2Fv2%2Fmedia&parent=20603"}],"wp:term":[{"taxonomy":"category","embeddable":true,"href":"http:\/\/www.rtvnoticias.com.ar\/index.php?rest_route=%2Fwp%2Fv2%2Fcategories&post=20603"},{"taxonomy":"post_tag","embeddable":true,"href":"http:\/\/www.rtvnoticias.com.ar\/index.php?rest_route=%2Fwp%2Fv2%2Ftags&post=20603"}],"curies":[{"name":"wp","href":"https:\/\/api.w.org\/{rel}","templated":true}]}}