{"id":20612,"date":"2020-04-28T12:02:24","date_gmt":"2020-04-28T15:02:24","guid":{"rendered":"http:\/\/www.rtvnoticias.com.ar\/?p=20612"},"modified":"2020-04-28T12:02:29","modified_gmt":"2020-04-28T15:02:29","slug":"delu-explico-como-seran-las-sesiones-virtuales-que-prepara-el-congreso","status":"publish","type":"post","link":"http:\/\/www.rtvnoticias.com.ar\/?p=20612","title":{"rendered":"Del\u00fa explic\u00f3 c\u00f3mo ser\u00e1n las sesiones virtuales que prepara el Congreso"},"content":{"rendered":"\n<p>La diputada nacional Melina Del\u00fa dio detalles de c\u00f3mo se est\u00e1n gestionando desde la Comisi\u00f3m de Modernizaci\u00f3n, la realizaci\u00f3n de sesiones virtuales de la C\u00e1mara baja. Este martes se re\u00fane la comisi\u00f3n para avanzar en el tratamiento.&nbsp;<\/p>\n\n\n\n<p>Del\u00fa justific\u00f3 la situaci\u00f3n diciendo que \u201cla mejor forma de sesionar, recomendado por los especialistas, es hacerlo de manera virtual. A pesar que parece un recinto grande, estamos muy juntos. Adem\u00e1s de los m\u00e1s de 250 legisladores, hay que contar a los secretarios, prosecretarios, personal de asistencia\u201d.<\/p>\n\n\n\n<p>Del\u00fa asegur\u00f3 que la legitimidad de este tipo de sesiones est\u00e1 garantizada ya que \u201chay un protocolo de seguridad que imposibilita el ingreso de otra persona que no sea el diputado con claves y reconocimiento facial\u201d.&nbsp;<\/p>\n\n\n\n<p>Si bien la diputada se encuentra en esta ciudad haciendo aislamiento preventivo por ser una persona considerada de riesgo, manifest\u00f3 que sigui\u00f3 trabajando en proyectos e iniciativas vinculados al sector de la salud y de la comunidad en general.<\/p>\n\n\n\n<p>\u201cLa mayor\u00eda est\u00e1n ligados al tema de la pandemia, hemos pedido que el bono otorgado al personal de salud no sea alcanzado por el impuesto a las ganancias, entre otros puntos, y a nivel provincial seguimos ocup\u00e1ndonos de nuestros recursos h\u00eddricos en la provincia\u201d.<\/p>\n\n\n\n<p>\u201cAdem\u00e1s hemos propuesto crear un fideicomiso para hacer el salvataje econ\u00f3mico de micro, peque\u00f1as y medianas empresas afectadas, sobre todo para la cobertura de cheques rechazados por falta de fondos, por un per\u00edodo que abarcar\u00eda desde el 19 de marzo al 30 de abril con posibilidades de ampliaci\u00f3n del per\u00edodo de aislamiento, con el objetivo que las firmas no queden asentados en el BCRA\u201d, indic\u00f3.\u00a0<\/p>\n\n\n\n<figure class=\"wp-block-embed-soundcloud wp-block-embed is-type-rich is-provider-soundcloud wp-embed-aspect-4-3 wp-has-aspect-ratio\"><div class=\"wp-block-embed__wrapper\">\n<iframe loading=\"lazy\" title=\"Melina Del\u00fa explic\u00f3 c\u00f3mo ser\u00e1n las sesiones virtuales que prepara el Congreso by Radio37\" width=\"640\" height=\"400\" scrolling=\"no\" frameborder=\"no\" src=\"https:\/\/w.soundcloud.com\/player\/?visual=true&#038;url=https%3A%2F%2Fapi.soundcloud.com%2Ftracks%2F808998547&#038;show_artwork=true&#038;maxheight=960&#038;maxwidth=640\"><\/iframe>\n<\/div><\/figure>\n<div class=\"sharedaddy sd-sharing-enabled\"><div class=\"robots-nocontent sd-block sd-social sd-social-icon sd-sharing\"><h3 class=\"sd-title\">Comparte esto:<\/h3><div class=\"sd-content\"><ul><li class=\"share-twitter\"><a rel=\"nofollow noopener noreferrer\" data-shared=\"sharing-twitter-20612\" class=\"share-twitter sd-button share-icon no-text\" href=\"http:\/\/www.rtvnoticias.com.ar\/?p=20612&amp;share=twitter\" target=\"_blank\" title=\"Haz clic para compartir en Twitter\"><span><\/span><span class=\"sharing-screen-reader-text\">Haz clic para compartir en Twitter (Se abre en una ventana nueva)<\/span><\/a><\/li><li class=\"share-facebook\"><a rel=\"nofollow noopener noreferrer\" data-shared=\"sharing-facebook-20612\" class=\"share-facebook sd-button share-icon no-text\" href=\"http:\/\/www.rtvnoticias.com.ar\/?p=20612&amp;share=facebook\" target=\"_blank\" title=\"Haz clic para compartir en Facebook\"><span><\/span><span class=\"sharing-screen-reader-text\">Haz clic para compartir en Facebook (Se abre en una ventana nueva)<\/span><\/a><\/li><li class=\"share-jetpack-whatsapp\"><a rel=\"nofollow noopener noreferrer\" data-shared=\"\" class=\"share-jetpack-whatsapp sd-button share-icon no-text\" href=\"http:\/\/www.rtvnoticias.com.ar\/?p=20612&amp;share=jetpack-whatsapp\" target=\"_blank\" title=\"Haz clic para compartir en WhatsApp\"><span><\/span><span class=\"sharing-screen-reader-text\">Haz clic para compartir en WhatsApp (Se abre en una ventana nueva)<\/span><\/a><\/li><li class=\"share-telegram\"><a rel=\"nofollow noopener noreferrer\" data-shared=\"\" class=\"share-telegram sd-button share-icon no-text\" href=\"http:\/\/www.rtvnoticias.com.ar\/?p=20612&amp;share=telegram\" target=\"_blank\" title=\"Haz clic para compartir en Telegram\"><span><\/span><span class=\"sharing-screen-reader-text\">Haz clic para compartir en Telegram (Se abre en una ventana nueva)<\/span><\/a><\/li><li class=\"share-end\"><\/li><\/ul><\/div><\/div><\/div>","protected":false},"excerpt":{"rendered":"<p>La diputada nacional Melina Del\u00fa dio detalles de c\u00f3mo se est\u00e1n gestionando desde la Comisi\u00f3m de Modernizaci\u00f3n, la realizaci\u00f3n de sesiones virtuales de la C\u00e1mara<\/p>\n<div class=\"sharedaddy sd-sharing-enabled\"><div class=\"robots-nocontent sd-block sd-social sd-social-icon sd-sharing\"><h3 class=\"sd-title\">Comparte esto:<\/h3><div class=\"sd-content\"><ul><li class=\"share-twitter\"><a rel=\"nofollow noopener noreferrer\" data-shared=\"sharing-twitter-20612\" class=\"share-twitter sd-button share-icon no-text\" href=\"http:\/\/www.rtvnoticias.com.ar\/?p=20612&amp;share=twitter\" target=\"_blank\" title=\"Haz clic para compartir en Twitter\"><span><\/span><span class=\"sharing-screen-reader-text\">Haz clic para compartir en Twitter (Se abre en una ventana nueva)<\/span><\/a><\/li><li class=\"share-facebook\"><a rel=\"nofollow noopener noreferrer\" data-shared=\"sharing-facebook-20612\" class=\"share-facebook sd-button share-icon no-text\" href=\"http:\/\/www.rtvnoticias.com.ar\/?p=20612&amp;share=facebook\" target=\"_blank\" title=\"Haz clic para compartir en Facebook\"><span><\/span><span class=\"sharing-screen-reader-text\">Haz clic para compartir en Facebook (Se abre en una ventana nueva)<\/span><\/a><\/li><li class=\"share-jetpack-whatsapp\"><a rel=\"nofollow noopener noreferrer\" data-shared=\"\" class=\"share-jetpack-whatsapp sd-button share-icon no-text\" href=\"http:\/\/www.rtvnoticias.com.ar\/?p=20612&amp;share=jetpack-whatsapp\" target=\"_blank\" title=\"Haz clic para compartir en WhatsApp\"><span><\/span><span class=\"sharing-screen-reader-text\">Haz clic para compartir en WhatsApp (Se abre en una ventana nueva)<\/span><\/a><\/li><li class=\"share-telegram\"><a rel=\"nofollow noopener noreferrer\" data-shared=\"\" class=\"share-telegram sd-button share-icon no-text\" href=\"http:\/\/www.rtvnoticias.com.ar\/?p=20612&amp;share=telegram\" target=\"_blank\" title=\"Haz clic para compartir en Telegram\"><span><\/span><span class=\"sharing-screen-reader-text\">Haz clic para compartir en Telegram (Se abre en una ventana nueva)<\/span><\/a><\/li><li class=\"share-end\"><\/li><\/ul><\/div><\/div><\/div>","protected":false},"author":7,"featured_media":20613,"comment_status":"closed","ping_status":"closed","sticky":false,"template":"","format":"standard","meta":{"spay_email":"","jetpack_publicize_message":"","jetpack_is_tweetstorm":false,"jetpack_publicize_feature_enabled":true},"categories":[3,5,4],"tags":[],"jetpack_featured_media_url":"http:\/\/www.rtvnoticias.com.ar\/wp-content\/uploads\/2020\/04\/melina-delu.jpg","jetpack_publicize_connections":[],"jetpack_sharing_enabled":true,"_links":{"self":[{"href":"http:\/\/www.rtvnoticias.com.ar\/index.php?rest_route=\/wp\/v2\/posts\/20612"}],"collection":[{"href":"http:\/\/www.rtvnoticias.com.ar\/index.php?rest_route=\/wp\/v2\/posts"}],"about":[{"href":"http:\/\/www.rtvnoticias.com.ar\/index.php?rest_route=\/wp\/v2\/types\/post"}],"author":[{"embeddable":true,"href":"http:\/\/www.rtvnoticias.com.ar\/index.php?rest_route=\/wp\/v2\/users\/7"}],"replies":[{"embeddable":true,"href":"http:\/\/www.rtvnoticias.com.ar\/index.php?rest_route=%2Fwp%2Fv2%2Fcomments&post=20612"}],"version-history":[{"count":1,"href":"http:\/\/www.rtvnoticias.com.ar\/index.php?rest_route=\/wp\/v2\/posts\/20612\/revisions"}],"predecessor-version":[{"id":20614,"href":"http:\/\/www.rtvnoticias.com.ar\/index.php?rest_route=\/wp\/v2\/posts\/20612\/revisions\/20614"}],"wp:featuredmedia":[{"embeddable":true,"href":"http:\/\/www.rtvnoticias.com.ar\/index.php?rest_route=\/wp\/v2\/media\/20613"}],"wp:attachment":[{"href":"http:\/\/www.rtvnoticias.com.ar\/index.php?rest_route=%2Fwp%2Fv2%2Fmedia&parent=20612"}],"wp:term":[{"taxonomy":"category","embeddable":true,"href":"http:\/\/www.rtvnoticias.com.ar\/index.php?rest_route=%2Fwp%2Fv2%2Fcategories&post=20612"},{"taxonomy":"post_tag","embeddable":true,"href":"http:\/\/www.rtvnoticias.com.ar\/index.php?rest_route=%2Fwp%2Fv2%2Ftags&post=20612"}],"curies":[{"name":"wp","href":"https:\/\/api.w.org\/{rel}","templated":true}]}}