{"id":20618,"date":"2020-04-28T13:26:15","date_gmt":"2020-04-28T16:26:15","guid":{"rendered":"http:\/\/www.rtvnoticias.com.ar\/?p=20618"},"modified":"2020-04-28T13:26:17","modified_gmt":"2020-04-28T16:26:17","slug":"el-municipio-realizo-gestiones-de-obras-publicas-en-santa-rosa","status":"publish","type":"post","link":"http:\/\/www.rtvnoticias.com.ar\/?p=20618","title":{"rendered":"El municipio realiz\u00f3 gestiones de obras p\u00fablicas en Santa Rosa"},"content":{"rendered":"\n<p>A trav\u00e9s de la Secretar\u00eda de Planificaci\u00f3n y Gesti\u00f3n Urbana, el Municipio de la ciudad particip\u00f3 de varias reuniones en la ciudad de Santa Rosa, con el objetivo de tratar distintos temas referidos a la obra p\u00fablica de General Pico.<\/p>\n\n\n\n<p>La actividad tuvo lugar en Santa Rosa, entre el secretario de Planificaci\u00f3n y Gesti\u00f3n Urbana, Jorge Gabba, y los titulares de los sectores comprendidos durante los diferentes encuentros.<br><\/p>\n\n\n\n<p>En primer lugar, Gabba se reuni\u00f3 con el subsecretario de Obras y Servicios P\u00fablicos del Gobierno de La Pampa, Julio Rojo. Sobre este encuentro, el funcionario local coment\u00f3 que \u201cle acercamos al ingeniero Rojo informaci\u00f3n para una presentaci\u00f3n a nivel nacional en el Ente Nacional de Obras H\u00eddricas de Saneamiento (Enohsa). Llevamos algunos proyectos referidos a las redes de agua, tanques de agua, cisternas, proyectos futuros a realizarse en nuestra ciudad\u201d.<br><\/p>\n\n\n\n<p>A\u00f1adi\u00f3 que: \u201cAdem\u00e1s de este tema particular, el encuentro cont\u00f3 con un repaso de obras que se est\u00e1n desarrollando en la ciudad a trav\u00e9s del Ministerio de Obras P\u00fablicas. Estas obras cuentan con fondos nacionales de Enohsa, que son gestionados por la Provincia a trav\u00e9s del Ministerio.<br><\/p>\n\n\n\n<p>Por otra parte, coment\u00f3 tambi\u00e9n: \u201cNos reunimos con el titular de la Administraci\u00f3n Provincial de Agua (APA), Fabricio Gonz\u00e1lez Mart\u00edn, para tratar el proyecto LORDA. Venimos realizando un seguimiento en conjunto con autoridades del APA y el Ministerio de Obras P\u00fablicas. Es un proyecto que nos tiene muy interesados y atentos, en el que hemos avanzando en la preparaci\u00f3n de la documentaci\u00f3n\u201d, explic\u00f3.<br><\/p>\n\n\n\n<p>Gabba se\u00f1al\u00f3 que \u201cdurante este encuentro charlamos sobre el PROMANCA, que es el Programa de Mantenimiento de Canales, donde seguimos trabajando en la readecuaci\u00f3n y mantenimiento de los existentes, reiniciando el trabajo una vez que finaliza. Tambi\u00e9n dialogamos sobre proyectos de Propays que incluye algunos canales que vamos a realizar en distintos barrios de la ciudad\u201d.<\/p>\n\n\n\n<p>El titular de la Secretar\u00eda brind\u00f3 algunos detalles de otro de los encuentros que mantuvo  en la ciudad capitalina. Fue en la sede de la Direcci\u00f3n Provincial de Vialidad.<br><\/p>\n\n\n\n<p>\u201cAll\u00ed nos recibi\u00f3 el presidente del \u00e1rea, Rodrigo Cadenas, con quien dialogamos sobre otro de los proyectos que anunci\u00f3 el se\u00f1or gobernador, Sergio Ziliotto, referido a nuevas cuadras de asfalto y reparaci\u00f3n del casco urbano de la ciudad. Esta acci\u00f3n se encuentra en estado avanzado y luego la intendenta Fernanda Alonso definir\u00e1 los \u00faltimos puntos con nuestro mandatario provincial\u201d, dijo al respecto.<br><\/p>\n\n\n\n<p>Es importante mencionar que la Planta de Asfalto local provee material de bacheo para la Direcci\u00f3n Provincial de Vialidad, por lo cual tambi\u00e9n trataron la tem\u00e1tica con Cadenas.<br><\/p>\n\n\n\n<p>En la \u00faltima reuni\u00f3n, Gabba estuvo en la Administraci\u00f3n Provincial de Energ\u00eda (APE), \u201cPara tratar la adquisici\u00f3n de postes y luminarias con la finalidad de poder suplir las necesidades que tenemos en la localidad\u201d, dijo.<br><\/p>\n\n\n\n<p>Antes de finalizar, el secretario municipal agradeci\u00f3 de forma especial al gobernador de la Provincia, Sergio Ziliotto, \u201cquien realiz\u00f3 las gestiones pertinentes para que los encuentros pudieran concretarse. Tambi\u00e9n la atenci\u00f3n y el buen trato dispuesto por parte de los funcionarios e integrantes del Ministerio de Obras P\u00fablicas, entre ellos el ministro Juan Ram\u00f3n Garay\u201d, concluy\u00f3.<\/p>\n<div class=\"sharedaddy sd-sharing-enabled\"><div class=\"robots-nocontent sd-block sd-social sd-social-icon sd-sharing\"><h3 class=\"sd-title\">Comparte esto:<\/h3><div class=\"sd-content\"><ul><li class=\"share-twitter\"><a rel=\"nofollow noopener noreferrer\" data-shared=\"sharing-twitter-20618\" class=\"share-twitter sd-button share-icon no-text\" href=\"http:\/\/www.rtvnoticias.com.ar\/?p=20618&amp;share=twitter\" target=\"_blank\" title=\"Haz clic para compartir en Twitter\"><span><\/span><span class=\"sharing-screen-reader-text\">Haz clic para compartir en Twitter (Se abre en una ventana nueva)<\/span><\/a><\/li><li class=\"share-facebook\"><a rel=\"nofollow noopener noreferrer\" data-shared=\"sharing-facebook-20618\" class=\"share-facebook sd-button share-icon no-text\" href=\"http:\/\/www.rtvnoticias.com.ar\/?p=20618&amp;share=facebook\" target=\"_blank\" title=\"Haz clic para compartir en Facebook\"><span><\/span><span class=\"sharing-screen-reader-text\">Haz clic para compartir en Facebook (Se abre en una ventana nueva)<\/span><\/a><\/li><li class=\"share-jetpack-whatsapp\"><a rel=\"nofollow noopener noreferrer\" data-shared=\"\" class=\"share-jetpack-whatsapp sd-button share-icon no-text\" href=\"http:\/\/www.rtvnoticias.com.ar\/?p=20618&amp;share=jetpack-whatsapp\" target=\"_blank\" title=\"Haz clic para compartir en WhatsApp\"><span><\/span><span class=\"sharing-screen-reader-text\">Haz clic para compartir en WhatsApp (Se abre en una ventana nueva)<\/span><\/a><\/li><li class=\"share-telegram\"><a rel=\"nofollow noopener noreferrer\" data-shared=\"\" class=\"share-telegram sd-button share-icon no-text\" href=\"http:\/\/www.rtvnoticias.com.ar\/?p=20618&amp;share=telegram\" target=\"_blank\" title=\"Haz clic para compartir en Telegram\"><span><\/span><span class=\"sharing-screen-reader-text\">Haz clic para compartir en Telegram (Se abre en una ventana nueva)<\/span><\/a><\/li><li class=\"share-end\"><\/li><\/ul><\/div><\/div><\/div>","protected":false},"excerpt":{"rendered":"<p>A trav\u00e9s de la Secretar\u00eda de Planificaci\u00f3n y Gesti\u00f3n Urbana, el Municipio de la ciudad particip\u00f3 de varias reuniones en la ciudad de Santa Rosa,<\/p>\n<div class=\"sharedaddy sd-sharing-enabled\"><div class=\"robots-nocontent sd-block sd-social sd-social-icon sd-sharing\"><h3 class=\"sd-title\">Comparte esto:<\/h3><div class=\"sd-content\"><ul><li class=\"share-twitter\"><a rel=\"nofollow noopener noreferrer\" data-shared=\"sharing-twitter-20618\" class=\"share-twitter sd-button share-icon no-text\" href=\"http:\/\/www.rtvnoticias.com.ar\/?p=20618&amp;share=twitter\" target=\"_blank\" title=\"Haz clic para compartir en Twitter\"><span><\/span><span class=\"sharing-screen-reader-text\">Haz clic para compartir en Twitter (Se abre en una ventana nueva)<\/span><\/a><\/li><li class=\"share-facebook\"><a rel=\"nofollow noopener noreferrer\" data-shared=\"sharing-facebook-20618\" class=\"share-facebook sd-button share-icon no-text\" href=\"http:\/\/www.rtvnoticias.com.ar\/?p=20618&amp;share=facebook\" target=\"_blank\" title=\"Haz clic para compartir en Facebook\"><span><\/span><span class=\"sharing-screen-reader-text\">Haz clic para compartir en Facebook (Se abre en una ventana nueva)<\/span><\/a><\/li><li class=\"share-jetpack-whatsapp\"><a rel=\"nofollow noopener noreferrer\" data-shared=\"\" class=\"share-jetpack-whatsapp sd-button share-icon no-text\" href=\"http:\/\/www.rtvnoticias.com.ar\/?p=20618&amp;share=jetpack-whatsapp\" target=\"_blank\" title=\"Haz clic para compartir en WhatsApp\"><span><\/span><span class=\"sharing-screen-reader-text\">Haz clic para compartir en WhatsApp (Se abre en una ventana nueva)<\/span><\/a><\/li><li class=\"share-telegram\"><a rel=\"nofollow noopener noreferrer\" data-shared=\"\" class=\"share-telegram sd-button share-icon no-text\" href=\"http:\/\/www.rtvnoticias.com.ar\/?p=20618&amp;share=telegram\" target=\"_blank\" title=\"Haz clic para compartir en Telegram\"><span><\/span><span class=\"sharing-screen-reader-text\">Haz clic para compartir en Telegram (Se abre en una ventana nueva)<\/span><\/a><\/li><li class=\"share-end\"><\/li><\/ul><\/div><\/div><\/div>","protected":false},"author":7,"featured_media":20620,"comment_status":"closed","ping_status":"closed","sticky":false,"template":"","format":"standard","meta":{"spay_email":"","jetpack_publicize_message":"","jetpack_is_tweetstorm":false,"jetpack_publicize_feature_enabled":true},"categories":[3],"tags":[],"jetpack_featured_media_url":"http:\/\/www.rtvnoticias.com.ar\/wp-content\/uploads\/2020\/04\/obras.jpg","jetpack_publicize_connections":[],"jetpack_sharing_enabled":true,"_links":{"self":[{"href":"http:\/\/www.rtvnoticias.com.ar\/index.php?rest_route=\/wp\/v2\/posts\/20618"}],"collection":[{"href":"http:\/\/www.rtvnoticias.com.ar\/index.php?rest_route=\/wp\/v2\/posts"}],"about":[{"href":"http:\/\/www.rtvnoticias.com.ar\/index.php?rest_route=\/wp\/v2\/types\/post"}],"author":[{"embeddable":true,"href":"http:\/\/www.rtvnoticias.com.ar\/index.php?rest_route=\/wp\/v2\/users\/7"}],"replies":[{"embeddable":true,"href":"http:\/\/www.rtvnoticias.com.ar\/index.php?rest_route=%2Fwp%2Fv2%2Fcomments&post=20618"}],"version-history":[{"count":1,"href":"http:\/\/www.rtvnoticias.com.ar\/index.php?rest_route=\/wp\/v2\/posts\/20618\/revisions"}],"predecessor-version":[{"id":20621,"href":"http:\/\/www.rtvnoticias.com.ar\/index.php?rest_route=\/wp\/v2\/posts\/20618\/revisions\/20621"}],"wp:featuredmedia":[{"embeddable":true,"href":"http:\/\/www.rtvnoticias.com.ar\/index.php?rest_route=\/wp\/v2\/media\/20620"}],"wp:attachment":[{"href":"http:\/\/www.rtvnoticias.com.ar\/index.php?rest_route=%2Fwp%2Fv2%2Fmedia&parent=20618"}],"wp:term":[{"taxonomy":"category","embeddable":true,"href":"http:\/\/www.rtvnoticias.com.ar\/index.php?rest_route=%2Fwp%2Fv2%2Fcategories&post=20618"},{"taxonomy":"post_tag","embeddable":true,"href":"http:\/\/www.rtvnoticias.com.ar\/index.php?rest_route=%2Fwp%2Fv2%2Ftags&post=20618"}],"curies":[{"name":"wp","href":"https:\/\/api.w.org\/{rel}","templated":true}]}}