{"id":20714,"date":"2020-05-02T11:46:04","date_gmt":"2020-05-02T14:46:04","guid":{"rendered":"http:\/\/www.rtvnoticias.com.ar\/?p=20714"},"modified":"2020-05-02T11:51:52","modified_gmt":"2020-05-02T14:51:52","slug":"es-fundamental-la-reactivacion-comercial-por-eso-debemos-multiplicar-la-responsabilidad-social-afirmo-daniel-lopez","status":"publish","type":"post","link":"http:\/\/www.rtvnoticias.com.ar\/?p=20714","title":{"rendered":"\u201cEs fundamental la reactivaci\u00f3n comercial, por eso debemos multiplicar la responsabilidad social\u201d, afirm\u00f3 Daniel L\u00f3pez"},"content":{"rendered":"\n<p>El presidente del Concejo Deliberante de esta ciudad asegur\u00f3 que es fundamental la reactivaci\u00f3n comercial y laboral, por lo que llam\u00f3 a tener una gran responsabilidad social con la apertura que se ha realizado de la cuarentena.<\/p>\n\n\n\n<p>\u00bb Acomp\u00e1\u00f1anos desde este poder legislativo al decreto provincial, la decisi\u00f3n del gobernador y de su equipo en avanzar en esta cuarentena focalizada, a partir de la administraci\u00f3n de d\u00edas y horarios. Es fundamental la reactivaci\u00f3n de la actividad comercial y laboral, por eso debemos multiplicar la responsabilidad social\u201d, afirm\u00f3 el presidente del Concejo Deliberante de General Pico. <\/p>\n\n\n\n<p>Luego de una nueva sesi\u00f3n del Concejo Deliberante donde General Pico adhiri\u00f3 al Decreto Provincial N\u00b0 764 en el marco de<strong>&nbsp;<\/strong>la cuarentena focalizada ante la pandemia de COVID-19, Daniel L\u00f3pez, vice intendente de la ciudad realiz\u00f3 un repaso por lo acontecido.<\/p>\n\n\n\n<p>Sobre la sexta sesi\u00f3n ordinaria que tuvo lugar el d\u00eda jueves mencion\u00f3 que \u201ctuvimos una nueva sesi\u00f3n con varios puntos a tratar pero sin lugar a dudas&nbsp;esper\u00e1bamos&nbsp;el decreto de la provincia para la incorporaci\u00f3n de las nuevas excepciones que hab\u00eda anunciado el Gobernador, Sergio Ziliotto\u201d, comenz\u00f3 explicando Daniel L\u00f3pez.<\/p>\n\n\n\n<p>La sexta sesi\u00f3n cont\u00f3 con el tratamiento de 25 puntos y con el pase a un cuarto intermedio que se retom\u00f3 en horas de la tarde una vez que se dispuso del decreto, al que el Concejo Deliberante aprob\u00f3 su adhesi\u00f3n por unanimidad, frente a esto el presidente del cuerpo expres\u00f3, \u201cNuevamente todos los sectores pol\u00edticos de este Concejo entienden y acompa\u00f1an este tipo de medidas y apoyan con el fin de dar respuestas r\u00e1pidamente a la ciudadan\u00eda en general&nbsp; y a los distintos sectores afectados por la pandemia\u201d.<\/p>\n\n\n\n<p>El vice intendente adem\u00e1s cont\u00f3 que \u201cNos hicimos eco de las solicitudes de la c\u00e1mara de comercio y de todo ese sector que ven\u00eda consultando y permanentemente presentando propuestas para analizar tanto institucionalmente c\u00f3mo as\u00ed tambi\u00e9n en el comit\u00e9 de crisis local. Tambi\u00e9n el di\u00e1logo estuvo con los representantes de los empleados de comercio, todo esto siempre lo \u00edbamos analizando y abordando con el departamento ejecutivo municipal, para ir resolviendo los pasos a dar y c\u00f3mo gestionar determinado pedidos e impulsar otros a nivel local\u201d.<\/p>\n\n\n\n<p><strong>&nbsp;<\/strong>\u201cDesde el punto de vista sanitario estas medidas pudieron tomarse, esperemos que sigamos entendiendo el cuidado entre todas y todos los ciudadanos para poder sostener esta cuarentena focalizada y principalmente para preservar la salud de los y las p\u00edquenses\u201d, destac\u00f3 L\u00f3pez.<br><\/p>\n<div class=\"sharedaddy sd-sharing-enabled\"><div class=\"robots-nocontent sd-block sd-social sd-social-icon sd-sharing\"><h3 class=\"sd-title\">Comparte esto:<\/h3><div class=\"sd-content\"><ul><li class=\"share-twitter\"><a rel=\"nofollow noopener noreferrer\" data-shared=\"sharing-twitter-20714\" class=\"share-twitter sd-button share-icon no-text\" href=\"http:\/\/www.rtvnoticias.com.ar\/?p=20714&amp;share=twitter\" target=\"_blank\" title=\"Haz clic para compartir en Twitter\"><span><\/span><span class=\"sharing-screen-reader-text\">Haz clic para compartir en Twitter (Se abre en una ventana nueva)<\/span><\/a><\/li><li class=\"share-facebook\"><a rel=\"nofollow noopener noreferrer\" data-shared=\"sharing-facebook-20714\" class=\"share-facebook sd-button share-icon no-text\" href=\"http:\/\/www.rtvnoticias.com.ar\/?p=20714&amp;share=facebook\" target=\"_blank\" title=\"Haz clic para compartir en Facebook\"><span><\/span><span class=\"sharing-screen-reader-text\">Haz clic para compartir en Facebook (Se abre en una ventana nueva)<\/span><\/a><\/li><li class=\"share-jetpack-whatsapp\"><a rel=\"nofollow noopener noreferrer\" data-shared=\"\" class=\"share-jetpack-whatsapp sd-button share-icon no-text\" href=\"http:\/\/www.rtvnoticias.com.ar\/?p=20714&amp;share=jetpack-whatsapp\" target=\"_blank\" title=\"Haz clic para compartir en WhatsApp\"><span><\/span><span class=\"sharing-screen-reader-text\">Haz clic para compartir en WhatsApp (Se abre en una ventana nueva)<\/span><\/a><\/li><li class=\"share-telegram\"><a rel=\"nofollow noopener noreferrer\" data-shared=\"\" class=\"share-telegram sd-button share-icon no-text\" href=\"http:\/\/www.rtvnoticias.com.ar\/?p=20714&amp;share=telegram\" target=\"_blank\" title=\"Haz clic para compartir en Telegram\"><span><\/span><span class=\"sharing-screen-reader-text\">Haz clic para compartir en Telegram (Se abre en una ventana nueva)<\/span><\/a><\/li><li class=\"share-end\"><\/li><\/ul><\/div><\/div><\/div>","protected":false},"excerpt":{"rendered":"<p>El presidente del Concejo Deliberante de esta ciudad asegur\u00f3 que es fundamental la reactivaci\u00f3n comercial y laboral, por lo que llam\u00f3 a tener una gran<\/p>\n<div class=\"sharedaddy sd-sharing-enabled\"><div class=\"robots-nocontent sd-block sd-social sd-social-icon sd-sharing\"><h3 class=\"sd-title\">Comparte esto:<\/h3><div class=\"sd-content\"><ul><li class=\"share-twitter\"><a rel=\"nofollow noopener noreferrer\" data-shared=\"sharing-twitter-20714\" class=\"share-twitter sd-button share-icon no-text\" href=\"http:\/\/www.rtvnoticias.com.ar\/?p=20714&amp;share=twitter\" target=\"_blank\" title=\"Haz clic para compartir en Twitter\"><span><\/span><span class=\"sharing-screen-reader-text\">Haz clic para compartir en Twitter (Se abre en una ventana nueva)<\/span><\/a><\/li><li class=\"share-facebook\"><a rel=\"nofollow noopener noreferrer\" data-shared=\"sharing-facebook-20714\" class=\"share-facebook sd-button share-icon no-text\" href=\"http:\/\/www.rtvnoticias.com.ar\/?p=20714&amp;share=facebook\" target=\"_blank\" title=\"Haz clic para compartir en Facebook\"><span><\/span><span class=\"sharing-screen-reader-text\">Haz clic para compartir en Facebook (Se abre en una ventana nueva)<\/span><\/a><\/li><li class=\"share-jetpack-whatsapp\"><a rel=\"nofollow noopener noreferrer\" data-shared=\"\" class=\"share-jetpack-whatsapp sd-button share-icon no-text\" href=\"http:\/\/www.rtvnoticias.com.ar\/?p=20714&amp;share=jetpack-whatsapp\" target=\"_blank\" title=\"Haz clic para compartir en WhatsApp\"><span><\/span><span class=\"sharing-screen-reader-text\">Haz clic para compartir en WhatsApp (Se abre en una ventana nueva)<\/span><\/a><\/li><li class=\"share-telegram\"><a rel=\"nofollow noopener noreferrer\" data-shared=\"\" class=\"share-telegram sd-button share-icon no-text\" href=\"http:\/\/www.rtvnoticias.com.ar\/?p=20714&amp;share=telegram\" target=\"_blank\" title=\"Haz clic para compartir en Telegram\"><span><\/span><span class=\"sharing-screen-reader-text\">Haz clic para compartir en Telegram (Se abre en una ventana nueva)<\/span><\/a><\/li><li class=\"share-end\"><\/li><\/ul><\/div><\/div><\/div>","protected":false},"author":5,"featured_media":20717,"comment_status":"closed","ping_status":"closed","sticky":false,"template":"","format":"standard","meta":{"spay_email":"","jetpack_publicize_message":"","jetpack_is_tweetstorm":false,"jetpack_publicize_feature_enabled":true},"categories":[3,1],"tags":[3163],"jetpack_featured_media_url":"http:\/\/www.rtvnoticias.com.ar\/wp-content\/uploads\/2020\/05\/l\u00f3pez-pte.jpg","jetpack_publicize_connections":[],"jetpack_sharing_enabled":true,"_links":{"self":[{"href":"http:\/\/www.rtvnoticias.com.ar\/index.php?rest_route=\/wp\/v2\/posts\/20714"}],"collection":[{"href":"http:\/\/www.rtvnoticias.com.ar\/index.php?rest_route=\/wp\/v2\/posts"}],"about":[{"href":"http:\/\/www.rtvnoticias.com.ar\/index.php?rest_route=\/wp\/v2\/types\/post"}],"author":[{"embeddable":true,"href":"http:\/\/www.rtvnoticias.com.ar\/index.php?rest_route=\/wp\/v2\/users\/5"}],"replies":[{"embeddable":true,"href":"http:\/\/www.rtvnoticias.com.ar\/index.php?rest_route=%2Fwp%2Fv2%2Fcomments&post=20714"}],"version-history":[{"count":2,"href":"http:\/\/www.rtvnoticias.com.ar\/index.php?rest_route=\/wp\/v2\/posts\/20714\/revisions"}],"predecessor-version":[{"id":20718,"href":"http:\/\/www.rtvnoticias.com.ar\/index.php?rest_route=\/wp\/v2\/posts\/20714\/revisions\/20718"}],"wp:featuredmedia":[{"embeddable":true,"href":"http:\/\/www.rtvnoticias.com.ar\/index.php?rest_route=\/wp\/v2\/media\/20717"}],"wp:attachment":[{"href":"http:\/\/www.rtvnoticias.com.ar\/index.php?rest_route=%2Fwp%2Fv2%2Fmedia&parent=20714"}],"wp:term":[{"taxonomy":"category","embeddable":true,"href":"http:\/\/www.rtvnoticias.com.ar\/index.php?rest_route=%2Fwp%2Fv2%2Fcategories&post=20714"},{"taxonomy":"post_tag","embeddable":true,"href":"http:\/\/www.rtvnoticias.com.ar\/index.php?rest_route=%2Fwp%2Fv2%2Ftags&post=20714"}],"curies":[{"name":"wp","href":"https:\/\/api.w.org\/{rel}","templated":true}]}}